{"id":587475,"date":"2025-12-09T01:07:14","date_gmt":"2025-12-09T01:07:14","guid":{"rendered":"https:\/\/www.europesays.com\/fr\/587475\/"},"modified":"2025-12-09T01:07:14","modified_gmt":"2025-12-09T01:07:14","slug":"previsions-du-mardi-9-decembre-2025-7","status":"publish","type":"post","link":"https:\/\/www.europesays.com\/fr\/587475\/","title":{"rendered":"pr\u00e9visions du mardi 9 d\u00e9cembre 2025"},"content":{"rendered":"<p>Le ciel de Lille sera relativement lumineux, avec quelques \u00e9claircies aujourd&rsquo;hui. Les valeurs s&rsquo;\u00e9chelonneront entre 10 et 13\u00b0C. La ville sera touch\u00e9e par un vent de sud de 24 km\/h. Les temp\u00e9ratures afficheront entre 10 et 13\u00b0C le matin. Les valeurs seront de 12\u00b0C au minimum et de 13\u00b0C au plus haut l&rsquo;apr\u00e8s-midi. Des \u00e9claircies sont pr\u00e9vues : on passera une soir\u00e9e agr\u00e9able. Les temp\u00e9ratures seront comprises entre 12 et 13\u00b0C. On passera de mardi \u00e0 mercredi par une nuit claire.<\/p>\n<p>Demain, une diminution du mercure est attendue \u00e0 Lille. Les valeurs s&rsquo;\u00e9chelonneront entre 8 et 13\u00b0C. Un vent de sud-ouest soufflera \u00e0 27 km\/h. Le matin, le soleil sera dissimul\u00e9 derri\u00e8re des nuages. Les temp\u00e9ratures afficheront entre 12 et 13\u00b0C. On pr\u00e9voit une embellie pour cet apr\u00e8s-midi. Les valeurs seront comprises entre 10\u00b0C et 13\u00b0C.<\/p>\n<p>Peu d&rsquo;\u00e9volutions pour la suite. Une m\u00e9t\u00e9o ensoleill\u00e9e, pour des temp\u00e9ratures de 9\u00b0C en moyenne, est \u00e0 pr\u00e9voir.<\/p>\n<p><\/p>\n","protected":false},"excerpt":{"rendered":"Le ciel de Lille sera relativement lumineux, avec quelques \u00e9claircies aujourd&rsquo;hui. Les valeurs s&rsquo;\u00e9chelonneront entre 10 et 13\u00b0C.&hellip;\n","protected":false},"author":2,"featured_media":587476,"comment_status":"","ping_status":"","sticky":false,"template":"","format":"standard","meta":{"footnotes":""},"categories":[2815],"tags":[1111,11,1777,674,1011,27,811,1307,12,2119,25],"class_list":{"0":"post-587475","1":"post","2":"type-post","3":"status-publish","4":"format-standard","5":"has-post-thumbnail","7":"category-lille","8":"tag-actu","9":"tag-actualites","10":"tag-eu","11":"tag-europe","12":"tag-fr","13":"tag-france","14":"tag-hauts-de-france","15":"tag-lille","16":"tag-news","17":"tag-previsions-meteo","18":"tag-republique-francaise"},"share_on_mastodon":{"url":"https:\/\/pubeurope.com\/@fr\/115686935353306367","error":""},"_links":{"self":[{"href":"https:\/\/www.europesays.com\/fr\/wp-json\/wp\/v2\/posts\/587475","targetHints":{"allow":["GET"]}}],"collection":[{"href":"https:\/\/www.europesays.com\/fr\/wp-json\/wp\/v2\/posts"}],"about":[{"href":"https:\/\/www.europesays.com\/fr\/wp-json\/wp\/v2\/types\/post"}],"author":[{"embeddable":true,"href":"https:\/\/www.europesays.com\/fr\/wp-json\/wp\/v2\/users\/2"}],"replies":[{"embeddable":true,"href":"https:\/\/www.europesays.com\/fr\/wp-json\/wp\/v2\/comments?post=587475"}],"version-history":[{"count":0,"href":"https:\/\/www.europesays.com\/fr\/wp-json\/wp\/v2\/posts\/587475\/revisions"}],"wp:featuredmedia":[{"embeddable":true,"href":"https:\/\/www.europesays.com\/fr\/wp-json\/wp\/v2\/media\/587476"}],"wp:attachment":[{"href":"https:\/\/www.europesays.com\/fr\/wp-json\/wp\/v2\/media?parent=587475"}],"wp:term":[{"taxonomy":"category","embeddable":true,"href":"https:\/\/www.europesays.com\/fr\/wp-json\/wp\/v2\/categories?post=587475"},{"taxonomy":"post_tag","embeddable":true,"href":"https:\/\/www.europesays.com\/fr\/wp-json\/wp\/v2\/tags?post=587475"}],"curies":[{"name":"wp","href":"https:\/\/api.w.org\/{rel}","templated":true}]}}