{"id":587480,"date":"2025-12-09T01:10:32","date_gmt":"2025-12-09T01:10:32","guid":{"rendered":"https:\/\/www.europesays.com\/fr\/587480\/"},"modified":"2025-12-09T01:10:32","modified_gmt":"2025-12-09T01:10:32","slug":"les-buralistes-de-la-region-equipes-dun-nouveau-bouton-dalerte","status":"publish","type":"post","link":"https:\/\/www.europesays.com\/fr\/587480\/","title":{"rendered":"les buralistes de la r\u00e9gion \u00e9quip\u00e9s d\u2019un nouveau bouton d\u2019alerte"},"content":{"rendered":"<p>Ce lundi 8 d\u00e9cembre \u00e0 l\u2019H\u00f4tel de R\u00e9gion de Lyon, la collectivit\u00e9 a remis\u00a0\u00ab\u00a0les 200 premiers boutons d\u2019alerte \u00e0 titre gracieux aux buralistes de la r\u00e9gion\u00a0\u00bb. Une d\u00e9cision pr\u00e9sent\u00e9e par Fabrice Pannekoucke, pr\u00e9sident de la R\u00e9gion Auvergne-Rh\u00f4ne-Alpes, comme une r\u00e9ponse imm\u00e9diate \u00e0 une profession \u00ab\u00a0confront\u00e9e quotidiennement \u00e0 des situations d\u2019ins\u00e9curit\u00e9\u00a0\u00bbli\u00e9es \u00e0 \u00ab\u00a0la hausse des actes de d\u00e9linquance li\u00e9s au trafic ill\u00e9gal de tabac.\u00a0\u00bb<\/p>\n<p>La R\u00e9gion Auvergne-Rh\u00f4ne-Alpes rappelle que d\u2019autres distributions suivront \u00ab\u00a0en d\u00e9but d\u2019ann\u00e9e, afin que chaque buraliste b\u00e9n\u00e9fice du dispositif.\u00a0\u00bb En Auvergne-Rh\u00f4ne-Alpes, 2 671 buralistes composent le premier r\u00e9seau de commerce de proximit\u00e9, dont \u00ab\u00a045 % en milieu rural.\u00a0\u00bb La R\u00e9gion souligne qu\u2019\u00e0 l\u2019\u00e9chelle du pays, \u00ab\u00a0pr\u00e8s de 22 800 buralistes accueillent chaque jour pr\u00e8s de 10 millions de clients.\u00a0\u00bb<\/p>\n<p>L\u2019institution met en avant l\u2019ampleur de la contrebande, qui \u00ab\u00a0gangr\u00e8ne nos villes\u00a0\u00bb. Selon elle, dans plusieurs d\u00e9partements du territoire \u00ab\u00a0dont le Rh\u00f4ne et la Loire, une part importante de la consommation \u00e9chappe au r\u00e9seau officiel\u00a0\u00bb et certaines zones, \u00ab\u00a0notamment Lyon, sont devenues de v\u00e9ritables plaques tournantes\u00a0\u00bb. Une situation qui \u00ab\u00a0encourage le trafic, nourrit l\u2019ins\u00e9curit\u00e9 et les braquages\u00a0\u00bb, citant notamment \u00ab\u00a0celui survenu dans un tabac-presse de Montlu\u00e7on fin novembre\u00a0\u00bb ou encore \u00ab\u00a0\u00e0 Lyon en septembre, chez un buraliste du quartier de Confluence.\u00a0\u00bb<\/p>\n<p><img loading=\"lazy\" decoding=\"async\" style=\"display: block; margin-left: auto; margin-right: auto;\" src=\"https:\/\/www.europesays.com\/fr\/wp-content\/uploads\/2025\/12\/capture-d-ecran-2025-12-08-a-17-03-07-74281.png\" alt=\"\" width=\"600\" height=\"250\"\/><\/p>\n<p>\u00ab\u00a0Signaler rapidement toute situation d\u2019urgence\u00a0\u00bb<\/p>\n<p>Fabrice Pannekoucke justifie cette nouvelle mesure s\u00e9curitaire : \u00ab\u00a0Dans la situation que connaissent nos territoires, la R\u00e9gion assume de donner la priorit\u00e9 \u00e0 la s\u00e9curit\u00e9. Cette pression qui p\u00e8se sur les buralistes rend n\u00e9cessaire un soutien concret et imm\u00e9diat\u00a0\u00bb.<\/p>\n<p>Face \u00e0 cette \u00ab\u00a0recrudescence d\u2019actes malveillants,\u00a0\u00bb la R\u00e9gion dit avoir fait \u00ab\u00a0le choix de distribuer gratuitement 200 premiers boutons d\u2019alerte aux buralistes [\u2026] accompagn\u00e9s d\u2019une signal\u00e9tique de dissuasion.\u00a0\u00bb L\u2019objectif affich\u00e9 consiste \u00e0 permettre aux professionnels \u00ab\u00a0de signaler rapidement toute situation d\u2019urgence et de renforcer leur s\u00e9curit\u00e9.\u00a0\u00bb<\/p>\n<p>Comment \u00e7a fonctionne ? \u00ab\u00a0Ces petits m\u00e9canismes permettent d\u2019envoyer un SMS g\u00e9olocalis\u00e9 \u00e0 5 proches simultan\u00e9ment, d\u2019enregistrer les bruits et de d\u00e9tecter les chutes. Ils ont le grand avantage de pouvoir \u00eatre port\u00e9s de mani\u00e8re tr\u00e8s peu visible et de permettre aux commer\u00e7ants de nouer un lien avec l\u2019ext\u00e9rieur en toute discr\u00e9tion.\u00a0\u00bb Leur capacit\u00e9 technique est aussi destin\u00e9e \u00e0 faciliter les enqu\u00eates : \u00ab\u00a0Leur capacit\u00e9 d\u2019enregistrement et de d\u00e9tection des chutes permet d\u2019obtenir des \u00e9l\u00e9ments mat\u00e9riels lors de proc\u00e9dures judiciaires.\u00a0\u00bb<\/p>\n<p>L\u2019appareil est con\u00e7u par l\u2019entreprise Monsherif, install\u00e9e \u00e0 Marcilly-d\u2019Azergues, qui \u00ab\u00a0les produit et fabrique dans la r\u00e9gion.\u00a0\u00bb La R\u00e9gion insiste sur l\u2019efficacit\u00e9 du dispositif, d\u00e9j\u00e0 \u00e9prouv\u00e9 : \u00ab\u00a0Avec plus de 2 000 boutons d\u2019alerte d\u00e9j\u00e0 distribu\u00e9s par la R\u00e9gion (aux associations accompagnant les femmes victimes de violences, aux \u00e9tablissements scolaires juifs\u2026), ce dispositif a largement fait ses preuves aupr\u00e8s de nombreux publics.\u00a0\u00bb<\/p>\n","protected":false},"excerpt":{"rendered":"Ce lundi 8 d\u00e9cembre \u00e0 l\u2019H\u00f4tel de R\u00e9gion de Lyon, la collectivit\u00e9 a remis\u00a0\u00ab\u00a0les 200 premiers boutons d\u2019alerte&hellip;\n","protected":false},"author":2,"featured_media":587481,"comment_status":"","ping_status":"","sticky":false,"template":"","format":"standard","meta":{"footnotes":""},"categories":[1889],"tags":[1111,11,2813,2190,2430,1109,251,1112,2811,1777,674,118,1011,27,1922,1110,1114,2428,2810,12,241,316,25,2812,517,800],"class_list":{"0":"post-587480","1":"post","2":"type-post","3":"status-publish","4":"format-standard","5":"has-post-thumbnail","7":"category-lyon","8":"tag-actu","9":"tag-actualites","10":"tag-article","11":"tag-asvel","12":"tag-auvergne-rhone-alpes","13":"tag-breves","14":"tag-culture","15":"tag-depeches","16":"tag-economique","17":"tag-eu","18":"tag-europe","19":"tag-faits-divers","20":"tag-fr","21":"tag-france","22":"tag-info","23":"tag-informations","24":"tag-infos","25":"tag-lyon","26":"tag-lyonmag","27":"tag-news","28":"tag-ol","29":"tag-politique","30":"tag-republique-francaise","31":"tag-sociale","32":"tag-sport","33":"tag-transports"},"share_on_mastodon":{"url":"https:\/\/pubeurope.com\/@fr\/115686948140555883","error":""},"_links":{"self":[{"href":"https:\/\/www.europesays.com\/fr\/wp-json\/wp\/v2\/posts\/587480","targetHints":{"allow":["GET"]}}],"collection":[{"href":"https:\/\/www.europesays.com\/fr\/wp-json\/wp\/v2\/posts"}],"about":[{"href":"https:\/\/www.europesays.com\/fr\/wp-json\/wp\/v2\/types\/post"}],"author":[{"embeddable":true,"href":"https:\/\/www.europesays.com\/fr\/wp-json\/wp\/v2\/users\/2"}],"replies":[{"embeddable":true,"href":"https:\/\/www.europesays.com\/fr\/wp-json\/wp\/v2\/comments?post=587480"}],"version-history":[{"count":0,"href":"https:\/\/www.europesays.com\/fr\/wp-json\/wp\/v2\/posts\/587480\/revisions"}],"wp:featuredmedia":[{"embeddable":true,"href":"https:\/\/www.europesays.com\/fr\/wp-json\/wp\/v2\/media\/587481"}],"wp:attachment":[{"href":"https:\/\/www.europesays.com\/fr\/wp-json\/wp\/v2\/media?parent=587480"}],"wp:term":[{"taxonomy":"category","embeddable":true,"href":"https:\/\/www.europesays.com\/fr\/wp-json\/wp\/v2\/categories?post=587480"},{"taxonomy":"post_tag","embeddable":true,"href":"https:\/\/www.europesays.com\/fr\/wp-json\/wp\/v2\/tags?post=587480"}],"curies":[{"name":"wp","href":"https:\/\/api.w.org\/{rel}","templated":true}]}}