{"id":587492,"date":"2025-12-09T01:17:42","date_gmt":"2025-12-09T01:17:42","guid":{"rendered":"https:\/\/www.europesays.com\/fr\/587492\/"},"modified":"2025-12-09T01:17:42","modified_gmt":"2025-12-09T01:17:42","slug":"voici-a-quoi-ressembleront-les-prochains-vitraux-qui-ont-tant-fait-debat","status":"publish","type":"post","link":"https:\/\/www.europesays.com\/fr\/587492\/","title":{"rendered":"voici \u00e0 quoi ressembleront les prochains vitraux, qui ont tant fait d\u00e9bat"},"content":{"rendered":"<p>        <img decoding=\"async\" loading=\"lazy\" src=\"https:\/\/www.europesays.com\/fr\/wp-content\/uploads\/2025\/12\/ef55fea_upload-1-0vzgtgkgzs3b-afp-20251207-hl-ebroncard-2983194-v1-highres-franceoneyearsincenotreda.jpeg\"  width=\"728\" height=\"410\" alt=\"Des touristes faisant la queue pour entrer a l\u2019interieur de Notre-Dame, \u00e0 Paris, le 6\u00a0d\u00e9cembre 2025.\"\/>  <\/p>\n<p>ERIC BRONCARD \/ Hans Lucas via AFP<\/p>\n<p>Des touristes faisant la queue pour entrer a l\u2019interieur de Notre-Dame, \u00e0 Paris, le 6\u00a0d\u00e9cembre 2025.<\/p>\n<p class=\"asset asset-text\">Nouvelle \u00e9tape dans la poursuite de la restauration de Notre-Dame. \u00c0 partir de ce mercredi 10\u00a0d\u00e9cembre au Grand Palais \u00e0 Paris, <a href=\"https:\/\/www.huffingtonpost.fr\/culture\/article\/notre-dame-de-paris-claire-tabouret-choisie-pour-realiser-les-nouveaux-vitraux-de-la-cathedrale_243735.html\" target=\"_blank\" rel=\"noopener\">la plasticienne Claire Tabouret<\/a> expose <a href=\"https:\/\/www.huffingtonpost.fr\/culture\/article\/notre-dame-les-vitraux-contemporains-finalement-valides-pour-la-cathedrale_251335.html\" target=\"_blank\" rel=\"noopener\">les vitraux contemporains<\/a> qui seront install\u00e9s dans la cath\u00e9drale fin 2026.<\/p>\n<p class=\"asset asset-text\">Ceux-ci doivent remplacer six des sept baies du bas-c\u00f4t\u00e9 sud de l\u2019architecte Eug\u00e8ne Viollet-le-Duc. Le travail de Claire Tabouret, qui avait remport\u00e9 la consultation lanc\u00e9e par le minist\u00e8re de la Culture, sera expos\u00e9 jusqu\u2019au 10\u00a0mars\u00a02026\u00a0dans la galerie 10.2 de l\u2019\u00e9tablissement culturel qui jouxte l\u2019avenue des Champs-\u00c9lys\u00e9es.<\/p>\n<p class=\"asset asset-text\">N\u00e9e en 1981, Claire Tabouret l\u2019avait emport\u00e9 en d\u00e9cembre\u00a02024 devant des pointures telles que Daniel Buren, Jean-Michel Alberola, Yan Pei-Ming ou G\u00e9rard Traquandi, <a href=\"https:\/\/www.nouvelobs.com\/culture\/20251208.OBS110478\/les-vitraux-controverses-de-notre-dame-de-paris-se-devoilent-en-majeste-au-grand-palais.html\" target=\"_blank\" rel=\"noopener\" title=\"Nouvelle fen\u00eatre\">rappelle Le Nouvel Obs<\/a>.<\/p>\n<p class=\"asset asset-text\">Sur place, vous ne verrez pas les vrais vitraux &#8211; qui sont en cours de fabrication dans un atelier \u00e0 Reims &#8211; mais plut\u00f4t les \u00ab\u00a0cartons\u00a0\u00bb, ou les esquisses pr\u00e9sent\u00e9es au jury, ainsi que des travaux pr\u00e9paratoires.<\/p>\n<p>                          <img decoding=\"async\" loading=\"lazy\" src=\"https:\/\/www.europesays.com\/fr\/wp-content\/uploads\/2025\/12\/6a58031_upload-1-0kdfyagcsvyt-afp-20251208-hl-rmilani-2984043-v1-highres-fraparisexpotabouretsouffle.jpeg\"  width=\"728\" height=\"486\" alt=\"Exhibition D\u2019un seul souffle (In One Breath) by Claire Tabouret at Galerie 10.2 of the Grand Palais in Paris, France, on December 8, 2025.\"\/>  <\/p>\n<p>RICCARDO MILANI \/ Hans Lucas via AFP<\/p>\n<p>Exhibition D\u2019un seul souffle (In One Breath) by Claire Tabouret at Galerie 10.2 of the Grand Palais in Paris, France, on December 8, 2025.<\/p>\n<p>              <img decoding=\"async\" loading=\"lazy\" src=\"https:\/\/www.europesays.com\/fr\/wp-content\/uploads\/2025\/12\/ebb28e8_upload-1-jzczhmcmbn3h-afp-20251208-hl-rmilani-2984041-v1-highres-fraparisexpotabouretsouffle.jpeg\"  width=\"728\" height=\"484\" alt=\"Exhibition D\u2019un seul souffle (In One Breath) by Claire Tabouret at Galerie 10.2 of the Grand Palais in Paris, France, on December 8, 2025.\"\/>  <\/p>\n<p>RICCARDO MILANI \/ Hans Lucas via AFP<\/p>\n<p>Exhibition D\u2019un seul souffle (In One Breath) by Claire Tabouret at Galerie 10.2 of the Grand Palais in Paris, France, on December 8, 2025.<\/p>\n<p>     Le th\u00e8me de \u00ab\u00a0la Pentec\u00f4te\u00a0\u00bb    <\/p>\n<p class=\"asset asset-text\">\u00ab\u00a0J\u2019ai \u00e9t\u00e9 emport\u00e9e par la beaut\u00e9, la po\u00e9sie de [le] th\u00e8me choisi par\u00a0l\u2019archev\u00eaque de Paris. Cette id\u00e9e d\u2019harmonie, d\u2019hommes qui parviennent \u00e0 s\u2019unir, \u00e0 se comprendre malgr\u00e9 la diversit\u00e9, j\u2019ai eu envie d\u2019y participer\u00a0\u00bb, <a href=\"https:\/\/www.leparisien.fr\/paris-75\/petition-recours-apres-deux-annees-de-controverse-voici-les-futurs-vitraux-de-notre-dame-de-paris-08-12-2025-WPCZ733P3ZANPLC6MDAU3ES5VM.php\" target=\"_blank\" rel=\"noopener\" title=\"Nouvelle fen\u00eatre\">confie la plasticienne au Parisien ce lundi 8\u00a0d\u00e9cembre<\/a>, \u00e0 propos de ce projet \u00e0 4\u00a0millions d\u2019euros financ\u00e9 par l\u2019\u00c9tat et dont le th\u00e8me impos\u00e9 \u00e9tait \u00ab\u00a0la Pentec\u00f4te\u00a0\u00bb.<\/p>\n<p class=\"asset asset-text\">\u00ab\u00a0Il fallait un juste \u00e9quilibre des couleurs, de la lumi\u00e8re blanche de Notre-Dame afin d\u2019\u00e9viter, par exemple, l\u2019apparition d\u2019une grande tache rouge au sol, un jour de soleil, si un rayon traverse une baie essentiellement rouge\u00a0\u00bb, explique encore Claire Tabouret.<\/p>\n<p class=\"asset asset-text\">Les\u00a0anciens vitraux qui n\u2019ont pas \u00e9t\u00e9 endommag\u00e9s apr\u00e8s l\u2019incendie de 2019 seront eux pr\u00e9serv\u00e9s. Ils pourraient \u00eatre expos\u00e9s dans un mus\u00e9e.<\/p>\n<p class=\"asset asset-text\">Un an apr\u00e8s <a href=\"https:\/\/www.huffingtonpost.fr\/france\/article\/reouverture-de-notre-dame-de-paris-securite-accueil-du-public-ce-que-l-on-sait-des-ceremonies_242999.html\" target=\"_blank\" rel=\"noopener\" title=\"Nouvelle fen\u00eatre\">sa r\u00e9ouverture<\/a>, Notre-Dame de Paris a accueilli <a href=\"https:\/\/www.huffingtonpost.fr\/culture\/article\/la-cathedrale-notre-dame-de-paris-en-route-pour-battre-son-record-de-frequentation_252273.html\" target=\"_blank\" rel=\"noopener\" title=\"Nouvelle fen\u00eatre\">environ 11\u00a0millions de visiteurs<\/a>. Mais il manque encore <a href=\"https:\/\/www.ledauphine.com\/culture-loisirs\/2025\/12\/04\/la-restauration-complete-de-notre-dame-necessite-encore-140-millions-d-euros-un-appel-aux-dons-lance\" target=\"_blank\" rel=\"noopener\" title=\"Nouvelle fen\u00eatre\">environ 140\u00a0millions d\u2019euros de dons<\/a> pour terminer la restauration d\u2019un \u00e9difice qui n\u2019\u00e9tait pas en bon \u00e9tat avant l\u2019incendie (la sacristie, les trois grandes roses\u00a0de la cath\u00e9drale, les fa\u00e7ades nord et sud du transept, le presbyt\u00e8re&#8230;).<\/p>\n","protected":false},"excerpt":{"rendered":"ERIC BRONCARD \/ Hans Lucas via AFP Des touristes faisant la queue pour entrer a l\u2019interieur de Notre-Dame,&hellip;\n","protected":false},"author":2,"featured_media":587493,"comment_status":"","ping_status":"","sticky":false,"template":"","format":"standard","meta":{"footnotes":""},"categories":[1888],"tags":[11,13601,1777,674,1011,27,12,3341,626,25],"class_list":{"0":"post-587492","1":"post","2":"type-post","3":"status-publish","4":"format-standard","5":"has-post-thumbnail","7":"category-paris","8":"tag-actualites","9":"tag-cathedrale","10":"tag-eu","11":"tag-europe","12":"tag-fr","13":"tag-france","14":"tag-news","15":"tag-notre-dame-de-paris","16":"tag-paris","17":"tag-republique-francaise"},"share_on_mastodon":{"url":"https:\/\/pubeurope.com\/@fr\/115686975461823173","error":""},"_links":{"self":[{"href":"https:\/\/www.europesays.com\/fr\/wp-json\/wp\/v2\/posts\/587492","targetHints":{"allow":["GET"]}}],"collection":[{"href":"https:\/\/www.europesays.com\/fr\/wp-json\/wp\/v2\/posts"}],"about":[{"href":"https:\/\/www.europesays.com\/fr\/wp-json\/wp\/v2\/types\/post"}],"author":[{"embeddable":true,"href":"https:\/\/www.europesays.com\/fr\/wp-json\/wp\/v2\/users\/2"}],"replies":[{"embeddable":true,"href":"https:\/\/www.europesays.com\/fr\/wp-json\/wp\/v2\/comments?post=587492"}],"version-history":[{"count":0,"href":"https:\/\/www.europesays.com\/fr\/wp-json\/wp\/v2\/posts\/587492\/revisions"}],"wp:featuredmedia":[{"embeddable":true,"href":"https:\/\/www.europesays.com\/fr\/wp-json\/wp\/v2\/media\/587493"}],"wp:attachment":[{"href":"https:\/\/www.europesays.com\/fr\/wp-json\/wp\/v2\/media?parent=587492"}],"wp:term":[{"taxonomy":"category","embeddable":true,"href":"https:\/\/www.europesays.com\/fr\/wp-json\/wp\/v2\/categories?post=587492"},{"taxonomy":"post_tag","embeddable":true,"href":"https:\/\/www.europesays.com\/fr\/wp-json\/wp\/v2\/tags?post=587492"}],"curies":[{"name":"wp","href":"https:\/\/api.w.org\/{rel}","templated":true}]}}