{"id":587501,"date":"2025-12-09T01:23:32","date_gmt":"2025-12-09T01:23:32","guid":{"rendered":"https:\/\/www.europesays.com\/fr\/587501\/"},"modified":"2025-12-09T01:23:32","modified_gmt":"2025-12-09T01:23:32","slug":"spie-a-realise-lacquisition-de-cyqueo-en-allemagne-2","status":"publish","type":"post","link":"https:\/\/www.europesays.com\/fr\/587501\/","title":{"rendered":"Spie a r\u00e9alis\u00e9 l&rsquo;acquisition de Cyqueo en Allemagne"},"content":{"rendered":"<p>        &#13;<br \/>\n            <img decoding=\"async\" src=\"https:\/\/www.europesays.com\/fr\/wp-content\/uploads\/2025\/12\/376-c.jpg\" alt=\"bourse Spie\"\/><\/p>\n<p>(Zonebourse.com) &#8211; Spie annonce l&rsquo;acquisition de Cyqueo en Allemagne. Cette op\u00e9ration permet \u00e0 Spie d&rsquo;\u00e9largir son portefeuille dans le secteur en pleine croissance de la cybers\u00e9curit\u00e9.<\/p>\n<p>Cyqueo, bas\u00e9 \u00e0 Munich, est un fournisseur de solutions sp\u00e9cialis\u00e9 en cybers\u00e9curit\u00e9.<\/p>\n<p>L&rsquo;entreprise dispose d&rsquo;un vaste r\u00e9seau de partenaires, d&rsquo;une expertise approfondie en Zero Trust, s\u00e9curit\u00e9 cloud, protection des terminaux et services de s\u00e9curit\u00e9 manag\u00e9s.<\/p>\n<p>Actuellement, 1,6 million d&rsquo;utilisateurs sont prot\u00e9g\u00e9s gr\u00e2ce aux solutions de Cyqueo.<\/p>\n<p>Cyqueo emploie 28 personnes et a r\u00e9alis\u00e9 un chiffre d&rsquo;affaires d&rsquo;environ 20 millions d&rsquo;euros en 2024.<\/p>\n<p>Rainer Hollang et Marcus H\u00e4nsel, membres du Directoire de Spie Germany Switzerland Austria ont d\u00e9clar\u00e9 : \u00a0\u00bb L&rsquo;\u00e9quipe Cyqueo apporte une expertise approfondie en cloud-native et une v\u00e9ritable passion pour la cybers\u00e9curit\u00e9, qui viendront compl\u00e9ter notre activit\u00e9 de mani\u00e8re significative. \u00ab\u00a0<\/p>\n<p>Copyright \u00a9 2025 Zonebourse.com &#8211; All rights reserved.<\/p>\n<p>&#13;<br \/>\n            &#13;<\/p>\n<p>Vous avez aim\u00e9 cet article ? Partagez-le avec vos amis avec les boutons ci-dessous.<\/p>\n<p>        <a target=\"_blank\" title=\"Twitter\" href=\"https:\/\/twitter.com\/share?url=https:\/\/www.abcbourse.com\/marches\/spie-a-realise-l-acquisition-de-cyqueo-en-allemagne_682325&amp;text=Spie a r\u00e9alis\u00e9 l&#039;acquisition de Cyqueo en Allemagne&amp;via=abcbourse\" rel=\"nofollow noopener\">&#13;<br \/>\n            <img decoding=\"async\" src=\"https:\/\/www.europesays.com\/fr\/wp-content\/uploads\/2025\/04\/share_twitter.png\" class=\"mr10\" alt=\"Twitter\"\/>&#13;<br \/>\n        <\/a><br \/>\n        <a target=\"_blank\" title=\"Facebook\" href=\"https:\/\/www.facebook.com\/sharer.php?u=https:\/\/www.abcbourse.com\/marches\/spie-a-realise-l-acquisition-de-cyqueo-en-allemagne_682325&amp;t=Spie a r\u00e9alis\u00e9 l&#039;acquisition de Cyqueo en Allemagne\" rel=\"nofollow noopener\">&#13;<br \/>\n            <img decoding=\"async\" src=\"https:\/\/www.europesays.com\/fr\/wp-content\/uploads\/2025\/10\/share_fb.png\" alt=\"Facebook\" class=\"mr10\"\/>&#13;<br \/>\n        <\/a><br \/>\n        <a target=\"_blank\" title=\"Linkedin\" href=\"https:\/\/www.linkedin.com\/shareArticle?mini=true&amp;url=https:\/\/www.abcbourse.com\/marches\/spie-a-realise-l-acquisition-de-cyqueo-en-allemagne_682325&amp;title=Spie a r\u00e9alis\u00e9 l&#039;acquisition de Cyqueo en Allemagne\" rel=\"nofollow noopener\">&#13;<br \/>\n            <img decoding=\"async\" src=\"https:\/\/www.europesays.com\/fr\/wp-content\/uploads\/2025\/04\/share_linkedin.png\" alt=\"Linkedin\" class=\"mr10\"\/>&#13;<br \/>\n        <\/a><br \/>\n        <a target=\"_blank\" title=\"Envoyer par mail\" href=\"http:\/\/www.abcbourse.com\/cdn-cgi\/l\/email-protection#152a6660777f7076612846657c7035743567d6bc74797c66d6bc357932747664607c667c617c7a7b35717035566c6460707a35707b35547979707874727b7033777a716c287d616165662f3a3a6262623b747776777a606766703b767a783a787467767d70663a66657c70387438677074797c6670387938747664607c667c617c7a7b38717038766c6460707a38707b38747979707874727b704a232d27262720\" rel=\"nofollow noopener\">&#13;<br \/>\n            <img decoding=\"async\" src=\"https:\/\/www.europesays.com\/fr\/wp-content\/uploads\/2025\/10\/share_email.png\" alt=\"email\"\/>&#13;<br \/>\n        <\/a><br \/>\n    <script async src=\"https:\/\/platform.twitter.com\/widgets.js\" charset=\"utf-8\"><\/script><\/p>\n","protected":false},"excerpt":{"rendered":"&#13; (Zonebourse.com) &#8211; Spie annonce l&rsquo;acquisition de Cyqueo en Allemagne. Cette op\u00e9ration permet \u00e0 Spie d&rsquo;\u00e9largir son portefeuille&hellip;\n","protected":false},"author":2,"featured_media":587502,"comment_status":"","ping_status":"","sticky":false,"template":"","format":"standard","meta":{"footnotes":""},"categories":[1587],"tags":[11,672,1804,1805,1803,1777,674,1801,12,1802],"class_list":{"0":"post-587501","1":"post","2":"type-post","3":"status-publish","4":"format-standard","5":"has-post-thumbnail","7":"category-allemagne","8":"tag-actualites","9":"tag-allemagne","10":"tag-bundesrepublik-deutschland","11":"tag-de","12":"tag-deutschland","13":"tag-eu","14":"tag-europe","15":"tag-germany","16":"tag-news","17":"tag-republique-federale-dallemagne"},"share_on_mastodon":{"url":"https:\/\/pubeurope.com\/@fr\/115686999203451693","error":""},"_links":{"self":[{"href":"https:\/\/www.europesays.com\/fr\/wp-json\/wp\/v2\/posts\/587501","targetHints":{"allow":["GET"]}}],"collection":[{"href":"https:\/\/www.europesays.com\/fr\/wp-json\/wp\/v2\/posts"}],"about":[{"href":"https:\/\/www.europesays.com\/fr\/wp-json\/wp\/v2\/types\/post"}],"author":[{"embeddable":true,"href":"https:\/\/www.europesays.com\/fr\/wp-json\/wp\/v2\/users\/2"}],"replies":[{"embeddable":true,"href":"https:\/\/www.europesays.com\/fr\/wp-json\/wp\/v2\/comments?post=587501"}],"version-history":[{"count":0,"href":"https:\/\/www.europesays.com\/fr\/wp-json\/wp\/v2\/posts\/587501\/revisions"}],"wp:featuredmedia":[{"embeddable":true,"href":"https:\/\/www.europesays.com\/fr\/wp-json\/wp\/v2\/media\/587502"}],"wp:attachment":[{"href":"https:\/\/www.europesays.com\/fr\/wp-json\/wp\/v2\/media?parent=587501"}],"wp:term":[{"taxonomy":"category","embeddable":true,"href":"https:\/\/www.europesays.com\/fr\/wp-json\/wp\/v2\/categories?post=587501"},{"taxonomy":"post_tag","embeddable":true,"href":"https:\/\/www.europesays.com\/fr\/wp-json\/wp\/v2\/tags?post=587501"}],"curies":[{"name":"wp","href":"https:\/\/api.w.org\/{rel}","templated":true}]}}