{"id":587503,"date":"2025-12-09T01:24:20","date_gmt":"2025-12-09T01:24:20","guid":{"rendered":"https:\/\/www.europesays.com\/fr\/587503\/"},"modified":"2025-12-09T01:24:20","modified_gmt":"2025-12-09T01:24:20","slug":"streaming-apres-cnews-prime-lancement-deurope-1-tv","status":"publish","type":"post","link":"https:\/\/www.europesays.com\/fr\/587503\/","title":{"rendered":"Streaming : apr\u00e8s CNews Prime, lancement d\u2019Europe 1 TV"},"content":{"rendered":"<p>Apr\u00e8s le lancement fin novembre de <a target=\"_blank\" rel=\"noopener\" href=\"https:\/\/fr.themedialeader.com\/cnews-mise-sur-le-streaming-en-devoilant-cnews-prime\/\">CNews Prime<\/a>, une cha\u00eene num\u00e9rique reprenant les \u00e9ditos, d\u00e9bats et contenus sociaux de CNews, c\u2019est au tour d\u2019Europe 1 de disposer d\u2019une version film\u00e9e avec Europe\u00a01\u00a0TV.<\/p>\n<p>Selon Le Monde, disponible depuis le 8 d\u00e9cembre sur les box et l\u2019univers Canal+, la cha\u00eene donnera \u00e0 voir, en images, les \u00e9missions d\u00e9j\u00e0 diffus\u00e9es \u00e0 l\u2019antenne, comme celles de Christine Kelly ou Pascal Praud, dans l\u2019espoir de capter un public moins fid\u00e8le au poste de radio traditionnel.<\/p>\n","protected":false},"excerpt":{"rendered":"Apr\u00e8s le lancement fin novembre de CNews Prime, une cha\u00eene num\u00e9rique reprenant les \u00e9ditos, d\u00e9bats et contenus sociaux&hellip;\n","protected":false},"author":2,"featured_media":587504,"comment_status":"","ping_status":"","sticky":false,"template":"","format":"standard","meta":{"footnotes":""},"categories":[1586],"tags":[11,1777,674,1011,27,12,25,128],"class_list":{"0":"post-587503","1":"post","2":"type-post","3":"status-publish","4":"format-standard","5":"has-post-thumbnail","7":"category-europe","8":"tag-actualites","9":"tag-eu","10":"tag-europe","11":"tag-fr","12":"tag-france","13":"tag-news","14":"tag-republique-francaise","15":"tag-streaming"},"share_on_mastodon":{"url":"https:\/\/pubeurope.com\/@fr\/115687002117524944","error":""},"_links":{"self":[{"href":"https:\/\/www.europesays.com\/fr\/wp-json\/wp\/v2\/posts\/587503","targetHints":{"allow":["GET"]}}],"collection":[{"href":"https:\/\/www.europesays.com\/fr\/wp-json\/wp\/v2\/posts"}],"about":[{"href":"https:\/\/www.europesays.com\/fr\/wp-json\/wp\/v2\/types\/post"}],"author":[{"embeddable":true,"href":"https:\/\/www.europesays.com\/fr\/wp-json\/wp\/v2\/users\/2"}],"replies":[{"embeddable":true,"href":"https:\/\/www.europesays.com\/fr\/wp-json\/wp\/v2\/comments?post=587503"}],"version-history":[{"count":0,"href":"https:\/\/www.europesays.com\/fr\/wp-json\/wp\/v2\/posts\/587503\/revisions"}],"wp:featuredmedia":[{"embeddable":true,"href":"https:\/\/www.europesays.com\/fr\/wp-json\/wp\/v2\/media\/587504"}],"wp:attachment":[{"href":"https:\/\/www.europesays.com\/fr\/wp-json\/wp\/v2\/media?parent=587503"}],"wp:term":[{"taxonomy":"category","embeddable":true,"href":"https:\/\/www.europesays.com\/fr\/wp-json\/wp\/v2\/categories?post=587503"},{"taxonomy":"post_tag","embeddable":true,"href":"https:\/\/www.europesays.com\/fr\/wp-json\/wp\/v2\/tags?post=587503"}],"curies":[{"name":"wp","href":"https:\/\/api.w.org\/{rel}","templated":true}]}}