{"id":587509,"date":"2025-12-09T01:27:17","date_gmt":"2025-12-09T01:27:17","guid":{"rendered":"https:\/\/www.europesays.com\/fr\/587509\/"},"modified":"2025-12-09T01:27:17","modified_gmt":"2025-12-09T01:27:17","slug":"salesconnes-devient-le-slogan-de-ces-feministes-apres-les-propos-de-brigitte-macron","status":"publish","type":"post","link":"https:\/\/www.europesays.com\/fr\/587509\/","title":{"rendered":"#salesconnes devient le slogan de ces f\u00e9ministes apr\u00e8s les propos de Brigitte Macron"},"content":{"rendered":"<p>        <img decoding=\"async\" loading=\"lazy\" src=\"https:\/\/www.europesays.com\/fr\/wp-content\/uploads\/2025\/12\/e094995_upload-1-8ese7vs3odwl-capture-d-ecran-2025-12-08-211810.png\"  width=\"728\" height=\"409\" alt=\"#salesconnes devient le slogan de ces f\u00e9ministes apr\u00e8s les propos de Brigitte Macron contre des militantes du collectif #NousToutes.\"\/>  <\/p>\n<p>Collectif #NousToutes Instagram<\/p>\n<p>#salesconnes devient le slogan de ces f\u00e9ministes apr\u00e8s les propos de Brigitte Macron contre des militantes du collectif #NousToutes.<\/p>\n<p class=\"asset asset-text\">\u00ab\u00a0Moi aussi je suis une sale conne. Et je soutiens tous.tes les autres.\u00a0\u00bb Ce message \u00e9crit par <a href=\"https:\/\/www.huffingtonpost.fr\/culture\/article\/judith-godreche-menacee-jusque-sur-les-murs-de-son-immeuble-elle-denonce-une-entreprise-d-intimidation_257623.html\" target=\"_blank\" rel=\"noopener\">Judith Godr\u00e8che<\/a>, com\u00e9dienne\u00a0et figure du mouvement #MeToo en France, dans une story sur fond noir a \u00e9t\u00e9 partag\u00e9 des dizaines et des dizaines de fois ce lundi 8\u00a0d\u00e9cembre au soir par des femmes sur Instagram. L\u2019objectif\u00a0: transformer l\u2019insulte \u00ab\u00a0sale conne\u00a0\u00bb en un hashtag f\u00e9ministe apr\u00e8s la sortie de Brigitte Macron.<\/p>\n<p class=\"asset asset-text\">La Premi\u00e8re dame avait en effet qualifi\u00e9 de \u00ab\u00a0sales connes\u00a0\u00bb des militantes f\u00e9ministes du collectif #NousToutes qui avaient interrompu samed<a href=\"https:\/\/www.huffingtonpost.fr\/culture\/article\/un-spectacle-d-ary-abittan-interrompu-par-des-militantes-feministes-a-paris_257960.html\" target=\"_blank\" rel=\"noopener\">i un spectacle de l\u2019humoriste Ary Abittan<\/a>, selon une vid\u00e9o publi\u00e9e lundi. Elles portaient des masques \u00e0 l\u2019effigie de l\u2019acteur, accus\u00e9 de viol par une jeune femme en 2021, avec la mention \u00ab\u00a0violeur\u00a0\u00bb. L\u2019instruction avait abouti \u00e0 un non-lieu confirm\u00e9 en appel en janvier.<\/p>\n<p class=\"asset asset-text\">L\u2019entourage de l\u2019\u00e9pouse du chef de l\u2019\u00c9tat a justifi\u00e9 les mots violents de Brigitte Macron en \u00e9voquant \u00ab\u00a0une critique de la m\u00e9thode radicale employ\u00e9e\u00a0\u00bb par ce collectif.<\/p>\n<p>    \u00ab\u00a0Profond\u00e9ment choqu\u00e9es et scandalis\u00e9es\u00a0\u00bb    <\/p>\n<p class=\"asset asset-text\">Le collectif #NousToutes a relay\u00e9 la vid\u00e9o pol\u00e9mique sur son compte Instagram ainsi que des messages de soutien \u00e0 son action de samedi soir. Sur les r\u00e9seaux Bluesky et Instagram, le collectif a repris sur fond noir le mot-cl\u00e9 #salesconnes.<\/p>\n<p> La lecture de ce contenu est susceptible d\u2019entra\u00eener un d\u00e9p\u00f4t de cookies de la part de l\u2019op\u00e9rateur tiers qui l\u2019h\u00e9berge. Compte-tenu des choix que vous avez exprim\u00e9s en mati\u00e8re de d\u00e9p\u00f4t de cookies, nous avons bloqu\u00e9 l\u2019affichage de ce contenu. Si vous souhaitez y acc\u00e9der, vous devez accepter la cat\u00e9gorie de cookies \u201cContenus tiers\u201d en cliquant sur le bouton ci-dessous. <\/p>\n<p> Lire la Vid\u00e9o        <\/p>\n<p class=\"asset asset-text\">\u00ab\u00a0Nous sommes profond\u00e9ment choqu\u00e9es et scandalis\u00e9es. Les mots utilis\u00e9s en disent long sur sa vision des choses, le message politique est extr\u00eamement choquant\u00a0\u00bb, a r\u00e9agi aupr\u00e8s de l\u2019AFP une militante de #NousToutes Paris Nord ayant particip\u00e9 \u00e0 l\u2019action et se pr\u00e9sentant sous le pseudonyme de Gwen. \u00ab\u00a0C\u2019est un crachat de plus sur les victimes et les associations f\u00e9ministes\u00a0\u00bb.<\/p>\n<p class=\"asset asset-text\">Sur Instagram, Judith Godr\u00e8che, qui a d\u00e9nonc\u00e9 publiquement les violences sexuelles qu\u2019elle a subies dans le milieu du cin\u00e9ma, a apport\u00e9 son soutien au collectif avec le m\u00eame message sur fond noir. Tout comme Camille Kouchner, autrice de La Familia Grande (2021) brisant le tabou de l\u2019inceste, qui a repartag\u00e9 la story de #NousToutes avec des c\u0153urs violets et le mot \u00ab\u00a0soutien\u00a0\u00bb.<\/p>\n<p>    La col\u00e8re monte chez les oppositions    <\/p>\n<p class=\"asset asset-text\">\u00ab\u00a0Moi aussi je suis une sale conne\u00a0\u00bb, a r\u00e9agi pour sa part la chanteuse Cam\u00e9lia Jordana en partageant un selfie d\u2019elle avec un grand sourire sur le m\u00eame r\u00e9seau social. La com\u00e9dienne Florence Mendez a aussi comment\u00e9 la publication de #NousToutes avec des c\u0153urs violets, couleur symbolique du f\u00e9minisme.<\/p>\n<p>                          <img decoding=\"async\" loading=\"lazy\" src=\"https:\/\/www.europesays.com\/fr\/wp-content\/uploads\/2025\/12\/a1ce217_upload-1-hxjiba9hdrle-capture-d-ecran-2025-12-08-210449.png\"  width=\"728\" height=\"728\" alt=\"Apr\u00e8s les propos de Brigitte de Macron, Cam\u00e9lia Jordana a partag\u00e9 un selfie d\u2019elle avec le #salleconne avec un grand sourire sur le m\u00eame r\u00e9seau social.\"\/>   <\/p>\n<p>Apr\u00e8s les propos de Brigitte de Macron, Cam\u00e9lia Jordana a partag\u00e9 un selfie d\u2019elle avec le #salleconne avec un grand sourire sur le m\u00eame r\u00e9seau social.<\/p>\n<p class=\"asset asset-text\">Sur X, le r\u00e9seau social d\u2019Elon Musk, le #salesconnes est aussi partout. \u00ab\u00a0\u00c0 toutes les #salesconnes qui luttent contre les violences faites aux femmes\u00a0: ensemble nous sommes fortes, nous sommes fi\u00e8res et f\u00e9ministes et radicales et en col\u00e8re\u00a0\u00bb, \u00e9crit par exemple Audrey Gatian, adjointe au Maire de Marseille. \u00ab\u00a0Je suis une sale conne et n\u2019en d\u00e9plaise \u00e0 Brigitte, nous continuerons \u00e0 l\u2019ouvrir pour d\u00e9fendre les femmes, les enfants et les minorit\u00e9s contre les VSS (violences sexistes et sexuelles ndlr)\u00a0\u00bb, tance une autre femme.<\/p>\n<p class=\"asset asset-text\">Du c\u00f4t\u00e9 des oppositions politiques, la col\u00e8re commence \u00e0 monter sur les r\u00e9seaux sociaux. \u00ab\u00a0Ces propos sont gravissimes\u00a0\u00bb, \u00ab\u00a0une premi\u00e8re dame ne devrait pas dire \u00e7a\u00a0\u00bb, a estim\u00e9 sur BFMTV la patronne des \u00e9cologistes, Marine Tondelier. Au vu du non-lieu, Ary Abittan \u00ab\u00a0peut remonter sur sc\u00e8ne\u00a0\u00bb et \u00ab\u00a0les f\u00e9ministes ont le droit de donner leur avis l\u00e0-dessus aussi\u00a0\u00bb, a-t-elle estim\u00e9. \u00ab\u00a0On a commenc\u00e9 par les droits des femmes \u201cgrande cause du quinquennat\u201d, \u00e7a termine en les insultant\u00a0\u00bb, a quant \u00e0 elle fustig\u00e9 sur X l\u2019eurod\u00e9put\u00e9e LFI Manon Aubry. \u00ab\u00a0Il est temps que le couple Macron s\u2019en aille\u00a0\u00bb.<\/p>\n","protected":false},"excerpt":{"rendered":"Collectif #NousToutes Instagram #salesconnes devient le slogan de ces f\u00e9ministes apr\u00e8s les propos de Brigitte Macron contre des&hellip;\n","protected":false},"author":2,"featured_media":587510,"comment_status":"","ping_status":"","sticky":false,"template":"","format":"standard","meta":{"footnotes":""},"categories":[2],"tags":[11,986,6757,1011,27,5686,12,316,25],"class_list":{"0":"post-587509","1":"post","2":"type-post","3":"status-publish","4":"format-standard","5":"has-post-thumbnail","7":"category-actualites","8":"tag-actualites","9":"tag-brigitte-macron","10":"tag-feminisme","11":"tag-fr","12":"tag-france","13":"tag-metoo","14":"tag-news","15":"tag-politique","16":"tag-republique-francaise"},"share_on_mastodon":{"url":"https:\/\/pubeurope.com\/@fr\/115687014741913893","error":""},"_links":{"self":[{"href":"https:\/\/www.europesays.com\/fr\/wp-json\/wp\/v2\/posts\/587509","targetHints":{"allow":["GET"]}}],"collection":[{"href":"https:\/\/www.europesays.com\/fr\/wp-json\/wp\/v2\/posts"}],"about":[{"href":"https:\/\/www.europesays.com\/fr\/wp-json\/wp\/v2\/types\/post"}],"author":[{"embeddable":true,"href":"https:\/\/www.europesays.com\/fr\/wp-json\/wp\/v2\/users\/2"}],"replies":[{"embeddable":true,"href":"https:\/\/www.europesays.com\/fr\/wp-json\/wp\/v2\/comments?post=587509"}],"version-history":[{"count":0,"href":"https:\/\/www.europesays.com\/fr\/wp-json\/wp\/v2\/posts\/587509\/revisions"}],"wp:featuredmedia":[{"embeddable":true,"href":"https:\/\/www.europesays.com\/fr\/wp-json\/wp\/v2\/media\/587510"}],"wp:attachment":[{"href":"https:\/\/www.europesays.com\/fr\/wp-json\/wp\/v2\/media?parent=587509"}],"wp:term":[{"taxonomy":"category","embeddable":true,"href":"https:\/\/www.europesays.com\/fr\/wp-json\/wp\/v2\/categories?post=587509"},{"taxonomy":"post_tag","embeddable":true,"href":"https:\/\/www.europesays.com\/fr\/wp-json\/wp\/v2\/tags?post=587509"}],"curies":[{"name":"wp","href":"https:\/\/api.w.org\/{rel}","templated":true}]}}