{"id":587517,"date":"2025-12-09T01:36:23","date_gmt":"2025-12-09T01:36:23","guid":{"rendered":"https:\/\/www.europesays.com\/fr\/587517\/"},"modified":"2025-12-09T01:36:23","modified_gmt":"2025-12-09T01:36:23","slug":"le-bretagne-ladies-tour-va-visiter-la-mayenne-actualite","status":"publish","type":"post","link":"https:\/\/www.europesays.com\/fr\/587517\/","title":{"rendered":"Le Bretagne Ladies Tour va visiter la Mayenne &#8211; Actualit\u00e9"},"content":{"rendered":"<p style=\"text-align: justify;\">La Mayenne continue d&rsquo;investir dans le v\u00e9lo f\u00e9minin. Apr\u00e8s avoir pris les commandes de Winspace Orange Seal, qui deviendra pour rappel <strong><a href=\"https:\/\/www.directvelo.com\/actualite\/125744\/winspace-orange-seal-change-de-nom-et-de-departement\" target=\"_blank\" rel=\"noopener\">Mayenne Monbana My Pie<\/a><\/strong>, le d\u00e9partement va accueillir le peloton f\u00e9minin sur ses terres en 2026. Et ce sera \u00e0 l&rsquo;occasion&#8230; du Bretagne Ladies Tour.<\/p>\n<p style=\"text-align: justify;\">La course par \u00e9tapes bretonne va visiter le d\u00e9partement voisin pour le compte de sa derni\u00e8re \u00e9tape, le 31 mai prochain. Cette date correspond aussi \u00e0 l&rsquo;arriv\u00e9e des Boucles de la Mayenne, et ce n&rsquo;est pas un hasard puisque les hommes et les femmes poseront leurs roues sur des routes communes, \u00e0 1h30 d&rsquo;intervalle.<\/p>\n<p>L&rsquo;\u00e9tape partira de Coss\u00e9-le-Vivien pour terminer sur le circuit de Laval, que les femmes et les hommes emprunteront. La vainqueure du Bretagne Ladies Tour sera donc couronn\u00e9e en Mayenne, et succ\u00e9dera \u00e0 l&rsquo;Australienne Grace Brown, <strong><a href=\"https:\/\/www.directvelo.com\/epreuve\/41305\/bretagne-ladies-tour-2024\" target=\"_blank\" rel=\"noopener\">laur\u00e9ate en 2024<\/a><\/strong>, alors que <strong><a href=\"https:\/\/www.directvelo.com\/actualite\/118653\/le-bretagne-ladies-tour-doit-passer-son-tour\" target=\"_blank\" rel=\"noopener\">l&rsquo;\u00e9preuve avait \u00e9t\u00e9 annul\u00e9e en 2025<\/a><\/strong>.<\/p>\n","protected":false},"excerpt":{"rendered":"La Mayenne continue d&rsquo;investir dans le v\u00e9lo f\u00e9minin. Apr\u00e8s avoir pris les commandes de Winspace Orange Seal, qui&hellip;\n","protected":false},"author":2,"featured_media":587518,"comment_status":"","ping_status":"","sticky":false,"template":"","format":"standard","meta":{"footnotes":""},"categories":[1411],"tags":[834,828,836,829,837,827,83,826,824,823,1154,207,814,817,815,816,822,821,832,211,839,1011,27,820,818,819,835,831,830,833,838,60,212,208,825],"class_list":{"0":"post-587517","1":"post","2":"type-post","3":"status-publish","4":"format-standard","5":"has-post-thumbnail","7":"category-cyclisme","8":"tag-attaque","9":"tag-belgique","10":"tag-braquet","11":"tag-bretagne","12":"tag-chute","13":"tag-competition","14":"tag-coupe-de-france","15":"tag-coureur","16":"tag-course-cyclisme","17":"tag-course-cycliste","18":"tag-cycling","19":"tag-cyclisme","20":"tag-direct","21":"tag-direct-velo","22":"tag-directvelo","23":"tag-directvelo-com","24":"tag-epreuve","25":"tag-epreuve-cycliste","26":"tag-federation-francaise-de-cyclisme","27":"tag-ffc","28":"tag-flandres","29":"tag-fr","30":"tag-france","31":"tag-live","32":"tag-live-course","33":"tag-live-epreuve","34":"tag-peloton","35":"tag-radio-peloton","36":"tag-radio-tour","37":"tag-ravitaillement","38":"tag-relance","39":"tag-sports","40":"tag-uci","41":"tag-velo","42":"tag-velos"},"share_on_mastodon":{"url":"https:\/\/pubeurope.com\/@fr\/115687049366907329","error":""},"_links":{"self":[{"href":"https:\/\/www.europesays.com\/fr\/wp-json\/wp\/v2\/posts\/587517","targetHints":{"allow":["GET"]}}],"collection":[{"href":"https:\/\/www.europesays.com\/fr\/wp-json\/wp\/v2\/posts"}],"about":[{"href":"https:\/\/www.europesays.com\/fr\/wp-json\/wp\/v2\/types\/post"}],"author":[{"embeddable":true,"href":"https:\/\/www.europesays.com\/fr\/wp-json\/wp\/v2\/users\/2"}],"replies":[{"embeddable":true,"href":"https:\/\/www.europesays.com\/fr\/wp-json\/wp\/v2\/comments?post=587517"}],"version-history":[{"count":0,"href":"https:\/\/www.europesays.com\/fr\/wp-json\/wp\/v2\/posts\/587517\/revisions"}],"wp:featuredmedia":[{"embeddable":true,"href":"https:\/\/www.europesays.com\/fr\/wp-json\/wp\/v2\/media\/587518"}],"wp:attachment":[{"href":"https:\/\/www.europesays.com\/fr\/wp-json\/wp\/v2\/media?parent=587517"}],"wp:term":[{"taxonomy":"category","embeddable":true,"href":"https:\/\/www.europesays.com\/fr\/wp-json\/wp\/v2\/categories?post=587517"},{"taxonomy":"post_tag","embeddable":true,"href":"https:\/\/www.europesays.com\/fr\/wp-json\/wp\/v2\/tags?post=587517"}],"curies":[{"name":"wp","href":"https:\/\/api.w.org\/{rel}","templated":true}]}}