{"id":587521,"date":"2025-12-09T01:38:15","date_gmt":"2025-12-09T01:38:15","guid":{"rendered":"https:\/\/www.europesays.com\/fr\/587521\/"},"modified":"2025-12-09T01:38:15","modified_gmt":"2025-12-09T01:38:15","slug":"victime-dun-accident-la-disparition-soudaine","status":"publish","type":"post","link":"https:\/\/www.europesays.com\/fr\/587521\/","title":{"rendered":"\u00ab\u00a0Victime d\u2019un accident\u2026\u00a0\u00bb la disparition soudaine &#8230;"},"content":{"rendered":"<p>EN BREF<\/p>\n<ul class=\"bloc_resume_post_list\">\n<li>Matthieu Delormeau, de retour dans Tout beau, tout neuf,<br \/>\nsemblait transform\u00e9 et plus serein apr\u00e8s son d\u00e9part de Touche pas \u00e0<br \/>\nmon poste.<\/li>\n<li>Son absence soudaine le 8 d\u00e9cembre 2025 a \u00e9t\u00e9 expliqu\u00e9e<br \/>\npar un accident domestique, causant une inqui\u00e9tude parmi les<br \/>\nt\u00e9l\u00e9spectateurs.<\/li>\n<li>La chute chez lui a r\u00e9v\u00e9l\u00e9 des blessures s\u00e9rieuses,<br \/>\nn\u00e9cessitant un repos forc\u00e9, et a suscit\u00e9 des pr\u00e9occupations quant \u00e0<br \/>\nson \u00e9tat \u00e9motionnel.<\/li>\n<\/ul>\n<p>Depuis son retour dans <a href=\"https:\/\/www.telestar.fr\/actu_tv\/tout-beau-tout-n9uf-35-personnes-testees-et-des-petits-nouveaux-cyril-hanouna-brise-le-silence-1736280\" target=\"_blank\" rel=\"noopener\"><br \/>\nTout beau, tout neuf<\/a>, Matthieu Delormeau semblait<br \/>\nrevivre. Il ne cachait pas sa joie d\u2019\u00eatre de nouveau \u00e0 l\u2019antenne,<br \/>\net <a href=\"https:\/\/www.telestar.fr\/actu_tv\/cyril-hanouna-la-voiture-de-sa-chroniqueuse-vandalisee-en-pleine-emission-et-ca-tourne-mal-1747633\" target=\"_blank\" rel=\"noopener\"><br \/>\nCyril Hanouna<\/a> lui-m\u00eame avait <strong>salu\u00e9 sa<br \/>\nm\u00e9tamorphose.\u00a0<\/strong><\/p>\n<p>L\u2019animateur expliquait avoir trouv\u00e9 son chroniqueur plus pos\u00e9,<br \/>\nplus serein, apr\u00e8s des ann\u00e9es marqu\u00e9es par les pol\u00e9miques et un<br \/>\nd\u00e9part remarqu\u00e9 de Touche pas \u00e0 mon poste. Cette<br \/>\nrenaissance \u00e0 l\u2019\u00e9cran intervenait au moment o\u00f9 Matthieu renouait<br \/>\naussi avec des projets en solo. Parmi eux, on retrouvait le prime \u00e0<br \/>\nanimer sur W9 qui lui a provoqu\u00e9 <strong>une grosse<br \/>\nangoisse<\/strong>, de peur d\u2019\u00eatre rejet\u00e9 par le public et certains<br \/>\ncoll\u00e8gues.<\/p>\n<p>La chute chez lui qui inqui\u00e8te les fans<\/p>\n<p>C\u2019est dans ce contexte de retour que l\u2019absence soudaine de<br \/>\nMatthieu Delormeau, le lundi 8 d\u00e9cembre 2025, a cr\u00e9\u00e9 <strong>un<br \/>\nv\u00e9ritable flottement<\/strong>. \u00c0 sa place, c\u2019est Danielle Moreau<br \/>\nqui a pris le relais sur le plateau, sans explication imm\u00e9diate en<br \/>\nd\u00e9but d\u2019\u00e9mission. Tr\u00e8s vite, Cyril Hanouna a \u00e9t\u00e9 oblig\u00e9 de<br \/>\nclarifier la situation pour rassurer les t\u00e9l\u00e9spectateurs. Il a<br \/>\nexpliqu\u00e9 que <a href=\"https:\/\/www.telestar.fr\/people\/matthieu-delormeau-transforme-physiquement-en-deux-semaines-son-retour-a-tbt9-a-bouleverse-son-quotidien-1747076\" target=\"_blank\" rel=\"noopener\"><br \/>\nMatthieu Delormeau<\/a> avait eu \u00ab\u00a0un petit accident\u00a0\u00bb. Il serait<br \/>\nabsent \u00ab\u00a0jusqu\u2019\u00e0 la fin de semaine ou lundi prochain\u00a0\u00bb, en insistant<br \/>\nsur le fait qu\u2019il ne fallait pas s\u2019inqui\u00e9ter outre mesure.<\/p>\n<p>Les pr\u00e9cisions de Gilles Verdez ont cependant montr\u00e9 que la<br \/>\nchute \u00e9tait <strong>plus s\u00e9rieuse qu\u2019un simple bobo.<\/strong> Le<br \/>\nchroniqueur a racont\u00e9 que Matthieu avait d\u00e9val\u00e9 les escaliers chez<br \/>\nlui, pensant d\u2019abord que ce n\u2019\u00e9tait pas grave, avant de se<br \/>\nr\u00e9veiller le lendemain couvert d\u2019h\u00e9matomes.<\/p>\n<p>\u00ab\u00a0Il avait l\u00a0\u00bbimpression d&rsquo;\u00eatre comme un<br \/>\nboxeur\u00a0\u00bb<\/p>\n<p>Il souffrait notamment d\u2019une arcade tellement touch\u00e9e qu\u2019il ne<br \/>\npouvait plus ouvrir l\u2019\u0153il. Cela a finalement n\u00e9cessit\u00e9 <strong>un<br \/>\nvrai repos forc\u00e9.<\/strong> \u00ab\u00a0Sur le coup, vraiment, sur le coup,<br \/>\nil a pens\u00e9 que c&rsquo;\u00e9tait pas grave. Et puis le lendemain il s&rsquo;est<br \/>\nr\u00e9veill\u00e9, il avait des h\u00e9matomes partout, il avait tr\u00e8s mal, il ne<br \/>\npouvait pas venir, il avait l&rsquo;impression d&rsquo;\u00eatre comme un boxeur<br \/>\napr\u00e8s un combat qui avait pris des coups ou qu&rsquo;on l&rsquo;avait frapp\u00e9,<br \/>\nce qui n&rsquo;est pas du tout le cas\u00a0\u00bb, a-t-il r\u00e9v\u00e9l\u00e9.<\/p>\n<p>Si la \u00ab\u00a0premi\u00e8re id\u00e9e\u00a0\u00bb reste un retour dans les prochaines<br \/>\nsemaines, <strong>la gravit\u00e9 de la chute<\/strong> a logiquement<br \/>\ninqui\u00e9t\u00e9 les fans, d\u00e9j\u00e0 pr\u00e9occup\u00e9s par sa fragilit\u00e9 \u00e9motionnelle<br \/>\nces derni\u00e8res ann\u00e9es.<\/p>\n","protected":false},"excerpt":{"rendered":"EN BREF Matthieu Delormeau, de retour dans Tout beau, tout neuf, semblait transform\u00e9 et plus serein apr\u00e8s son&hellip;\n","protected":false},"author":2,"featured_media":541759,"comment_status":"","ping_status":"","sticky":false,"template":"","format":"standard","meta":{"footnotes":""},"categories":[1359],"tags":[548,1083,58,59,1011,27,973],"class_list":{"0":"post-587521","1":"post","2":"type-post","3":"status-publish","4":"format-standard","5":"has-post-thumbnail","7":"category-people","8":"tag-article-simple","9":"tag-cyril-hanouna","10":"tag-divertissement","11":"tag-entertainment","12":"tag-fr","13":"tag-france","14":"tag-people"},"share_on_mastodon":{"url":"https:\/\/pubeurope.com\/@fr\/115687057360309346","error":""},"_links":{"self":[{"href":"https:\/\/www.europesays.com\/fr\/wp-json\/wp\/v2\/posts\/587521","targetHints":{"allow":["GET"]}}],"collection":[{"href":"https:\/\/www.europesays.com\/fr\/wp-json\/wp\/v2\/posts"}],"about":[{"href":"https:\/\/www.europesays.com\/fr\/wp-json\/wp\/v2\/types\/post"}],"author":[{"embeddable":true,"href":"https:\/\/www.europesays.com\/fr\/wp-json\/wp\/v2\/users\/2"}],"replies":[{"embeddable":true,"href":"https:\/\/www.europesays.com\/fr\/wp-json\/wp\/v2\/comments?post=587521"}],"version-history":[{"count":0,"href":"https:\/\/www.europesays.com\/fr\/wp-json\/wp\/v2\/posts\/587521\/revisions"}],"wp:featuredmedia":[{"embeddable":true,"href":"https:\/\/www.europesays.com\/fr\/wp-json\/wp\/v2\/media\/541759"}],"wp:attachment":[{"href":"https:\/\/www.europesays.com\/fr\/wp-json\/wp\/v2\/media?parent=587521"}],"wp:term":[{"taxonomy":"category","embeddable":true,"href":"https:\/\/www.europesays.com\/fr\/wp-json\/wp\/v2\/categories?post=587521"},{"taxonomy":"post_tag","embeddable":true,"href":"https:\/\/www.europesays.com\/fr\/wp-json\/wp\/v2\/tags?post=587521"}],"curies":[{"name":"wp","href":"https:\/\/api.w.org\/{rel}","templated":true}]}}