{"id":587529,"date":"2025-12-09T01:44:14","date_gmt":"2025-12-09T01:44:14","guid":{"rendered":"https:\/\/www.europesays.com\/fr\/587529\/"},"modified":"2025-12-09T01:44:14","modified_gmt":"2025-12-09T01:44:14","slug":"selon-la-science-les-personnes-agees-qui-font-cette-activite-ont-deux-fois-moins-de-risques-de-demence","status":"publish","type":"post","link":"https:\/\/www.europesays.com\/fr\/587529\/","title":{"rendered":"Selon la science, les personnes \u00e2g\u00e9es qui font cette activit\u00e9 ont deux fois moins de risques de d\u00e9mence"},"content":{"rendered":"<p>La d\u00e9mence touche plus de 55 millions de personnes dans le monde selon l&rsquo;<a href=\"https:\/\/www.futura-sciences.com\/sante\/definitions\/medecine-oms-4321\/\" target=\"_blank\" rel=\"noopener\">Organisation mondiale de la Sant\u00e9<\/a>, avec pr\u00e8s de 10 millions de nouveaux cas diagnostiqu\u00e9s chaque ann\u00e9e. Cette d\u00e9couverte, publi\u00e9e en mai 2023 dans le <a href=\"https:\/\/agsjournals.onlinelibrary.wiley.com\/doi\/abs\/10.1111\/jgs.18394\" title=\"Utilisation d&#039;Internet et risque potentiel de d\u00e9mence : une \u00e9tude de cohorte populationnelle\" target=\"_blank\" rel=\"noopener\">Journal of the American Geriatrics Society<\/a>, r\u00e9v\u00e8le qu&rsquo;une activit\u00e9 moderne du quotidien pourrait consid\u00e9rablement r\u00e9duire ces statistiques alarmantes. Les chercheurs am\u00e9ricains ont identifi\u00e9 l&rsquo;usage quotidien d&rsquo;<a href=\"https:\/\/www.futura-sciences.com\/tech\/definitions\/internet-internet-3983\/\" target=\"_blank\" rel=\"noopener\">Internet<\/a> comme un facteur protecteur majeur contre le <a href=\"https:\/\/www.futura-sciences.com\/sante\/actualites\/vieillissement-ce-comportement-quotidien-agit-declin-cognitif-affirment-chercheurs-127176\/\" title=\"Ce comportement quotidien agit contre le d\u00e9clin cognitif, affirment les chercheurs\" target=\"_blank\" rel=\"noopener\">d\u00e9clin cognitif<\/a> chez les adultes de plus de 50 ans.<\/p>\n<p>Une \u00e9tude r\u00e9volutionnaire sur l&rsquo;impact d&rsquo;Internet sur le cerveau vieillissant<\/p>\n<p>Les scientifiques ont men\u00e9 une recherche d&rsquo;envergure sur 18 154 adultes \u00e2g\u00e9s de 50 \u00e0 65 ans, tous en bonne sant\u00e9 cognitive au d\u00e9but de l&rsquo;observation. Cette cohorte exceptionnelle a \u00e9t\u00e9 suivie pendant huit ann\u00e9es compl\u00e8tes, permettant d&rsquo;\u00e9tablir des corr\u00e9lations robustes entre l&rsquo;utilisation d&rsquo;Internet et l&rsquo;\u00e9volution cognitive.<\/p>\n<p>Les participants ont r\u00e9pondu \u00e0 des questionnaires d\u00e9taill\u00e9s concernant leurs habitudes <a href=\"https:\/\/www.futura-sciences.com\/tech\/definitions\/numerique-numerique-584\/\" target=\"_blank\" rel=\"noopener\">num\u00e9riques<\/a>. L&rsquo;analyse comparative entre utilisateurs r\u00e9guliers et non-utilisateurs d&rsquo;Internet a r\u00e9v\u00e9l\u00e9 des diff\u00e9rences saisissantes. Les personnes familiaris\u00e9es avec le web d\u00e8s le d\u00e9but de l&rsquo;\u00e9tude pr\u00e9sentaient un risque divis\u00e9 par deux de d\u00e9velopper une <a href=\"https:\/\/www.futura-sciences.com\/sante\/actualites\/demence-demence-ce-nouveau-facteur-insoupconne-pourrait-vous-proteger-121319\/\" title=\"D\u00e9mence : ce nouveau facteur insoup\u00e7onn\u00e9 pourrait vous en prot\u00e9ger\" target=\"_blank\" rel=\"noopener\">d\u00e9mence<\/a> comparativement aux non-utilisateurs.<\/p>\n<p>Cette protection cognitive optimale s&rsquo;observe particuli\u00e8rement chez les individus naviguant au moins deux heures quotidiennement. \u00c0 l&rsquo;inverse, l&rsquo;absence d&rsquo;usage num\u00e9rique corr\u00e8le avec un \u00ab risque estim\u00e9 nettement plus \u00e9lev\u00e9 \u00bb\u00a0de troubles neurod\u00e9g\u00e9n\u00e9ratifs, selon les auteurs. Cette d\u00e9couverte sugg\u00e8re qu&rsquo;Internet pourrait stimuler les fonctions c\u00e9r\u00e9brales de mani\u00e8re pr\u00e9ventive.<\/p>\n<p class=\"fs-media\">\n<p><img decoding=\"async\" data-imgid=\"full\" src=\"https:\/\/www.europesays.com\/fr\/wp-content\/uploads\/2025\/12\/cerveau-demence-usage-numerique.png\" width=\"1080\" height=\"720\" alt=\"\" loading=\"lazy\"\/><br \/>\n\u00a0Une utilisation fr\u00e9quente et prolong\u00e9e d\u2019Internet chez les seniors semble ralentir le d\u00e9clin cognitif. \u00a9 South_agency, iStock<\/p>\n<p>M\u00e9canismes de protection cognitive li\u00e9s \u00e0 l&rsquo;usage num\u00e9rique<\/p>\n<p>L&rsquo;utilisation r\u00e9guli\u00e8re d&rsquo;Internet sollicite multiples circuits c\u00e9r\u00e9braux simultan\u00e9ment. La navigation web active les zones responsables de la m\u00e9moire de travail, l&rsquo;<a href=\"https:\/\/www.futura-sciences.com\/planete\/actualites\/zoologie-sportifs-libellules-partagent-attention-selective-43671\/\" title=\"Les sportifs et les libellules partagent l\u2019attention s\u00e9lective\" target=\"_blank\" rel=\"noopener\">attention s\u00e9lective<\/a> et la <a href=\"https:\/\/www.futura-sciences.com\/tech\/definitions\/informatique-resolution-18289\/\" target=\"_blank\" rel=\"noopener\">r\u00e9solution<\/a> de probl\u00e8mes. Ces stimulations r\u00e9p\u00e9t\u00e9es renforcent potentiellement la r\u00e9serve cognitive, m\u00e9canisme protecteur contre le d\u00e9clin neurologique.<\/p>\n<p>Les activit\u00e9s num\u00e9riques courantes cr\u00e9ent un environnement d&rsquo;apprentissage permanent. Rechercher des informations, lire des articles, interagir sur les <a href=\"https:\/\/www.futura-sciences.com\/tech\/definitions\/informatique-reseau-social-10255\/\" target=\"_blank\" rel=\"noopener\">r\u00e9seaux sociaux<\/a> ou g\u00e9rer des emails mobilisent diverses comp\u00e9tences cognitives. Cette gymnastique mentale quotidienne pourrait maintenir la <a href=\"https:\/\/www.futura-sciences.com\/sante\/definitions\/corps-humain-plasticite-cerebrale-15833\/\" target=\"_blank\" rel=\"noopener\">plasticit\u00e9 neuronale<\/a> et retarder l&rsquo;apparition des sympt\u00f4mes d\u00e9mentiels.<\/p>\n<p>            <img decoding=\"async\" data-imgid=\"sm\" src=\"https:\/\/www.europesays.com\/fr\/wp-content\/uploads\/2025\/12\/bienfaits-mots-crois\u00e9s-cerveau.jpeg\" width=\"320\" height=\"320\" alt=\"Que pouvez-vous attendre des\u00a0stimulations cognitives tels que les mots-crois\u00e9s pour notre sant\u00e9 mentale\u00a0?\u00a0\u00a9 photolog1971, Adobe Stock\u00a0\" loading=\"lazy\"\/><\/p>\n<p>\n                Tags :<br \/>\n\tsante<\/p>\n<p><a href=\"https:\/\/www.futura-sciences.com\/sante\/questions-reponses\/cerveau-sont-bienfaits-mots-croises-cerveau-12783\/\" class=\"article-link\" target=\"_blank\" rel=\"noopener\"><\/p>\n<p>        Quels sont les bienfaits des mots-crois\u00e9s sur le cerveau ?<\/p>\n<p><\/a><\/p>\n<p>        Lire l&rsquo;article <\/p>\n<p>N\u00e9anmoins, les chercheurs \u00e9mettent une mise en garde importante concernant l&rsquo;usage excessif. Leurs travaux sugg\u00e8rent que des p\u00e9riodes prolong\u00e9es devant les \u00e9crans pourraient engendrer des effets n\u00e9fastes. L&rsquo;\u00e9quilibre reste donc crucial pour maximiser les b\u00e9n\u00e9fices tout en minimisant les dangers potentiels.<\/p>\n<p>Comprendre les manifestations des troubles neurod\u00e9g\u00e9n\u00e9ratifs<\/p>\n<p>Les <a href=\"https:\/\/www.futura-sciences.com\/sante\/actualites\/vie-maladies-neurodegeneratives-decouverte-cercle-vicieux-8659\/\" title=\"Maladies neurod\u00e9g\u00e9n\u00e9ratives : d\u00e9couverte d&#039;un cercle vicieux\" target=\"_blank\" rel=\"noopener\">pathologies neurod\u00e9g\u00e9n\u00e9ratives<\/a> se d\u00e9clinent sous plusieurs formes distinctes, chacune affectant des r\u00e9gions c\u00e9r\u00e9brales sp\u00e9cifiques. Les principales variantes incluent :<\/p>\n<ol dir=\"ltr\">\n<li role=\"presentation\">La <a href=\"https:\/\/www.futura-sciences.com\/sante\/definitions\/medecine-maladie-alzheimer-3606\/\" target=\"_blank\" rel=\"noopener\">maladie d&rsquo;Alzheimer<\/a>, ciblant principalement l&rsquo;<a href=\"https:\/\/www.futura-sciences.com\/sciences\/definitions\/neptune-hippocampe-17794\/\" target=\"_blank\" rel=\"noopener\">hippocampe<\/a>.<\/li>\n<li role=\"presentation\">La <a href=\"https:\/\/www.futura-sciences.com\/sante\/definitions\/medecine-maladie-parkinson-191\/\" target=\"_blank\" rel=\"noopener\">maladie de Parkinson<\/a>, atteignant les <a href=\"https:\/\/www.futura-sciences.com\/sante\/definitions\/medecine-ganglions-base-3405\/\" target=\"_blank\" rel=\"noopener\">ganglions de la base<\/a>.<\/li>\n<li role=\"presentation\">La d\u00e9mence \u00e0 <a href=\"https:\/\/www.futura-sciences.com\/sante\/definitions\/medecine-corps-lewy-11982\/\" target=\"_blank\" rel=\"noopener\">corps de Lewy<\/a>, caract\u00e9ris\u00e9e par des d\u00e9p\u00f4ts prot\u00e9iques.<\/li>\n<li role=\"presentation\">La <a href=\"https:\/\/www.futura-sciences.com\/sante\/definitions\/demence-demence-vasculaire-20367\/\" target=\"_blank\" rel=\"noopener\">d\u00e9mence vasculaire<\/a>, li\u00e9e aux troubles circulatoires c\u00e9r\u00e9braux.<\/li>\n<\/ol>\n<p>Chaque <a href=\"https:\/\/www.futura-sciences.com\/sante\/definitions\/medecine-pathologie-2800\/\" target=\"_blank\" rel=\"noopener\">pathologie<\/a> g\u00e9n\u00e8re des sympt\u00f4mes distincts selon les zones neurologiques touch\u00e9es. L&rsquo;<a href=\"https:\/\/www.futura-sciences.com\/sante\/actualites\/maladie-alzheimer-alzheimer-ces-signes-votre-facon-parler-pourraient-etre-premiers-symptomes-120543\/\" title=\"Alzheimer : ces signes dans votre fa\u00e7on de parler pourraient \u00eatre les premiers sympt\u00f4mes\" target=\"_blank\" rel=\"noopener\">Alzheimer<\/a> se manifeste initialement par des troubles mn\u00e9siques, tandis que Parkinson d\u00e9bute souvent par des sympt\u00f4mes moteurs. Cette diversit\u00e9 symptomatologique explique pourquoi les approches pr\u00e9ventives doivent \u00eatre multifactorielles.<\/p>\n<p>Les sp\u00e9cialistes soulignent que l&rsquo;\u00e9tat d\u00e9mentiel r\u00e9sulte de la destruction progressive des capacit\u00e9s cognitives. Contrairement aux id\u00e9es re\u00e7ues, la d\u00e9mence ne se r\u00e9sume pas \u00e0 des comportements erratiques mais englobe une d\u00e9t\u00e9rioration graduelle des fonctions c\u00e9r\u00e9brales sup\u00e9rieures. Cette compr\u00e9hension moderne ouvre la voie \u00e0 des strat\u00e9gies pr\u00e9ventives innovantes comme l&rsquo;usage th\u00e9rapeutique d&rsquo;Internet.<\/p>\n<p>L&rsquo;int\u00e9gration d&rsquo;Internet dans les habitudes quotidiennes repr\u00e9sente donc une approche accessible et prometteuse pour pr\u00e9server nos capacit\u00e9s cognitives \u00e0 long terme.<\/p>\n","protected":false},"excerpt":{"rendered":"La d\u00e9mence touche plus de 55 millions de personnes dans le monde selon l&rsquo;Organisation mondiale de la Sant\u00e9,&hellip;\n","protected":false},"author":2,"featured_media":587530,"comment_status":"","ping_status":"","sticky":false,"template":"","format":"standard","meta":{"footnotes":""},"categories":[10],"tags":[60901,286,281,70054,8445,70051,1011,27,72,311,310,278,8192,70049,12966,2569,938,70056,71,2072,70053,70050,70052,556,70055,282],"class_list":{"0":"post-587529","1":"post","2":"type-post","3":"status-publish","4":"format-standard","5":"has-post-thumbnail","7":"category-sante","8":"tag-capacites-cognitives","9":"tag-declin-cognitif","10":"tag-demence","11":"tag-demence-a-corps-de-lewy","12":"tag-esperance-de-vie","13":"tag-fonctions-cerebrales","14":"tag-fr","15":"tag-france","16":"tag-health","17":"tag-informatique","18":"tag-internet","19":"tag-les-tendances","20":"tag-longevite","21":"tag-maladie-d039alzheimer","22":"tag-maladies-neurodegeneratives","23":"tag-parkinson","24":"tag-reseaux-sociaux","25":"tag-reserve-cognitive","26":"tag-sante","27":"tag-sante-mentale","28":"tag-symptome-moteur","29":"tag-temps-d039ecran","30":"tag-troubles-mnesiques","31":"tag-troubles-neurologiques","32":"tag-usage-numerique","33":"tag-vieillissement"},"share_on_mastodon":{"url":"","error":"Validation failed: Text character limit of 500 exceeded"},"_links":{"self":[{"href":"https:\/\/www.europesays.com\/fr\/wp-json\/wp\/v2\/posts\/587529","targetHints":{"allow":["GET"]}}],"collection":[{"href":"https:\/\/www.europesays.com\/fr\/wp-json\/wp\/v2\/posts"}],"about":[{"href":"https:\/\/www.europesays.com\/fr\/wp-json\/wp\/v2\/types\/post"}],"author":[{"embeddable":true,"href":"https:\/\/www.europesays.com\/fr\/wp-json\/wp\/v2\/users\/2"}],"replies":[{"embeddable":true,"href":"https:\/\/www.europesays.com\/fr\/wp-json\/wp\/v2\/comments?post=587529"}],"version-history":[{"count":0,"href":"https:\/\/www.europesays.com\/fr\/wp-json\/wp\/v2\/posts\/587529\/revisions"}],"wp:featuredmedia":[{"embeddable":true,"href":"https:\/\/www.europesays.com\/fr\/wp-json\/wp\/v2\/media\/587530"}],"wp:attachment":[{"href":"https:\/\/www.europesays.com\/fr\/wp-json\/wp\/v2\/media?parent=587529"}],"wp:term":[{"taxonomy":"category","embeddable":true,"href":"https:\/\/www.europesays.com\/fr\/wp-json\/wp\/v2\/categories?post=587529"},{"taxonomy":"post_tag","embeddable":true,"href":"https:\/\/www.europesays.com\/fr\/wp-json\/wp\/v2\/tags?post=587529"}],"curies":[{"name":"wp","href":"https:\/\/api.w.org\/{rel}","templated":true}]}}