{"id":587537,"date":"2025-12-09T01:48:14","date_gmt":"2025-12-09T01:48:14","guid":{"rendered":"https:\/\/www.europesays.com\/fr\/587537\/"},"modified":"2025-12-09T01:48:14","modified_gmt":"2025-12-09T01:48:14","slug":"lhomme-qui-a-concu-le-taycan-a-la-tete-de-mercedes-amg","status":"publish","type":"post","link":"https:\/\/www.europesays.com\/fr\/587537\/","title":{"rendered":"L&rsquo;homme qui a con\u00e7u le Taycan \u00e0 la t\u00eate de Mercedes-AMG"},"content":{"rendered":"<p itemprop=\"description\">Du c\u00f4t\u00e9 de Stuttgart, on vient de<br \/>\nr\u00e9aliser un coup de ma\u00eetre en s&rsquo;offrant les services de l&rsquo;ancien<br \/>\nbras droit d&rsquo;Oliver Blume chez Volkswagen.<\/p>\n<p>C\u00a0\u00bbest un transfert de haut vol qui vient d&rsquo;\u00eatre officialis\u00e9 chez<br \/>\nles constructeurs allemands. Stefan Weckbach, ancien strat\u00e8ge en<br \/>\nchef du groupe Volkswagen et architecte du Taycan chez Porsche, est<br \/>\nnomm\u00e9 PDG de Mercedes-AMG GmbH. L&rsquo;arriv\u00e9e de cet expert en<br \/>\n\u00e9lectrification \u00e0 la t\u00eate de la division performance la plus<br \/>\nembl\u00e9matique de Mercedes-Benz confirme l&rsquo;orientation de la marque<br \/>\nvers une transition \u00e9lectrique.<\/p>\n<p>Un transfert au sommet<\/p>\n<p>La rumeur circulait d\u00e9j\u00e0 le week-end dernier, <strong>elle est<br \/>\nd\u00e9sormais officielle depuis ce lundi 8 d\u00e9cembre 2025<\/strong>.<br \/>\nStefan Weckbach rejoint Mercedes, apr\u00e8s deux d\u00e9cennies pass\u00e9es au<br \/>\nsein du groupe Volkswagen. Ainsi, \u00e0 partir du 1er juillet 2026, il<br \/>\ndeviendra le pr\u00e9sident du directoire de <a href=\"https:\/\/www.autoplus.fr\/mercedes-amg\" target=\"_blank\" rel=\"noopener\">Mercedes-AMG<\/a> GmbH. Mieux<br \/>\nencore, Stefan Weckbach se voit confier un second r\u00f4le et prendra<br \/>\n\u00e9galement la direction du Top End Vehicle (TEV) Group. Ce groupe<br \/>\nest la poule aux \u0153ufs d&rsquo;or de la marque \u00e0 l\u2019\u00e9toile, regroupant les<br \/>\nmod\u00e8les les plus luxueux et les plus rentables, notamment les<br \/>\nClasse S, Classe G, Maybach et l&rsquo;ensemble de la gamme AMG.<\/p>\n<p>Ce recrutement illustre aussi la guerre des talents qui fait<br \/>\nrage dans l&rsquo;industrie automobile, particuli\u00e8rement \u00e0 l&rsquo;heure du<br \/>\nvirage \u00e9lectrique. Le profil de Weckbach, \u00e2g\u00e9 de 49 ans, est celui<br \/>\nd&rsquo;un pur produit de la culture ing\u00e9nierie et strat\u00e9gie allemande.<br \/>\nApr\u00e8s avoir occup\u00e9 des fonctions cl\u00e9s dans la strat\u00e9gie produit<br \/>\nchez <a href=\"https:\/\/www.autoplus.fr\/marque\/porsche\" target=\"_blank\" rel=\"noopener\">Porsche<\/a>,<br \/>\n<strong>il a pass\u00e9 les deux derni\u00e8res ann\u00e9es comme chef strat\u00e8ge de<br \/>\nl&rsquo;ensemble du groupe Volkswagen<\/strong>. Un r\u00f4le qui l&rsquo;a plac\u00e9 au<br \/>\ncentre des d\u00e9cisions les plus importantes du groupe. D&rsquo;ici son<br \/>\narriv\u00e9e effective, l&rsquo;int\u00e9rim sera assur\u00e9 par son pr\u00e9d\u00e9cesseur<br \/>\nMichael Schiebe. Ce dernier, loin d&rsquo;\u00eatre \u00e9cart\u00e9, a lui-m\u00eame \u00e9t\u00e9<br \/>\npromu au 1er d\u00e9cembre 2025 au sein du conseil d&rsquo;administration de<br \/>\nMercedes-Benz Group AG, o\u00f9 il est d\u00e9sormais responsable de la<br \/>\nproduction, de la qualit\u00e9 et de la gestion de la cha\u00eene<br \/>\nd&rsquo;approvisionnement.<\/p>\n<p>Cap sur l\u2019\u00e9lectrique ?<\/p>\n<p>Stefan Weckbach a \u00e9t\u00e9 pendant pr\u00e8s de quinze ans chez Porsche.<br \/>\nC\u2019est l&rsquo;un des artisans de la transition de la marque vers<br \/>\nl&rsquo;\u00e9lectromobilit\u00e9. Son expertise est donc in\u00e9galable et se r\u00e9v\u00e8le<br \/>\nimportante pour l&rsquo;avenir de Mercedes-AMG. Rappelons qu\u2019il est<br \/>\nl&rsquo;homme qui a dirig\u00e9 la gamme <a href=\"https:\/\/www.autoplus.fr\/marque\/taycan\" target=\"_blank\" rel=\"noopener\">Porsche Taycan<\/a>, le<br \/>\npremier v\u00e9hicule 100 % \u00e9lectrique de la marque de Zuffenhausen.<br \/>\nCel\u00e0 tombe bien car la division AMG est actuellement en pleine<br \/>\ntransformation, devant passer de ses iconiques V8 \u00e0 des<br \/>\nmotorisations \u00e9lectriques ou hybrides rechargeables de tr\u00e8s haute<br \/>\npuissance. L&rsquo;arriv\u00e9e de Weckbach \u00e0 sa t\u00eate sugg\u00e8re que Mercedes<br \/>\ncherche \u00e0 s&rsquo;inspirer du meilleur pour assurer \u00e0 ses mod\u00e8les un<br \/>\npositionnement incontestable.<\/p>\n<p>Pr\u00e9cisons enfin Weckbach est un proche d&rsquo;Oliver Blume, l&rsquo;actuel<br \/>\nPDG du <a href=\"https:\/\/www.volkswagen.fr\/fr.html\" target=\"_blank\" rel=\"noopener\">groupe Volkswagen<\/a> (et ancien patron de Porsche).<br \/>\n<strong>Il \u00e9tait naturellement pressenti par beaucoup comme le<br \/>\nsuccesseur potentiel \u00e0 la t\u00eate de Porsche lorsque Blume a pris les<br \/>\nr\u00eanes du groupe entier<\/strong>. Cependant, le conseil de<br \/>\nsurveillance de Porsche a finalement choisi <a href=\"https:\/\/www.autoplus.fr\/actualite\/changement-de-direction-chez-porsche-lex-patron-de-mclaren-debarque-1403178.html\" target=\"_blank\" rel=\"noopener\"><br \/>\nMichael Leiters<\/a>, l&rsquo;ancien dirigeant de McLaren. <strong>Ce<br \/>\nd\u00e9saveu, m\u00eame s&rsquo;il n&rsquo;est pas officiel, est probablement la raison<br \/>\nprincipale de son d\u00e9part du groupe Volkswagen fin<br \/>\nnovembre.<\/strong> Mercedes a saisi l&rsquo;opportunit\u00e9 d&rsquo;engager un<br \/>\ndirigeant de premier ordre, frustr\u00e9 par son ancien employeur. Le<br \/>\nsecteur automobile allemand assiste rarement \u00e0 des mouvements aussi<br \/>\ndirects entre rivaux, et ce recrutement pourrait bien donner un<br \/>\navantage concurrentiel non n\u00e9gligeable \u00e0 Mercedes-AMG dans la<br \/>\ncourse aux supercars \u00e9lectriques de demain.<\/p>\n","protected":false},"excerpt":{"rendered":"Du c\u00f4t\u00e9 de Stuttgart, on vient de r\u00e9aliser un coup de ma\u00eetre en s&rsquo;offrant les services de l&rsquo;ancien&hellip;\n","protected":false},"author":2,"featured_media":587538,"comment_status":"","ping_status":"","sticky":false,"template":"","format":"standard","meta":{"footnotes":""},"categories":[6],"tags":[35,33,34,1011,27,1638],"class_list":{"0":"post-587537","1":"post","2":"type-post","3":"status-publish","4":"format-standard","5":"has-post-thumbnail","7":"category-economie","8":"tag-business","9":"tag-economie","10":"tag-economy","11":"tag-fr","12":"tag-france","13":"tag-has_diapo"},"share_on_mastodon":{"url":"https:\/\/pubeurope.com\/@fr\/115687096492132424","error":""},"_links":{"self":[{"href":"https:\/\/www.europesays.com\/fr\/wp-json\/wp\/v2\/posts\/587537","targetHints":{"allow":["GET"]}}],"collection":[{"href":"https:\/\/www.europesays.com\/fr\/wp-json\/wp\/v2\/posts"}],"about":[{"href":"https:\/\/www.europesays.com\/fr\/wp-json\/wp\/v2\/types\/post"}],"author":[{"embeddable":true,"href":"https:\/\/www.europesays.com\/fr\/wp-json\/wp\/v2\/users\/2"}],"replies":[{"embeddable":true,"href":"https:\/\/www.europesays.com\/fr\/wp-json\/wp\/v2\/comments?post=587537"}],"version-history":[{"count":0,"href":"https:\/\/www.europesays.com\/fr\/wp-json\/wp\/v2\/posts\/587537\/revisions"}],"wp:featuredmedia":[{"embeddable":true,"href":"https:\/\/www.europesays.com\/fr\/wp-json\/wp\/v2\/media\/587538"}],"wp:attachment":[{"href":"https:\/\/www.europesays.com\/fr\/wp-json\/wp\/v2\/media?parent=587537"}],"wp:term":[{"taxonomy":"category","embeddable":true,"href":"https:\/\/www.europesays.com\/fr\/wp-json\/wp\/v2\/categories?post=587537"},{"taxonomy":"post_tag","embeddable":true,"href":"https:\/\/www.europesays.com\/fr\/wp-json\/wp\/v2\/tags?post=587537"}],"curies":[{"name":"wp","href":"https:\/\/api.w.org\/{rel}","templated":true}]}}