{"id":587539,"date":"2025-12-09T01:49:13","date_gmt":"2025-12-09T01:49:13","guid":{"rendered":"https:\/\/www.europesays.com\/fr\/587539\/"},"modified":"2025-12-09T01:49:13","modified_gmt":"2025-12-09T01:49:13","slug":"a-londres-les-europeens-reaffirment-leur-soutien-a-kiev-en-esperant-une-convergence-avec-donald-trump","status":"publish","type":"post","link":"https:\/\/www.europesays.com\/fr\/587539\/","title":{"rendered":"\u00c0 Londres, les Europ\u00e9ens r\u00e9affirment leur soutien \u00e0 Kiev, en esp\u00e9rant une \u00ab\u00a0convergence\u00a0\u00bb avec Donald Trump"},"content":{"rendered":"<p>\n    <strong>D\u00c9CRYPTAGE<\/strong> &#8211; Invit\u00e9s avec Zelensky \u00e0 Downing Street par Keir Starmer, Emmanuel Macron et Friedrich Merz ont aussi discut\u00e9 de l\u2019utilisation des avoirs souverains russes gel\u00e9s pour des pr\u00eats destin\u00e9s \u00e0 l\u2019Ukraine.<\/p>\n<p class=\"fig-paragraph\">C\u2019est depuis Londres que les Europ\u00e9ens ont voulu afficher une nouvelle fois un front uni avec Volodymyr Zelensky,\u00a0<a href=\"http:\/\/www.lefigaro.fr\/international\/l-ukraine-et-l-europe-font-front-commun-pour-amender-le-projet-de-paix-de-donald-trump-20251201\" data-fig-type=\"Article\" data-gtm-custom-categorie=\"navigation\" data-gtm-custom-action=\"crossclick\" data-gtm-custom-label=\"Contextuel\" data-gtm-event=\"customEventSPE\" data-fig-domain=\"LEFIGARO\" target=\"_blank\" rel=\"noopener\">face aux pressions am\u00e9ricaines<\/a>. Le pr\u00e9sident ukrainien a \u00e9t\u00e9 re\u00e7u \u00e0 Downing Street par Keir Starmer, \u00e9paule contre \u00e9paule avec\u00a0<a href=\"http:\/\/www.lefigaro.fr\/international\/guerre-en-ukraine-emmanuel-macron-se-rend-a-londres-lundi-pour-rencontrer-volodymyr-zelensky-20251206\" data-fig-type=\"NewsFlash\" data-gtm-custom-categorie=\"navigation\" data-gtm-custom-action=\"crossclick\" data-gtm-custom-label=\"Contextuel\" data-gtm-event=\"customEventSPE\" data-fig-domain=\"LEFIGARO\" target=\"_blank\" rel=\"noopener\">Emmanuel Macron\u00a0<\/a>et le chancelier allemand Friedrich Merz. Zelensky a bien besoin de ces\u00a0<a href=\"http:\/\/www.lefigaro.fr\/international\/l-ukraine-et-l-europe-font-front-commun-pour-amender-le-projet-de-paix-de-donald-trump-20251201\" data-fig-type=\"Article\" data-gtm-custom-categorie=\"navigation\" data-gtm-custom-action=\"crossclick\" data-gtm-custom-label=\"Contextuel\" data-gtm-event=\"customEventSPE\" data-fig-domain=\"LEFIGARO\" target=\"_blank\" rel=\"noopener\">marques de solidarit\u00e9<\/a>, apr\u00e8s avoir essuy\u00e9 une nouvelle salve de reproches de la part du pr\u00e9sident am\u00e9ricain, qui insinue qu\u2019il bloque les n\u00e9gociations.<\/p>\n<p class=\"fig-paragraph\">\u00ab\u00a0Nous sommes solidaires de l\u2019Ukraine, a lanc\u00e9 Keir Starmer en accueillant l\u2019Ukrainien et ses soutiens continentaux \u00e0 Downing Street. Si un cessez-le-feu doit \u00eatre instaur\u00e9, il doit \u00eatre juste et durable\u00a0; c\u2019est pourquoi il est si important de r\u00e9affirmer sans cesse que les affaires concernant l\u2019Ukraine rel\u00e8vent de la comp\u00e9tence de l\u2019Ukraine.\u00a0\u00bb De son c\u00f4t\u00e9, le pr\u00e9sident ukrainien a d\u00e9clar\u00e9 rechercher \u00ab\u00a0une paix digne\u00a0\u00bb, ajoutant que \u00ab\u00a0la s\u00e9curit\u00e9 doit \u00eatre garantie.\u00a0\u00bb<\/p>\n<p class=\"fig-paragraph\">L\u2019\u00c9lys\u00e9e s\u2019est f\u00e9licit\u00e9 que ce rendez-vous\u2026<\/p>\n<p class=\"fig-premium-paywall__infos\">\n        Cet article est r\u00e9serv\u00e9 aux abonn\u00e9s.        Il vous reste 82% \u00e0 d\u00e9couvrir.\n    <\/p>\n<p>                <img  data- alt=\"Le Figaro\" class=\"fig-img--complete fig-img\"\/><\/p>\n<p class=\"fig-premium-paywall__title\">Vente Flash<\/p>\n<p class=\"fig-premium-paywall__subtitle\">-50% sur l&rsquo;abonnement num\u00e9rique<\/p>\n<p class=\"fig-premium-paywall__connect\">\n                D\u00e9j\u00e0 abonn\u00e9\u00a0?                <a class=\"fig-premium-paywall__connect-link\" href=\"https:\/\/connect.lefigaro.fr\/login?client=horizon_web&amp;type=main&amp;redirect_uri=https%3A%2F%2Fwww.lefigaro.fr%2Finternational%2Fa-londres-les-europeens-reaffirment-leur-soutien-a-kiev-en-esperant-une-convergence-avec-donald-trump-20251208\" data-js-gtm=\"{&quot;customCategorie&quot;: &quot;conversion&quot;, &quot;customAction&quot;: &quot;before_Landing_Connexion_paywall_auto&quot;, &quot;customLabel&quot;: &quot;bGVmaWdhcm8uZnJfXzFmMGQ0NGYxLTRhODgtNjY0Mi1iNjMwLTk3OWMxZDA1YmU0MF9fQXJ0aWNsZQ==_\u00c0 Londres, les Europ\u00e9ens r\u00e9affirment leur soutien \u00e0 Kiev, en esp\u00e9rant une \u00ab\u00a0convergence\u00a0\u00bb avec Donald Trump_34&quot;, &quot;customIDSPE&quot;: &quot;bGVmaWdhcm8uZnJfXzFmMGQ0NGYxLTRhODgtNjY0Mi1iNjMwLTk3OWMxZDA1YmU0MF9fQXJ0aWNsZQ==&quot;, &quot;event&quot;: &quot;customEventSPE&quot;}\" target=\"_blank\" rel=\"noopener\"><br \/>\n                    Connectez-vous<br \/>\n                <\/a>\n            <\/p>\n","protected":false},"excerpt":{"rendered":"D\u00c9CRYPTAGE &#8211; Invit\u00e9s avec Zelensky \u00e0 Downing Street par Keir Starmer, Emmanuel Macron et Friedrich Merz ont aussi&hellip;\n","protected":false},"author":2,"featured_media":587540,"comment_status":"","ping_status":"","sticky":false,"template":"","format":"standard","meta":{"footnotes":""},"categories":[5],"tags":[11,312,1011,27,14,12,473,220,28],"class_list":{"0":"post-587539","1":"post","2":"type-post","3":"status-publish","4":"format-standard","5":"has-post-thumbnail","7":"category-international","8":"tag-actualites","9":"tag-diplomatie","10":"tag-fr","11":"tag-france","12":"tag-international","13":"tag-news","14":"tag-royaume-uni","15":"tag-ukraine","16":"tag-world"},"share_on_mastodon":{"url":"","error":""},"_links":{"self":[{"href":"https:\/\/www.europesays.com\/fr\/wp-json\/wp\/v2\/posts\/587539","targetHints":{"allow":["GET"]}}],"collection":[{"href":"https:\/\/www.europesays.com\/fr\/wp-json\/wp\/v2\/posts"}],"about":[{"href":"https:\/\/www.europesays.com\/fr\/wp-json\/wp\/v2\/types\/post"}],"author":[{"embeddable":true,"href":"https:\/\/www.europesays.com\/fr\/wp-json\/wp\/v2\/users\/2"}],"replies":[{"embeddable":true,"href":"https:\/\/www.europesays.com\/fr\/wp-json\/wp\/v2\/comments?post=587539"}],"version-history":[{"count":0,"href":"https:\/\/www.europesays.com\/fr\/wp-json\/wp\/v2\/posts\/587539\/revisions"}],"wp:featuredmedia":[{"embeddable":true,"href":"https:\/\/www.europesays.com\/fr\/wp-json\/wp\/v2\/media\/587540"}],"wp:attachment":[{"href":"https:\/\/www.europesays.com\/fr\/wp-json\/wp\/v2\/media?parent=587539"}],"wp:term":[{"taxonomy":"category","embeddable":true,"href":"https:\/\/www.europesays.com\/fr\/wp-json\/wp\/v2\/categories?post=587539"},{"taxonomy":"post_tag","embeddable":true,"href":"https:\/\/www.europesays.com\/fr\/wp-json\/wp\/v2\/tags?post=587539"}],"curies":[{"name":"wp","href":"https:\/\/api.w.org\/{rel}","templated":true}]}}