{"id":587544,"date":"2025-12-09T01:53:21","date_gmt":"2025-12-09T01:53:21","guid":{"rendered":"https:\/\/www.europesays.com\/fr\/587544\/"},"modified":"2025-12-09T01:53:21","modified_gmt":"2025-12-09T01:53:21","slug":"un-record-daffluence-attendu-il-reste-encore-des-places","status":"publish","type":"post","link":"https:\/\/www.europesays.com\/fr\/587544\/","title":{"rendered":"un record d\u2019affluence attendu, il reste encore des places"},"content":{"rendered":"<p>                    Par<br \/>\n        <strong><br \/>\n            <a href=\"https:\/\/actu.fr\/auteur\/aurelien-burban\" title=\"Consulter tous les articles de Aur\u00e9lien Burban\" target=\"_blank\" rel=\"noopener\">Aur\u00e9lien Burban<\/a><br \/>\n                    <\/strong><\/p>\n<p>        Publi\u00e9 le<\/p>\n<p>            8 d\u00e9c. 2025 \u00e0 18h09        <\/p>\n<p>Encore une semaine pour avoir une place pour un grand match. Samedi 3\u00a0janvier 2026, \u00e0 20\u2009h, <b>Le\u00a0Mans FC<\/b> (<a href=\"https:\/\/actu.fr\/pays-de-la-loire\/sarthe_72\" target=\"_blank\" rel=\"noopener\">Sarthe<\/a>) accueillera le c\u00e9l\u00e8bre club de l\u2019<a href=\"https:\/\/actu.fr\/tag\/association-sportive-saint-etienne-asse\" target=\"_blank\" rel=\"noopener\">AS Saint-\u00c9tienne<\/a> dans un stade Marie-Marvingt qui promet d\u2019\u00eatre plein.<\/p>\n<p class=\" wall-content\">Vous pouvez encore obtenir des places en vue d\u2019observer cette rencontre de gala pour commencer l\u2019ann\u00e9e.<\/p>\n<p>Une billetterie unique pour le match entre Le\u00a0Mans FC et Saint-\u00c9tienne<\/p>\n<p class=\" wall-content\">L\u2019offre du pack duo des oppositions contre Saint-\u00c9tienne puis <a href=\"https:\/\/actu.fr\/hauts-de-france\/dunkerque_59183\" target=\"_blank\" rel=\"noopener\">Dunkerque<\/a> (et donc des matches \u00e0 moiti\u00e9 prix) a connu un v\u00e9ritable succ\u00e8s. Le club manceau annonce m\u00eame que le <a href=\"https:\/\/actu.fr\/pays-de-la-loire\/le-mans_72181\/ligue-2-le-mans-fc-accueille-amiens-pour-feter-noel_63539623.html\" target=\"_blank\" rel=\"noopener\">record d\u2019affluence de 20\u2009839, lors du duel face \u00e0 Amiens en Ligue\u00a02<\/a>, pourrait d\u00e9j\u00e0 \u00eatre battu.<\/p>\n<p class=\" wall-content\">Cette fois, c\u2019est une billetterie unique pour le premier match de 2026. Elle ouvre cette semaine, aux tarifs match de gala\u2009: <b>pr\u00e9vente de 14 \u00e0 40\u00a0\u20ac (r\u00e9duit de 11 \u00e0 32\u00a0\u20ac), le jour m\u00eame de 17 \u00e0 43\u00a0\u20ac (r\u00e9duit de 14 \u00e0 35\u00a0\u20ac)<\/b>.<\/p>\n<p>Priorit\u00e9 aux abonn\u00e9s<\/p>\n<p class=\" wall-content\">Priorit\u00e9 aux abonn\u00e9s qui pourront se procurer une place d\u00e8s ce mardi 9\u00a0d\u00e9cembre 2025, \u00e0 10\u2009h, en se rendant \u00e0 La Pincenardi\u00e8re ou sur le site internet du\u00a0<a href=\"https:\/\/actu.fr\/tag\/le-mans-fc\" target=\"_blank\" rel=\"noopener\">Mans FC<\/a>.<\/p>\n<p class=\" wall-content\">Pour le grand public, il faut attendre jeudi, 10\u2009h, pour se rendre \u00e0 La Pincenardi\u00e8re, sur le <a href=\"https:\/\/billetterie.stademariemarvingt.com\/fr\" target=\"_blank\" rel=\"noopener\">site internet<\/a>, ou dans les magasins distributeurs (E.Leclerc Le\u00a0Mans, U Arnage, Beaumont-sur-Sarthe, Chang\u00e9, \u00c9commoy, Sainte-Jamme-sur-Sarthe et Sill\u00e9-le-Guillaume).<\/p>\n<p>Votre r\u00e9gion, votre actu !<\/p>\n<p>Recevez chaque jour les infos qui comptent pour vous.<\/p>\n<p>\t<a href=\"https:\/\/actu.fr\/newsletter\" class=\"ac-btn ac-btn--corner ac-btn--medium ac-btn--blue800\" target=\"_blank\" rel=\"noopener\">S&rsquo;incrire<\/a><\/p>\n<p class=\" wall-content\">\u00c0 noter que l\u2019entr\u00e9e est offerte pour les moins de 6\u00a0ans. Leur billet, obligatoire, est \u00e0 retirer uniquement \u00e0 La Pincenardi\u00e8re (dans la limite des places disponibles).<\/p>\n<p class=\" wall-content\">Personnalisez votre actualit\u00e9 en ajoutant vos villes et m\u00e9dias en favori avec <a href=\"https:\/\/moncompte.actu.fr\" title=\"D\u00e9couvez Mon Actu\" rel=\"nofollow noopener\" data-trk=\"{&quot;cta&quot;:{&quot;action&quot;:&quot;https:\\\/\\\/moncompte.actu.fr&quot;,&quot;category&quot;:&quot;mon compte&quot;,&quot;from&quot;:&quot;article footer&quot;,&quot;name&quot;:&quot;Mon actu&quot;,&quot;type&quot;:&quot;cta&quot;}}\" target=\"_blank\">Mon Actu<\/a>.<\/p>\n","protected":false},"excerpt":{"rendered":"Par Aur\u00e9lien Burban Publi\u00e9 le 8 d\u00e9c. 2025 \u00e0 18h09 Encore une semaine pour avoir une place pour&hellip;\n","protected":false},"author":2,"featured_media":587545,"comment_status":"","ping_status":"","sticky":false,"template":"","format":"standard","meta":{"footnotes":""},"categories":[9653],"tags":[1111,11,1261,8019,2430,1777,674,63,1011,27,40797,12,25,4001,60],"class_list":{"0":"post-587544","1":"post","2":"type-post","3":"status-publish","4":"format-standard","5":"has-post-thumbnail","7":"category-saint-etienne","8":"tag-actu","9":"tag-actualites","10":"tag-argent","11":"tag-association-sportive-saint-etienne-asse","12":"tag-auvergne-rhone-alpes","13":"tag-eu","14":"tag-europe","15":"tag-football","16":"tag-fr","17":"tag-france","18":"tag-le-mans-fc","19":"tag-news","20":"tag-republique-francaise","21":"tag-saint-etienne","22":"tag-sports"},"share_on_mastodon":{"url":"https:\/\/pubeurope.com\/@fr\/115687116321604419","error":""},"_links":{"self":[{"href":"https:\/\/www.europesays.com\/fr\/wp-json\/wp\/v2\/posts\/587544","targetHints":{"allow":["GET"]}}],"collection":[{"href":"https:\/\/www.europesays.com\/fr\/wp-json\/wp\/v2\/posts"}],"about":[{"href":"https:\/\/www.europesays.com\/fr\/wp-json\/wp\/v2\/types\/post"}],"author":[{"embeddable":true,"href":"https:\/\/www.europesays.com\/fr\/wp-json\/wp\/v2\/users\/2"}],"replies":[{"embeddable":true,"href":"https:\/\/www.europesays.com\/fr\/wp-json\/wp\/v2\/comments?post=587544"}],"version-history":[{"count":0,"href":"https:\/\/www.europesays.com\/fr\/wp-json\/wp\/v2\/posts\/587544\/revisions"}],"wp:featuredmedia":[{"embeddable":true,"href":"https:\/\/www.europesays.com\/fr\/wp-json\/wp\/v2\/media\/587545"}],"wp:attachment":[{"href":"https:\/\/www.europesays.com\/fr\/wp-json\/wp\/v2\/media?parent=587544"}],"wp:term":[{"taxonomy":"category","embeddable":true,"href":"https:\/\/www.europesays.com\/fr\/wp-json\/wp\/v2\/categories?post=587544"},{"taxonomy":"post_tag","embeddable":true,"href":"https:\/\/www.europesays.com\/fr\/wp-json\/wp\/v2\/tags?post=587544"}],"curies":[{"name":"wp","href":"https:\/\/api.w.org\/{rel}","templated":true}]}}