{"id":587551,"date":"2025-12-09T01:59:16","date_gmt":"2025-12-09T01:59:16","guid":{"rendered":"https:\/\/www.europesays.com\/fr\/587551\/"},"modified":"2025-12-09T01:59:16","modified_gmt":"2025-12-09T01:59:16","slug":"des-debats-parlementaires-de-1905-au-combat-de-charlie-hebdo-montpellier-celebre-la-laicite-ce-mardi","status":"publish","type":"post","link":"https:\/\/www.europesays.com\/fr\/587551\/","title":{"rendered":"Des d\u00e9bats parlementaires de 1905 au combat de Charlie Hebdo, Montpellier c\u00e9l\u00e8bre la la\u00efcit\u00e9 ce mardi"},"content":{"rendered":"<p>\n                                                                \u00c0 Montpellier, exposition et projection pour la 5e Journ\u00e9e de la La\u00efcit\u00e9, ce mardi 8\u00a0d\u00e9cembre.\n                            <\/p>\n<p>Les \u00e9l\u00e8ves de l\u2019\u00e9cole L\u00e9o Mallet, \u00e0 Celleneuve, ont ouvert d\u00e8s ce lundi la 5e \u00e9dition de la Journ\u00e9e de la La\u00efcit\u00e9, organis\u00e9e mardi 9\u00a0d\u00e9cembre \u00e0 Montpellier. Dans leur\u00a0cour de r\u00e9cr\u00e9ation, les \u00e9coliers ont ainsi plant\u00e9 symboliquement un arbre pour \u00ab\u00a0r\u00e9affirmer cette valeur r\u00e9publicaine essentielle\u00a0\u00bb, peut-on lire sur l\u2019\u00e9criteau positionn\u00e9 \u00e0 proximit\u00e9.<\/p>\n<p>Le processus de s\u00e9cularisation retrac\u00e9 dans une exposition<\/p>\n<p>Pour les cent vingt ans de la loi fondatrice de 1905, la Ville propose une s\u00e9rie d\u2019\u00e9v\u00e9nements \u00e0 destination des \u00e9coliers et du grand public. Notamment l\u2019exposition La S\u00e9paration, 21 panneaux pr\u00e9sentant des caricatures, dessins et articles de presse pour retracer la s\u00e9paration progressive de l\u2019\u00c9glise et de l\u2019\u00c9tat entre\u00a01789 et\u00a01905. Un parcours \u00e0 d\u00e9couvrir jusqu\u2019au 17\u00a0d\u00e9cembre salle Danielle Mitterrand, \u00e0 l\u2019H\u00f4tel de Ville.<\/p>\n<p>Double projection au Centre Rabelais<\/p>\n<p>Mais aussi une double projection, au Centre Rabelais. D\u00e8s 14\u00a0h\u00a030, le professeur \u00e9m\u00e9rite de droit et de sciences politiques Michel Miaille introduira le film La S\u00e9paration, coproduit par la Ligue de l\u2019enseignement et La cha\u00eene Parlementaire. Un docufiction qui retrace les d\u00e9bats fleuves qui ont agit\u00e9 la Chambre des D\u00e9put\u00e9s, jusqu\u2019\u00e0 l\u2019adoption de la loi.<\/p>\n<p>\u00c0 20\u00a0h\u00a030, projection du film Dieu peut se d\u00e9fendre tout seul. Le documentaire d\u2019Isabelle Cottenceau retrace la plaidoirie de l\u2019avocat\u00a0Richard Malka, et \u00e0 travers elle le combat pour la libert\u00e9 d\u2019expression men\u00e9 par\u00a0Charlie Hebdo.<\/p>\n","protected":false},"excerpt":{"rendered":"\u00c0 Montpellier, exposition et projection pour la 5e Journ\u00e9e de la La\u00efcit\u00e9, ce mardi 8\u00a0d\u00e9cembre. Les \u00e9l\u00e8ves de&hellip;\n","protected":false},"author":2,"featured_media":587552,"comment_status":"","ping_status":"","sticky":false,"template":"","format":"standard","meta":{"footnotes":""},"categories":[9599],"tags":[1111,11,1777,674,1011,27,7089,2208,12,2680,25,1857],"class_list":{"0":"post-587551","1":"post","2":"type-post","3":"status-publish","4":"format-standard","5":"has-post-thumbnail","7":"category-montpellier","8":"tag-actu","9":"tag-actualites","10":"tag-eu","11":"tag-europe","12":"tag-fr","13":"tag-france","14":"tag-herault","15":"tag-montpellier","16":"tag-news","17":"tag-occitanie","18":"tag-republique-francaise","19":"tag-sociu00e9tu00e9"},"share_on_mastodon":{"url":"https:\/\/pubeurope.com\/@fr\/115687139964238665","error":""},"_links":{"self":[{"href":"https:\/\/www.europesays.com\/fr\/wp-json\/wp\/v2\/posts\/587551","targetHints":{"allow":["GET"]}}],"collection":[{"href":"https:\/\/www.europesays.com\/fr\/wp-json\/wp\/v2\/posts"}],"about":[{"href":"https:\/\/www.europesays.com\/fr\/wp-json\/wp\/v2\/types\/post"}],"author":[{"embeddable":true,"href":"https:\/\/www.europesays.com\/fr\/wp-json\/wp\/v2\/users\/2"}],"replies":[{"embeddable":true,"href":"https:\/\/www.europesays.com\/fr\/wp-json\/wp\/v2\/comments?post=587551"}],"version-history":[{"count":0,"href":"https:\/\/www.europesays.com\/fr\/wp-json\/wp\/v2\/posts\/587551\/revisions"}],"wp:featuredmedia":[{"embeddable":true,"href":"https:\/\/www.europesays.com\/fr\/wp-json\/wp\/v2\/media\/587552"}],"wp:attachment":[{"href":"https:\/\/www.europesays.com\/fr\/wp-json\/wp\/v2\/media?parent=587551"}],"wp:term":[{"taxonomy":"category","embeddable":true,"href":"https:\/\/www.europesays.com\/fr\/wp-json\/wp\/v2\/categories?post=587551"},{"taxonomy":"post_tag","embeddable":true,"href":"https:\/\/www.europesays.com\/fr\/wp-json\/wp\/v2\/tags?post=587551"}],"curies":[{"name":"wp","href":"https:\/\/api.w.org\/{rel}","templated":true}]}}