{"id":587556,"date":"2025-12-09T02:08:26","date_gmt":"2025-12-09T02:08:26","guid":{"rendered":"https:\/\/www.europesays.com\/fr\/587556\/"},"modified":"2025-12-09T02:08:26","modified_gmt":"2025-12-09T02:08:26","slug":"bordeaux-lyon-nice-le-rennais-nexhos-mise-sur-les-auberges-de-jeunesse-nouvelle-generation","status":"publish","type":"post","link":"https:\/\/www.europesays.com\/fr\/587556\/","title":{"rendered":"Bordeaux, Lyon, Nice\u2026 Le rennais Nexhos mise sur les auberges de jeunesse nouvelle g\u00e9n\u00e9ration"},"content":{"rendered":"<p>Cap sur l\u2019h\u00f4tellerie pour le groupe rennais Nexhos. N\u00e9e de <a href=\"https:\/\/www.letelegramme.fr\/ille-et-vilaine\/rennes-35000\/pascal-martin-quitte-le-groupe-breton-legendre-et-reprend-deux-de-ses-activites-6512574.php\" target=\"_blank\" rel=\"noopener\">la scission des branches \u00c9nergie et Exploitation d\u2019espaces<\/a> du groupe Legendre, l\u2019entreprise pilot\u00e9e par Pascal Martin annonce, ce lundi 8 d\u00e9cembre, le rachat du lyonnais SLO Hostels. L&rsquo;op\u00e9ration, boucl\u00e9e pour un montant non communiqu\u00e9, doit lui permettre d\u2019acc\u00e9l\u00e9rer son d\u00e9veloppement sur le cr\u00e9neau des \u00ab hostels \u00bb, version moderne des auberges de jeunesse m\u00ealant dortoirs, chambres partag\u00e9es ou individuelles, et parfois m\u00eames des appartements. Encore r\u00e9duit, le secteur se d\u00e9veloppe \u00e0 vitesse grand V en France, selon le cabinet de conseil Rydge (ex-KPMG), qui d\u00e9nombre 16 000 lits en 2024 contre 8 000 en 2020.<\/p>\n<p>\u00c9galement pr\u00e9sent dans le domaine de l\u2019\u00e9nergie, des r\u00e9sidences \u00e9tudiantes et des bureaux op\u00e9r\u00e9s, le groupe Nexhos (90 salari\u00e9s, 31 M\u20ac de chiffre d\u2019affaires) exploite d\u00e9j\u00e0 un hostel de 200 lits \u00e0 Bordeaux. Avec SLO, il en int\u00e8gre trois suppl\u00e9mentaires &#8211; deux \u00e0 Lyon et un Nice &#8211; qui, ensemble, comptent 300 lits pour un chiffre d\u2019affaires annuel de 4 M\u20ac.<\/p>\n<p>Objectif : 1 500 lits dans 10 villes en 2030<\/p>\n<p>\u00c0 court terme, ces trois \u00e9tablissements seront r\u00e9nov\u00e9s et agrandis de 250 lits, tandis que l\u2019implantation bordelaise passera sous la banni\u00e8re SLO. Nexhos compte ensuite ouvrir deux nouveaux \u00ab hostels \u00bb d\u2019une capacit\u00e9 de 250 lits \u00e0 Annecy et Nantes, pour atteindre 1 000 lits fin 2028. \u00c0 l\u2019horizon 2030, le groupe vise 1 500 lits dans 10 villes.<\/p>\n<p>Cr\u00e9\u00e9 en 2014, SLO emploie 30 salari\u00e9s. \u00ab Ils rejoignent le groupe Nexhos, aux c\u00f4t\u00e9s des trois fondateurs (Pierric Soum, Julien Routil et Charlotte Bollard) qui accompagneront cette reprise \u00bb, indique Nexhos dans un communiqu\u00e9.<\/p>\n","protected":false},"excerpt":{"rendered":"Cap sur l\u2019h\u00f4tellerie pour le groupe rennais Nexhos. N\u00e9e de la scission des branches \u00c9nergie et Exploitation d\u2019espaces&hellip;\n","protected":false},"author":2,"featured_media":587557,"comment_status":"","ping_status":"","sticky":false,"template":"","format":"standard","meta":{"footnotes":""},"categories":[2821],"tags":[1111,11,829,1777,674,1011,27,848,4555,12,584,25],"class_list":{"0":"post-587556","1":"post","2":"type-post","3":"status-publish","4":"format-standard","5":"has-post-thumbnail","7":"category-rennes","8":"tag-actu","9":"tag-actualites","10":"tag-bretagne","11":"tag-eu","12":"tag-europe","13":"tag-fr","14":"tag-france","15":"tag-ille-et-vilaine","16":"tag-local","17":"tag-news","18":"tag-rennes","19":"tag-republique-francaise"},"share_on_mastodon":{"url":"https:\/\/pubeurope.com\/@fr\/115687175268676575","error":""},"_links":{"self":[{"href":"https:\/\/www.europesays.com\/fr\/wp-json\/wp\/v2\/posts\/587556","targetHints":{"allow":["GET"]}}],"collection":[{"href":"https:\/\/www.europesays.com\/fr\/wp-json\/wp\/v2\/posts"}],"about":[{"href":"https:\/\/www.europesays.com\/fr\/wp-json\/wp\/v2\/types\/post"}],"author":[{"embeddable":true,"href":"https:\/\/www.europesays.com\/fr\/wp-json\/wp\/v2\/users\/2"}],"replies":[{"embeddable":true,"href":"https:\/\/www.europesays.com\/fr\/wp-json\/wp\/v2\/comments?post=587556"}],"version-history":[{"count":0,"href":"https:\/\/www.europesays.com\/fr\/wp-json\/wp\/v2\/posts\/587556\/revisions"}],"wp:featuredmedia":[{"embeddable":true,"href":"https:\/\/www.europesays.com\/fr\/wp-json\/wp\/v2\/media\/587557"}],"wp:attachment":[{"href":"https:\/\/www.europesays.com\/fr\/wp-json\/wp\/v2\/media?parent=587556"}],"wp:term":[{"taxonomy":"category","embeddable":true,"href":"https:\/\/www.europesays.com\/fr\/wp-json\/wp\/v2\/categories?post=587556"},{"taxonomy":"post_tag","embeddable":true,"href":"https:\/\/www.europesays.com\/fr\/wp-json\/wp\/v2\/tags?post=587556"}],"curies":[{"name":"wp","href":"https:\/\/api.w.org\/{rel}","templated":true}]}}