{"id":587558,"date":"2025-12-09T02:09:22","date_gmt":"2025-12-09T02:09:22","guid":{"rendered":"https:\/\/www.europesays.com\/fr\/587558\/"},"modified":"2025-12-09T02:09:22","modified_gmt":"2025-12-09T02:09:22","slug":"oberhaslach-les-rennes-du-pere-noel-font-escale-au-village","status":"publish","type":"post","link":"https:\/\/www.europesays.com\/fr\/587558\/","title":{"rendered":"Oberhaslach. Les rennes du p\u00e8re No\u00ebl font escale au village"},"content":{"rendered":"<p>Le samedi 22\u00a0novembre, les b\u00e9n\u00e9voles d\u2019Oberhaslach ont install\u00e9 les d\u00e9cors de No\u00ebl, malgr\u00e9 un froid mordant. Des heures de travail ont \u00e9t\u00e9 n\u00e9cessaires pour plonger le village dans une ambiance hivernale magique. Grande nouveaut\u00e9 cette ann\u00e9e\u00a0: \u00e0 l\u2019entr\u00e9e du village tr\u00f4nent d\u00e9sormais les neuf rennes du p\u00e8re No\u00ebl, plus vrais que nature. Tous portent un collier \u00e0 leur nom, mais Rudolph reste le plus reconnaissable gr\u00e2ce \u00e0 son nez rouge. Toujours plac\u00e9 en t\u00eate du groupe, il \u00e9claire le tra\u00eeneau du p\u00e8re No\u00ebl.<\/p>\n","protected":false},"excerpt":{"rendered":"Le samedi 22\u00a0novembre, les b\u00e9n\u00e9voles d\u2019Oberhaslach ont install\u00e9 les d\u00e9cors de No\u00ebl, malgr\u00e9 un froid mordant. Des heures&hellip;\n","protected":false},"author":2,"featured_media":587559,"comment_status":"","ping_status":"","sticky":false,"template":"","format":"standard","meta":{"footnotes":""},"categories":[2821],"tags":[1111,11,829,1687,24625,1777,674,3326,1011,27,12,70058,584,25,24624],"class_list":{"0":"post-587558","1":"post","2":"type-post","3":"status-publish","4":"format-standard","5":"has-post-thumbnail","7":"category-rennes","8":"tag-actu","9":"tag-actualites","10":"tag-bretagne","11":"tag-culture-loisirs","12":"tag-edition-molsheim-obernai","13":"tag-eu","14":"tag-europe","15":"tag-fete-locale","16":"tag-fr","17":"tag-france","18":"tag-news","19":"tag-oberhaslach","20":"tag-rennes","21":"tag-republique-francaise","22":"tag-secteur-de-molsheim"},"share_on_mastodon":{"url":"https:\/\/pubeurope.com\/@fr\/115687179248643133","error":""},"_links":{"self":[{"href":"https:\/\/www.europesays.com\/fr\/wp-json\/wp\/v2\/posts\/587558","targetHints":{"allow":["GET"]}}],"collection":[{"href":"https:\/\/www.europesays.com\/fr\/wp-json\/wp\/v2\/posts"}],"about":[{"href":"https:\/\/www.europesays.com\/fr\/wp-json\/wp\/v2\/types\/post"}],"author":[{"embeddable":true,"href":"https:\/\/www.europesays.com\/fr\/wp-json\/wp\/v2\/users\/2"}],"replies":[{"embeddable":true,"href":"https:\/\/www.europesays.com\/fr\/wp-json\/wp\/v2\/comments?post=587558"}],"version-history":[{"count":0,"href":"https:\/\/www.europesays.com\/fr\/wp-json\/wp\/v2\/posts\/587558\/revisions"}],"wp:featuredmedia":[{"embeddable":true,"href":"https:\/\/www.europesays.com\/fr\/wp-json\/wp\/v2\/media\/587559"}],"wp:attachment":[{"href":"https:\/\/www.europesays.com\/fr\/wp-json\/wp\/v2\/media?parent=587558"}],"wp:term":[{"taxonomy":"category","embeddable":true,"href":"https:\/\/www.europesays.com\/fr\/wp-json\/wp\/v2\/categories?post=587558"},{"taxonomy":"post_tag","embeddable":true,"href":"https:\/\/www.europesays.com\/fr\/wp-json\/wp\/v2\/tags?post=587558"}],"curies":[{"name":"wp","href":"https:\/\/api.w.org\/{rel}","templated":true}]}}