{"id":587560,"date":"2025-12-09T02:10:19","date_gmt":"2025-12-09T02:10:19","guid":{"rendered":"https:\/\/www.europesays.com\/fr\/587560\/"},"modified":"2025-12-09T02:10:19","modified_gmt":"2025-12-09T02:10:19","slug":"pourquoi-3-vehicules-ont-ete-bloques-sur-les-rails-du-tram-en-quelques-jours","status":"publish","type":"post","link":"https:\/\/www.europesays.com\/fr\/587560\/","title":{"rendered":"pourquoi 3 v\u00e9hicules ont \u00e9t\u00e9 bloqu\u00e9s sur les rails du tram en quelques jours"},"content":{"rendered":"<p>                    Par<br \/>\n        <strong><br \/>\n            <a href=\"https:\/\/actu.fr\/auteur\/thomas-blanc\" title=\"Consulter tous les articles de Thomas Blanc\" target=\"_blank\" rel=\"noopener\">Thomas Blanc<\/a><br \/>\n                    <\/strong><\/p>\n<p>        Publi\u00e9 le<\/p>\n<p>            8 d\u00e9c. 2025 \u00e0 17h38        <\/p>\n<p>Depuis le samedi 6\u00a0d\u00e9cembre,<strong> trois faits parfaitement similaires<\/strong> ont \u00e9t\u00e9 recens\u00e9s rue de Ribeauvill\u00e9 \u00e0 <a href=\"https:\/\/actu.fr\/strasbourg\/\" target=\"_blank\" rel=\"noopener\">Strasbourg<\/a>. Plusieurs v\u00e9hicules se sont en effet <strong>embourb\u00e9s sur les rails<\/strong> du tram, paralysant la circulation de ce dernier.<\/p>\n<p>    <a href=\"https:\/\/www.google.com\/maps\/embed?pb=!1m18!1m12!1m3!1d11837.3184128942!2d7.769626552195755!3d48.569383310666744!2m3!1f0!2f0!3f0!3m2!1i1024!2i768!4f13.1!3m3!1m2!1s0x4796c911a518883d%3A0xf92233dbdc0e1e80!2sLyc%C3%A9e-Jean-Monnet!5e0!3m2!1sfr!2sfr!4v1765202979140!5m2!1sfr!2sfr\" title=\"Ouvrie le lien\" target=\"_blank\" rel=\"noopener\">Cliquez ici pour visualiser le contenu<\/a><\/p>\n<p>Trois v\u00e9hicules en moins de 48h bloqu\u00e9s au m\u00eame endroit<\/p>\n<p class=\" wall-content\">Cette s\u00e9rie a commenc\u00e9 avec un v\u00e9hicule l\u00e9ger, \u00e0 <strong>7h du matin le samedi 6\u00a0d\u00e9cembre<\/strong>. Quelques m\u00e8tres apr\u00e8s l\u2019arr\u00eat Lyc\u00e9e Jean Monnet, il s\u2019est tanqu\u00e9 sur le site du tramway, entre les voies de circulation pour voitures.<\/p>\n<p class=\" wall-content\">Rebelote <strong>peu avant 9h<\/strong>. Cette fois c\u2019est <a href=\"https:\/\/actu.fr\/grand-est\/strasbourg_67482\/strasbourg-le-trafic-cts-bloque-a-cause-d-un-camion-embourbe-sur-les-voies-du-tram_63540182.html\" target=\"_blank\" rel=\"noopener\">un camion qui s\u2019est embourb\u00e9 sur les voies du tram<\/a>. La d\u00e9panneuse s\u2019est fait attendre sur place et le trafic de la <a href=\"https:\/\/actu.fr\/tag\/compagnie-des-transports-strasbourgeois-cts\" target=\"_blank\" rel=\"noopener\">Compagnie des transports strasbourgeois (CTS)<\/a> a \u00e9t\u00e9 <strong>perturb\u00e9 plusieurs heures<\/strong>.<\/p>\n<p class=\" wall-content\">La CTS nous fait \u00e9galement savoir qu\u2019un \u00e9v\u00e8nement identique s\u2019est produit ce lundi 8\u00a0d\u00e9cembre<strong> aux alentours de 4h<\/strong>, sur la m\u00eame portion de rails.<\/p>\n<p>Ils roulent sur le site du tram pour contourner des travaux<\/p>\n<p class=\" wall-content\">D\u2019apr\u00e8s le g\u00e9rant du pressing Badyna, donnant directement sur le lieu o\u00f9 les v\u00e9hicules sont rest\u00e9s bloqu\u00e9s, les conducteurs essayaient de<strong> contourner les travaux<\/strong> qui bloquent la rue de Ribeauvill\u00e9. \u00ab\u2009La terre est molle sur le tron\u00e7on du tram, ils ne s\u2019en rendent pas compte et<strong> y restent bloqu\u00e9s<\/strong>\u2009\u00bb, explique-t-il.<\/p>\n<p>Votre r\u00e9gion, votre actu !<\/p>\n<p>Recevez chaque jour les infos qui comptent pour vous.<\/p>\n<p>\t<a href=\"https:\/\/actu.fr\/newsletter\" class=\"ac-btn ac-btn--corner ac-btn--medium ac-btn--blue800\" target=\"_blank\" rel=\"noopener\">S&rsquo;incrire<\/a><\/p>\n<p class=\" wall-content\">D\u2019apr\u00e8s la Ville de Strasbourg, ce sont des travaux de d\u00e9ploiement du r\u00e9seau de chaleur qui emp\u00eachent les automobilistes de poursuivre leur route normalement. Sur place, deux panneaux indiquent bien 100\u00a0m\u00e8tres en amont que la rue est bloqu\u00e9e par un chantier.<\/p>\n<p>Une perturbation sur le r\u00e9seau de bus \u00e9galement<\/p>\n<p class=\" wall-content\">M\u00eame explication du c\u00f4t\u00e9 de la CTS qui explique \u00ab\u2009subir la situation\u2009\u00bb. \u00ab\u2009Les conducteurs utilisent les voies du tram pour continuer tout droit en contournant les travaux sur la chauss\u00e9e \u00e0 partir de l\u2019angle <strong>de la rue de Zellenberg,<\/strong> ce qui provoque leur enlisement\u2009\u00bb, nous dit-on.<\/p>\n<p class=\" wall-content\">\n<p class=\" wall-content\">\u00c0 un tout autre endroit, un quatri\u00e8me v\u00e9hicule embourb\u00e9 a encore caus\u00e9 du souci \u00e0 la CTS le dimanche 7 d\u00e9cembre. Il emp\u00eachait le retournement <strong>des bus de la ligne Chron\u2019hop C5<\/strong> \u00e0 leur terminus \u00e0 Koenigshoffen. R\u00e9sultat, le terminus a d\u00fb<strong> \u00eatre d\u00e9plac\u00e9<\/strong> une partie de l\u2019apr\u00e8s-midi.<\/p>\n<p class=\" wall-content\">Personnalisez votre actualit\u00e9 en ajoutant vos villes et m\u00e9dias en favori avec <a href=\"https:\/\/moncompte.actu.fr\" title=\"D\u00e9couvez Mon Actu\" rel=\"nofollow noopener\" data-trk=\"{&quot;cta&quot;:{&quot;action&quot;:&quot;https:\\\/\\\/moncompte.actu.fr&quot;,&quot;category&quot;:&quot;mon compte&quot;,&quot;from&quot;:&quot;article footer&quot;,&quot;name&quot;:&quot;Mon actu&quot;,&quot;type&quot;:&quot;cta&quot;}}\" target=\"_blank\">Mon Actu<\/a>.<\/p>\n","protected":false},"excerpt":{"rendered":"Par Thomas Blanc Publi\u00e9 le 8 d\u00e9c. 2025 \u00e0 17h38 Depuis le samedi 6\u00a0d\u00e9cembre, trois faits parfaitement similaires&hellip;\n","protected":false},"author":2,"featured_media":587561,"comment_status":"","ping_status":"","sticky":false,"template":"","format":"standard","meta":{"footnotes":""},"categories":[2820],"tags":[1111,11,7344,1777,674,1011,27,775,12,25,104,640],"class_list":{"0":"post-587560","1":"post","2":"type-post","3":"status-publish","4":"format-standard","5":"has-post-thumbnail","7":"category-strasbourg","8":"tag-actu","9":"tag-actualites","10":"tag-compagnie-des-transports-strasbourgeois-cts","11":"tag-eu","12":"tag-europe","13":"tag-fr","14":"tag-france","15":"tag-grand-est","16":"tag-news","17":"tag-republique-francaise","18":"tag-societe","19":"tag-strasbourg"},"share_on_mastodon":{"url":"https:\/\/pubeurope.com\/@fr\/115687183417886103","error":""},"_links":{"self":[{"href":"https:\/\/www.europesays.com\/fr\/wp-json\/wp\/v2\/posts\/587560","targetHints":{"allow":["GET"]}}],"collection":[{"href":"https:\/\/www.europesays.com\/fr\/wp-json\/wp\/v2\/posts"}],"about":[{"href":"https:\/\/www.europesays.com\/fr\/wp-json\/wp\/v2\/types\/post"}],"author":[{"embeddable":true,"href":"https:\/\/www.europesays.com\/fr\/wp-json\/wp\/v2\/users\/2"}],"replies":[{"embeddable":true,"href":"https:\/\/www.europesays.com\/fr\/wp-json\/wp\/v2\/comments?post=587560"}],"version-history":[{"count":0,"href":"https:\/\/www.europesays.com\/fr\/wp-json\/wp\/v2\/posts\/587560\/revisions"}],"wp:featuredmedia":[{"embeddable":true,"href":"https:\/\/www.europesays.com\/fr\/wp-json\/wp\/v2\/media\/587561"}],"wp:attachment":[{"href":"https:\/\/www.europesays.com\/fr\/wp-json\/wp\/v2\/media?parent=587560"}],"wp:term":[{"taxonomy":"category","embeddable":true,"href":"https:\/\/www.europesays.com\/fr\/wp-json\/wp\/v2\/categories?post=587560"},{"taxonomy":"post_tag","embeddable":true,"href":"https:\/\/www.europesays.com\/fr\/wp-json\/wp\/v2\/tags?post=587560"}],"curies":[{"name":"wp","href":"https:\/\/api.w.org\/{rel}","templated":true}]}}