{"id":587562,"date":"2025-12-09T02:11:32","date_gmt":"2025-12-09T02:11:32","guid":{"rendered":"https:\/\/www.europesays.com\/fr\/587562\/"},"modified":"2025-12-09T02:11:32","modified_gmt":"2025-12-09T02:11:32","slug":"ce-que-strasbourg-a-decide-hier-2","status":"publish","type":"post","link":"https:\/\/www.europesays.com\/fr\/587562\/","title":{"rendered":"ce que Strasbourg a d\u00e9cid\u00e9 hier"},"content":{"rendered":"<p class=\"p1\"><b>En plein march\u00e9 de No\u00ebl, nos \u00e9lu(e)s se sont retrouv\u00e9(e)s ce 8 d\u00e9cembre au sein de l\u2019h\u00e9micycle pour l\u2019avant-dernier conseil municipal avant les \u00e9lections. Un moment politique o\u00f9 la magie des f\u00eates a \u00e9t\u00e9 absente tout du long, la s\u00e9ance ayant ressembl\u00e9 \u00e0 une foire d\u2019empoigne sur de nombreux sujets d\u00e9j\u00e0 \u00e9voqu\u00e9s plus d\u2019une fois. R\u00e9sum\u00e9 de 13h d\u2019une s\u00e9rie qui commence s\u00e9rieusement \u00e0 tirer en longueur.<\/b><\/p>\n<p>\u00c0 un \u00e9pisode de la fin, le conseil municipal de Strasbourg a d\u00e9cid\u00e9 de se la jouer\u00a0best-of. Pour cette avant-derni\u00e8re bataille politique, <strong>nos \u00e9lu(e)s ont rejou\u00e9 leurs meilleurs hits et sont revenu(e)s sur les grands th\u00e8mes qui ont \u00e9lectris\u00e9 les d\u00e9bats durant les cinq ans et demi de mandature<\/strong>. \u00c7a a donc tout naturellement parl\u00e9 budget, stationnement, affaire Polesi et animaux liminaires.<\/p>\n<p class=\"p1\">Ainsi, alors que les deux derniers conseils avaient \u00e9t\u00e9 plut\u00f4t l\u00e9gers en termes de points d\u00e9battus, il a sembl\u00e9 que nos \u00e9lu(e)s voulaient passer le plus de temps ensemble possible ce 8 d\u00e9cembre. <a target=\"_blank\" href=\"https:\/\/storage.creacast.com\/strasbourg-vod\/documents\/20251208_CM_OJ.pdf\" rel=\"noopener\">Dans un ordre du jour aussi fourni que la hotte du P\u00e8re No\u00ebl<\/a>, <b>21 points ont \u00e9t\u00e9 retenus, compl\u00e9t\u00e9s par 13 textes additionnels<\/b>. On s\u2019attendait donc \u00e0 un conseil municipal long, et on n\u2019a pas \u00e9t\u00e9 d\u00e9\u00e7u avec 13h de d\u00e9bats.<\/p>\n<p>    <img width=\"800\" height=\"395\" src=\"https:\/\/www.europesays.com\/fr\/wp-content\/uploads\/2025\/12\/capture-decran-2025-12-08-a-115539-800x395.png\" class=\"attachment-image-size-L size-image-size-L\" alt=\"conseil municipal he\u0301micycle\" decoding=\"async\" loading=\"lazy\"  \/>         \u00a9 Live conseil municipal du 8 d\u00e9cembre \/ Capture d&rsquo;\u00e9cran <\/p>\n<p>Le sujet du conseil : \u00e9ni\u00e8me (et dernier ?) remous de l&rsquo;affaire Polesi<\/p>\n<p class=\"p1\"><a href=\"https:\/\/pokaa.fr\/2025\/11\/04\/gros-projet-au-wacken-avenir-du-commerce-et-budget-2026-ce-que-strasbourg-a-decide-hier\/\" target=\"_blank\" rel=\"noopener\">Au dernier conseil municipal<\/a>, on pouvait penser que l\u2019affaire Polesi, qui embarrasse la majorit\u00e9 depuis de longs mois, \u00e9tait close. C\u2019\u00e9tait sans compter la publication du rapport \u00c9ga\u00e9 ; <a href=\"https:\/\/www.rue89strasbourg.com\/rapport-egae-gestion-affaire-herve-polesi-367184\" target=\"_blank\" rel=\"noopener\">d\u2019abord r\u00e9v\u00e9l\u00e9 par Rue89 Strasbourg<\/a>, <strong>il explique que \u00ab la nature des faits (\u2026) peut s\u2019apparenter \u00e0 du harc\u00e8lement sexuel \u00bb <\/strong>et que \u00ab les personnes, \u00e0 tous les \u00e9chelons, ont manqu\u00e9 d\u2019outils th\u00e9oriques pour identifier la r\u00e9alit\u00e9 des violences et de m\u00e9thodes pour traiter les alertes \u00bb.<\/p>\n<p class=\"p1\">Enfin, le rapport appuie la faute de l\u2019ex\u00e9cutif : \u00ab Cette r\u00e9action qui para\u00eet, en particulier a posteriori, sous-proportionn\u00e9e, <b>est notamment li\u00e9e \u00e0 une compr\u00e9hension insuffisante des faits d\u00e9crits dans la note d\u00e9taill\u00e9e<\/b>.\u00a0\u00bb Une faute dont les trois groupes d\u2019opposition tentent d\u2019avoir des explications, \u00e0 travers trois questions orales d\u00e9pos\u00e9es par Pernelle Richardot (PS), Rebecca Breitman (Modem) et Nicolas Matt.<\/p>\n<p>La gestion de la maire et de l\u2019ex\u00e9cutif lourdement critiqu\u00e9e\u00a0<\/p>\n<p class=\"p1\">Comme cela avait pu \u00eatre le cas lors du dernier conseil municipal, les diff\u00e9rentes prises de parole mettent lourdement en cause la gestion de l\u2019affaire Polesi. \u00ab R\u00e9cit accablant d\u2019un \u00e9chec collectif qui engage la responsabilit\u00e9 de cette majorit\u00e9 municipale \u00bb, selon Pernelle Richardot, \u00ab faillite de la collectivit\u00e9 \u00bb, selon Nicolas Matt, elle est \u00e9galement critiqu\u00e9e par Rebecca Breitman sur la transmission du rapport, <strong>\u00ab une synth\u00e8se r\u00e9duite [\u2026] quand la presse en disposait depuis une semaine \u00bb.<\/strong><\/p>\n<blockquote><p>\n        Votre communication a plut\u00f4t ressembl\u00e9 \u00e0 maintenir votre image de maire f\u00e9ministe qu\u2019\u00e0 assumer pleinement les faits.    <\/p><\/blockquote>\n<p>            Carole Santamaria, conseill\u00e8re municipale<\/p>\n<p>Durant les longs d\u00e9bats, c\u2019est les paroles de Carole Santamaria (non-inscrite) qui marquent le plus. L\u2019\u00e9lue \u00e9trille la gestion de l\u2019affaire, d\u00e9non\u00e7ant un \u00ab mea-culpa ma\u00eetris\u00e9\u00a0\u00bb : <b>\u00ab\u00a0Votre communication a plut\u00f4t ressembl\u00e9 \u00e0 maintenir votre image de maire f\u00e9ministe qu\u2019\u00e0 assumer pleinement les faits.\u00a0\u00bb<\/b> Elle critique \u00e9galement une culture du secret, et s\u2019interroge sur le p\u00e9rim\u00e8tre exact de l\u2019enqu\u00eate, rejointe sur ce point par Soraya Ouldji (non-inscrite). Avant de terminer : \u00ab\u00a0Les victimes ont parl\u00e9 ; c\u2019est vous qui ne vous en \u00eates pas saisi [de l\u2019affaire].\u00a0\u00bb<\/p>\n<p>    <img width=\"800\" height=\"449\" src=\"https:\/\/www.europesays.com\/fr\/wp-content\/uploads\/2025\/12\/capture-decran-2025-12-08-a-234902-800x449.png\" class=\"attachment-image-size-L size-image-size-L\" alt=\"carole santamaria\" decoding=\"async\" loading=\"lazy\"  \/>         \u00a9 Live conseil municipal du 8 d\u00e9cembre \/ Capture d&rsquo;\u00e9cran <\/p>\n<p>Des r\u00e9ponses qui ne convainquent pas<\/p>\n<p class=\"p1\">Pour l\u2019ex\u00e9cutif, Christelle Wieder d\u00e9nonce la tonalit\u00e9 des d\u00e9bats : \u00ab\u00a0<b>On parle tr\u00e8s peu de l\u2019agresseur, mais on fait le proc\u00e8s de la maire, avec des propos extr\u00eamement graves.\u00a0C\u2019est intol\u00e9rable. \u00bb<\/b> Elle rappelle \u00e9galement que \u00ab ces violences sont le fait des agresseurs, tr\u00e8s majoritairement des hommes \u00bb. Floriane Varieras explique que \u00ab\u00a0la culture du secret est syst\u00e9mique\u00a0\u00bb et met les autres groupes politiques face \u00e0 leur r\u00e9action lors des affaires de violences ou de propos sexistes.<\/p>\n<blockquote><p>\n        Notre collectivit\u00e9 n\u2019est pas une zone grise et l\u2019impunit\u00e9, c\u2019est fini.    <\/p><\/blockquote>\n<p>            Jeanne Barseghian, maire de Strasbourg<\/p>\n<p class=\"p1\"><strong>Pour Jeanne Barseghian, <\/strong><strong>\u00ab ce d\u00e9bat n\u2019est pas un proc\u00e8s \u00bb.<\/strong> Elle regrette la virulence des propos, s\u2019excuse une nouvelle fois et explique qu\u2019un dispositif va \u00eatre rapidement mis en place pour \u00e9viter qu\u2019une telle affaire se reproduise. Elle annonce aussi saisir Fr\u00e9d\u00e9rique Berrod, pr\u00e9sidente de l\u2019Universit\u00e9, afin de faire la lumi\u00e8re sur cette partie de l\u2019affaire. Au bord des larmes \u00e0 la fin de son intervention, l\u2019\u00e9dile ass\u00e8ne que \u00ab le premier engagement, c\u2019est de faire cesser ces violences. C\u2019est notre premier combat. <b>Notre collectivit\u00e9 n\u2019est pas une zone grise et l\u2019impunit\u00e9, c\u2019est fini.<\/b>\u00a0\u00bb<\/p>\n<p class=\"p1\">Pas s\u00fbr que cela dissipe le profond sentiment de malaise qui a r\u00e9gn\u00e9 dans l\u2019h\u00e9micycle durant toute la dur\u00e9e des d\u00e9bats, <b>alors que Carole Santamaria et Caroline Zorn ont notamment quitt\u00e9 la salle lors des prises de parole<\/b>. Une affaire, et une tache, qui marqueront encore longtemps l\u2019ex\u00e9cutif.<\/p>\n<p>    <img width=\"800\" height=\"533\" src=\"https:\/\/www.europesays.com\/fr\/wp-content\/uploads\/2025\/12\/dsc02340-800x533.jpg\" class=\"attachment-image-size-L size-image-size-L\" alt=\"Jeanne Barseghian\" decoding=\"async\" loading=\"lazy\"  \/>         \u00a9 Anthony Jilli \/ Pokaa <\/p>\n<p>Animaux liminaires et stationnement et d\u00e9serts m\u00e9diaux : les sujets ch\u00f4 du CM<br \/>\nPour l&rsquo;opposition, la politique de stationnement d\u00e9grade l\u2019offre et l\u2019acc\u00e8s aux soins des Strasbourgeois(es)<\/p>\n<p class=\"p1\">Dans un\u00a0best-of de conseil municipal, on ne pouvait pas ne pas avoir un d\u00e9bat sur le stationnement. Heureusement pour nous, il a \u00e9t\u00e9 introduit dans l\u2019h\u00e9micycle par une r\u00e9solution de Pierre Jakubowicz (Horizons) concernant le r\u00e9cent rapport du Comit\u00e9 Sciences, Sant\u00e9 et Soci\u00e9t\u00e9 de la Ville de Strasbourg (C4S), apr\u00e8s une saisine en mai 2023 de\u2026 Pierre Jakubowicz. <b>Un rapport qui fait le lien entre politique de stationnement et alt\u00e9ration de l\u2019offre de soins<\/b>.<\/p>\n<p class=\"p1\">Dans sa r\u00e9solution, l\u2019\u00e9lu macroniste \u00e9voque des \u00ab\u00a0difficult\u00e9s de stationnement pour les soignants\u00a0\u00bb, un \u00ab\u00a0tarif exorbitant pour les patients et les salari\u00e9s\u00a0\u00bb, des \u00ab\u00a0ralentissements pour les services d\u2019urgence dans plusieurs secteurs de la ville\u00a0\u00bb et des \u00ab\u00a0obstacles croissants pour les professionnels intervenant \u00e0 domicile\u00a0\u00bb. <b>Il regrette que la pr\u00e9sentation du rapport n\u2019ait pas \u00e9t\u00e9 inscrite \u00e0 l\u2019ordre du jour, et donc rendue publique<\/b>. Sa r\u00e9solution veut donc ouvrir le d\u00e9bat, et il demande \u00e9galement l\u2019abrogation de la r\u00e9forme du stationnement.<\/p>\n<blockquote><p>\n        On acc\u00e8de plus facilement \u00e0 Strasbourg depuis Hoerdt que \u00e0 Strasbourg depuis Strasbourg.    <\/p><\/blockquote>\n<p>            Pernelle Richardot, conseill\u00e8re d&rsquo;opposition PS<\/p>\n<p>    <img width=\"800\" height=\"457\" src=\"https:\/\/www.europesays.com\/fr\/wp-content\/uploads\/2025\/12\/stationnement-strasbourg-800x457.png\" class=\"attachment-image-size-L size-image-size-L\" alt=\"stationnement strasbourg\" decoding=\"async\" loading=\"lazy\"  \/>         \u00a9 Nicolas Kaspar \/ Pokaa<\/p>\n<p class=\"p1\">Pour la majorit\u00e9, Pierre Ozenne cite le rapport, exprimant que \u00ab c\u2019est surtout des sentiments, des perceptions, parfois des opinions \u00bb\u00a0qui y sont exprim\u00e9es. <strong>Il rappelle les efforts faits par la municipalit\u00e9 sur le forfait professionnel et trouve \u00ab\u00a0r\u00e9ducteur de se focaliser sur les probl\u00e8mes en ne mentionnant pas les avanc\u00e9es sur le sujet<\/strong> \u00bb Quant \u00e0 Alexandre Feltz, il d\u00e9clare : \u00ab On est compl\u00e8tement mobilis\u00e9 pour que tout un chacun puisse acc\u00e9der \u00e0 des soins de qualit\u00e9 sur notre territoire. \u00bb<\/p>\n<p class=\"p3\">Des prises de parole qui ne convainquent pas l\u2019\u00e9lu macroniste, pestant que \u00ab ce dont nous parlons, ce ne sont pas des statistiques, ce sont des situations de souffrance \u00bb. <strong>Pernelle Richardot lui apporte ensuite son soutien, mettant en cause les am\u00e9nagements urbains de la municipalit\u00e9 qui causent des d\u00e9parts de cabinet vers d\u2019autres collectivit\u00e9s<\/strong> : \u00ab\u00a0Ce ne sont pas des sentiments, ce sont des faits.\u00a0\u00bb<\/p>\n<blockquote><p>\n        La question de la sant\u00e9 ce n\u2019est pas une question de voitures et de stationnement.\u00a0    <\/p><\/blockquote>\n<p>            Syamak Agha Babaei, 1er adjoint<\/p>\n<p>Un \u00ab\u00a0d\u00e9bat \u00e9tonnant\u00a0\u00bb selon Syamak Agha Babaei, qui d\u00e9nonce une \u00ab\u00a0supercherie intellectuelle\u00a0\u00bb de l\u2019opposition : <b>\u00ab L\u2019acc\u00e8s \u00e0 la sant\u00e9, c\u2019est d\u2019abord des \u00e9tablissements de sant\u00e9 qui ont des moyens de fonctionner, des \u00e9tablissements en souffrance depuis des ann\u00e9es. \u00bb<\/b>\u00a0Jeanne Barseghian d\u00e9nonce le fait que Pierre Jakubowicz utilise le rapport du C4S pour arriver \u00e0 son objectif, soit l\u2019abrogation du stationnement. Et m\u00eame si ce dernier propose d\u2019enlever cette phrase de cette r\u00e9solution pour la faire voter, elle est rejet\u00e9e \u00e0 40 voix contre et 14 voix pour.<\/p>\n<p>    <img width=\"800\" height=\"533\" src=\"https:\/\/www.europesays.com\/fr\/wp-content\/uploads\/2025\/12\/dsc00291.jpg\" class=\"attachment-image-size-L size-image-size-L\" alt=\"ambulance nuit\" decoding=\"async\" loading=\"lazy\"  \/>         \u00a9 Hugo Favre &#8211; Napoli \/ Pokaa <\/p>\n<p>Le moment \u00ab\u00a0tout \u00e7a pour \u00e7a\u00a0\u00bb : le grand retour des animaux liminaires<\/p>\n<p class=\"p1\">On pensait le sujet rel\u00e9gu\u00e9 aux d\u00e9buts du mandat de Jeanne Barseghian, mais pour l\u2019avant-dernier conseil municipal, les animaux liminaires ont fait un retour fracassant dans l\u2019h\u00e9micycle. Sujet on ne peut plus houleux en d\u00e9but de mandature, et qui a valu \u00e0 la maire un \u00e9ternel petit rat sur l\u2019\u00e9paule sur des dessins de presse, il a \u00e0 nouveau r\u00e9uni une compilation de ce que le conseil municipal sait faire de pire : <b>invectives remplies de mauvaise foi, longs monologues, mont\u00e9es dans les tours et suspensions de s\u00e9ance<\/b>.<\/p>\n<p class=\"p1\">Dans cette foire d\u2019empoigne ayant souvent tourn\u00e9 au ridicule pendant 43 minutes, <a href=\"https:\/\/www.creacast.com\/channel\/strasbourg-v2\/?sort=v&amp;iid=16576&amp;display=replay\" target=\"_blank\" rel=\"noopener\">et que vous pouvez retrouver ici<\/a>, <b>on oublierait presque que la d\u00e9lib\u00e9ration a permis le vote d\u2019une subvention de 7 020 \u20ac \u00e0 l\u2019association UD CSF 67<\/b>, qui a initi\u00e9 un programme de pr\u00e9vention des punaises de lit \u00e0 Hautepierre, Neuhof, Elsau et Cronenbourg\u2026 <strong>E<\/strong><b>t une autre de 12 000 \u20ac \u00e0 l\u2019association VoisinMalin pour une campagne de sensibilisation des habitant(e)s en porte-\u00e0-porte sur les bons gestes \u00e0 adopter pour limiter les surpopulations de rongeurs<\/b>. Une d\u00e9lib\u00e9ration\u2026 adopt\u00e9e \u00e0 l\u2019unanimit\u00e9. Tout \u00e7a pour \u00e7a.<\/p>\n<p>    <img width=\"800\" height=\"600\" src=\"https:\/\/www.europesays.com\/fr\/wp-content\/uploads\/2025\/12\/punaises-de-lit-strasbourg-enquete-pokaa8.jpg\" class=\"attachment-image-size-L size-image-size-L\" alt=\"punaises de lit strasbourg enqu\u00eate pokaa8\" decoding=\"async\" loading=\"lazy\"  \/>         \u00a9 Nicolas Kaspar \/ Pokaa <\/p>\n<p>Ce qui va changer pour Strasbourg et les Strasbourgeois(es)<br \/>\n65 000 \u20ac d&rsquo;urgence pour h\u00e9berger 30 personnes \u00e0 la rue dans un foyer au Neudorf<\/p>\n<p class=\"p4\">Dans l\u2019ordre du jour garni de ce 8 d\u00e9cembre, une d\u00e9lib\u00e9ration d\u2019urgence a \u00e9t\u00e9 rajout\u00e9e \u00e0 la derni\u00e8re minute. <b>Elle concerne la cr\u00e9ation de 30 places d\u2019h\u00e9bergement suppl\u00e9mentaires d\u00e8s la semaine prochaine pour des familles \u00e0 la rue jusqu\u2019en mars 2027 au 42 avenue Jean-Jaur\u00e8s<\/b>, dans un b\u00e2timent vacant qui est une propri\u00e9t\u00e9 de la Ville. La d\u00e9lib\u00e9ration prend la forme d\u2019une subvention de 65 000 \u20ac \u00e0 l\u2019association Les Petites Roues, qui s\u2019occupera de la gestion du b\u00e2timent.<\/p>\n<p class=\"p4\">Une d\u00e9lib\u00e9ration cruciale selon Floriane Varieras, \u00ab\u00a0pour que des enfants puissent passer No\u00ebl au chaud\u00a0\u00bb dans un \u00ab syst\u00e8me d\u2019h\u00e9bergement \u00e0 bout de souffle \u00bb. <b>L\u2019adjointe aux solidarit\u00e9s rappelle \u00e9galement que \u00ab\u00a0de plus en plus de familles sont \u00e0 la rue alors qu\u2019elles sont de droit commun\u00a0\u00bb<\/b>, d\u00e9non\u00e7ant la loi Kasbarian-Berg\u00e9 de 2023 adopt\u00e9e gr\u00e2ce aux voix du RN, et qui cr\u00e9e des peines \u00e0 l\u2019encontre des locataires en d\u00e9faut de paiement qui ne se soumettent pas \u00e0 une d\u00e9cision d\u2019expulsion.<\/p>\n<blockquote><p>\n        Nous pr\u00e9f\u00e9rons une ville qui propose un droit plut\u00f4t qu\u2019une opposition qui propose des pol\u00e9miques.    <\/p><\/blockquote>\n<p>            Germain Mignot, conseiller municipal communiste<\/p>\n<p class=\"p1\">C\u00f4t\u00e9 opposition, on salue cette d\u00e9lib\u00e9ration. <strong>N\u00e9anmoins, Catherine Trautmann (PS) s\u2019\u00e9tonne d\u2019un \u00ab timing un peu sp\u00e9cial \u00bb du vote de cette d\u00e9lib\u00e9ration, mentionnant une vid\u00e9o publi\u00e9e par Floriane Varieras sur ses r\u00e9seaux quelques jours avant le conseil<\/strong>. Rebecca Breitman rel\u00e8ve qu\u2019une \u00ab mesure d\u2019urgence ne remplace pas la n\u00e9cessit\u00e9 d\u2019une politique publique solide \u00bb, tandis que Jean-Philippe Vetter (LR) estime qu\u2019il faut \u00ab cesser de dire qu\u2019on peut h\u00e9berger tout le monde de mani\u00e8re inconditionnelle \u00bb.<\/p>\n<p class=\"p1\">C\u00f4t\u00e9 majorit\u00e9, Germain Mignot (Communistes) ass\u00e8ne que \u00ab Strasbourg doit \u00eatre plus ferme et plus offensive envers l\u2019\u00c9tat sur l\u2019h\u00e9bergement d\u2019urgence \u00bb. <b>Alain Jund met en avant les contradictions des votes de l\u2019opposition, qui s\u2019\u00e9tait notamment oppos\u00e9e au projet des tiny houses<\/b> et d\u00e9clare que \u00ab la Ville est oblig\u00e9e d\u2019\u00e9coper des indignit\u00e9s de certaines politiques nationales \u00bb. Syamak Agha Babaei conclut : \u00ab\u00a0On peut avoir la politique migratoire la plus r\u00e9pressive qui soit, l\u2019espoir d\u2019une vie meilleure, on ne l\u2019emp\u00eachera pas.\u00a0\u00bb<\/p>\n<p class=\"p1\">Le point est adopt\u00e9 \u00e0 l\u2019unanimit\u00e9.<\/p>\n<p>                <a href=\"https:\/\/pokaa.fr\/2025\/04\/15\/a-strasbourg-5-tiny-houses-installees-pour-loger-des-familles-a-la-rue-avec-enfants\/\" target=\"_blank\" rel=\"noopener\"><br \/>\n                    <img width=\"450\" height=\"270\" src=\"https:\/\/www.europesays.com\/fr\/wp-content\/uploads\/2025\/12\/a1-450x270.png\" class=\"attachment-card-horizontal--same-subject size-card-horizontal--same-subject wp-post-image\" alt=\"\" decoding=\"async\" loading=\"lazy\"\/>                <\/a><\/p>\n<p>    <img width=\"800\" height=\"600\" src=\"https:\/\/www.europesays.com\/fr\/wp-content\/uploads\/2025\/12\/42-avenue-jean-jaures-strasbourg-2519-800x600.jpg\" class=\"attachment-image-size-L size-image-size-L\" alt=\"foyer Jean Jaure\u0300s\" decoding=\"async\" loading=\"lazy\"  \/>         \u00a9 Fabien Romary &#8211; Archi-Wiki \/ Capture d&rsquo;\u00e9cran <\/p>\n<p>La Ville va r\u00e9fl\u00e9chir \u00e0 un futur grand projet sur le secteur Lana-Match \u00e0 la Robertsau<\/p>\n<p class=\"p1\">Ferm\u00e9e il y a deux ans, la papeterie Lana attend son projet de reprise. D\u2019une superficie de presque 4 hectares, elle s\u2019\u00e9tend sur deux emprises situ\u00e9es sur les berges, de part et d\u2019autre du cours d\u2019eau Muhlwasser, reli\u00e9es par une passerelle. <b>Le secteur est strat\u00e9gique pour la Ville, puisqu\u2019il forme une liaison entre les quartiers de la Robertsau et de la Cit\u00e9 de l\u2019Ill. C\u2019est aussi une friche qu\u2019il faut d\u00e9polluer et rendre aux habitant(e)s, <\/b>c\u2019est pourquoi il a \u00e9t\u00e9 pr\u00e9empt\u00e9 en fin d\u2019ann\u00e9e 2024 par l\u2019Eurom\u00e9tropole.<\/p>\n<p class=\"p3\">La Ville va m\u00eame plus loin en utilisant l\u2019outil juridique de \u00ab p\u00e9rim\u00e8tre de prise en consid\u00e9ration \u00bb. <b>Concr\u00e8tement, cela signifie que si un futur projet pr\u00e9voit de compromettre ou de rendre plus on\u00e9reux un projet d\u2019am\u00e9nagement, la Ville peut mettre en place un sursis de deux ans pour statuer<\/b>. Par ailleurs, ce p\u00e9rim\u00e8tre concerne les 4 hectares de la papeterie ainsi que les 8200 m\u00b2 du supermarch\u00e9 Match.<\/p>\n<blockquote><p>\n        On fait \u00e7a pour garder la ma\u00eetrise\u00a0et se donner le temps pour \u00e9tudier la transformation de ce site qui est essentiel dans la couture fine entre deux quartiers.    <\/p><\/blockquote>\n<p>            Suzanne Brolly, adjointe \u00e0 l&rsquo;urbanisme<\/p>\n<p>    <img width=\"800\" height=\"600\" src=\"https:\/\/www.europesays.com\/fr\/wp-content\/uploads\/2025\/12\/1600px-139-route-de-la-wantzenau-strasbourg-61639-800x600.jpg\" class=\"attachment-image-size-L size-image-size-L\" alt=\"friche lana\" decoding=\"async\" loading=\"lazy\"  \/>         \u00a9\u00a0Marie-Laure Beaujean &#8211; Archi-Wiki \/ Capture d&rsquo;\u00e9cran <\/p>\n<p class=\"p4\">Pour l\u2019opposition, comme \u00e0 chaque esquisse de projets urbains, les m\u00eames critiques sont \u00e9mises. <b>Pierre Jakubowicz craint un \u00ab\u00a0projet d\u00e9mesur\u00e9 et incoh\u00e9rent\u00a0\u00bb, qui \u00ab\u00a0favoriserait la b\u00e9tonisation\u00a0\u00bb<\/b>. De son c\u00f4t\u00e9, Jean-Philippe Vetter appr\u00e9hende la \u00ab\u00a0surdensification\u00a0d\u2019un\u00a0secteur extr\u00eamement strat\u00e9gique\u00a0\u00bb et souhaite \u00ab que ce projet soit construit avec les habitants \u00bb.<\/p>\n<p class=\"p4\">C\u00f4t\u00e9 majorit\u00e9, <b>Joris Castiglione (Communistes) souhaite que le futur projet puisse maintenir une activit\u00e9 \u00e9conomique qui cr\u00e9e de l\u2019emploi local p\u00e9renne<\/b>, mais \u00e9galement renforcer le maillage des services publics et qu\u2019il ait une ambition forte en termes de logement social et abordable. Quant \u00e0 Marc Hoffsess, il assure que \u00ab le projet sera travaill\u00e9 avec les habitant(e)s \u00bb. Finalement, ce p\u00e9rim\u00e8tre est adopt\u00e9 \u00e0 45 voix pour et 11 abstentions de l\u2019opposition.<\/p>\n<p>    <img width=\"800\" height=\"600\" src=\"https:\/\/www.europesays.com\/fr\/wp-content\/uploads\/2025\/12\/1600px-139-route-de-la-wantzenau-strasbourg-67536-800x600.jpg\" class=\"attachment-image-size-L size-image-size-L\" alt=\"friche lana\" decoding=\"async\" loading=\"lazy\"  \/>         \u00a9\u00a0Anne-Fran\u00e7oise Auberger &#8211; Archi-Wiki \/ Capture d&rsquo;\u00e9cran <\/p>\n<p>Deux march\u00e9s strasbourgeois \u00e9voluent<\/p>\n<p class=\"p1\">Ce conseil du 8 d\u00e9cembre acte l\u2019\u00e9volution de deux march\u00e9s strasbourgeois. En premier lieu, <b>il permet la cr\u00e9ation officielle du march\u00e9 de la place Kl\u00e9ber, avec les commer\u00e7ant(e)s en produits non alimentaires de la place Broglie<\/b>. Il permet d\u2019ent\u00e9riner ce qui \u00e9tait d\u00e9j\u00e0 en pratique depuis la crise du Covid.<\/p>\n<p class=\"p1\">Dans le m\u00eame temps, <b>le march\u00e9 de Cronenbourg a d\u00e9m\u00e9nag\u00e9 de la place de Haldenbourg vers le site du stade Exes<\/b>. Une d\u00e9cision motiv\u00e9e par le fait que la place de Haldenbourg \u00ab\u00a0pr\u00e9sente de multiples contraintes et n\u2019offre pas de conditions de travail et une qualit\u00e9 d\u2019accueil du public optimales\u00a0\u00bb. Alors que la place doit \u00eatre r\u00e9am\u00e9nag\u00e9e, avec notamment l\u2019arriv\u00e9e d\u2019un Aldi, le march\u00e9 de Cronenbourg a donc \u00e9t\u00e9 d\u00e9plac\u00e9.<\/p>\n<blockquote><p>\n        Le d\u00e9m\u00e9nagement, subi et non choisi, cr\u00e9e aujourd\u2019hui un d\u00e9s\u00e9quilibre r\u00e9el pour l\u2019activit\u00e9 de nombreux commer\u00e7ants.    <\/p><\/blockquote>\n<p>            Jean-Philippe Vetter, conseiller d&rsquo;opposition<\/p>\n<p>    <img width=\"800\" height=\"533\" src=\"https:\/\/www.europesays.com\/fr\/wp-content\/uploads\/2025\/12\/france-strasbourg-ete-wr-13-sur-113-800x533.jpg\" class=\"attachment-image-size-L size-image-size-L\" alt=\"Place Kl\u00e9ber en \u00e9t\u00e9\" decoding=\"async\" loading=\"lazy\"  \/>         \u00a9 Wilfried Rion \/ Pokaa <\/p>\n<p class=\"p4\">Un d\u00e9m\u00e9nagement qui ne passe pas pour l\u2019opposition, qui a d\u00e9pos\u00e9 deux questions orales. <b>Jean-Philippe Vetter critique\u00a0\u00ab un nouvel emplacement moins visible, moins central et moins accessible \u00bb, qui provoquerait une \u00ab\u00a0baisse significative de la fr\u00e9quentation\u00a0\u00bb<\/b>. Pierre Jakubowicz relate que \u00ab les commer\u00e7ants parlent d\u2019un lieu \u2018ferm\u00e9\u2019, \u2018enclav\u00e9\u2019, allant jusqu\u2019\u00e0 qualifier la nouvelle implantation de \u2018prison\u2019 \u00bb. Quant \u00e0 Catherine Trautmann, elle d\u00e9clare \u00eatre \u00ab\u00a0choqu\u00e9e et d\u00e9pit\u00e9e\u00a0\u00bb par ce d\u00e9placement.<\/p>\n<p class=\"p1\">Pour la majorit\u00e9, selon Christelle Wieder, \u00ab\u00a0il \u00e9tait n\u00e9cessaire de r\u00e9am\u00e9nager cette place\u00a0\u00bb et elle pr\u00e9cise que le nouveau march\u00e9 \u00ab\u00a0se trouve en grande proximit\u00e9 de la place de Haldenbourg\u00a0\u00bb. Pierre Ozenne rappelle que \u00ab cela a \u00e9t\u00e9 fait en concertation avec les habitants et les professionnels \u00e0 plusieurs reprises \u00bb. <b>Avant de conclure : \u00ab\u00a0C\u2019est le t\u00e9moignage du travail qu\u2019on a conduit pour r\u00e9enchanter les march\u00e9s.\u00a0\u00bb<\/b><\/p>\n<p class=\"p1\">Finalement, apr\u00e8s une embrouille sur une demande de vote s\u00e9par\u00e9, l\u2019opposition s\u2019abstient, <b>marquant sa d\u00e9sapprobation quant au d\u00e9m\u00e9nagement du march\u00e9 de Cronenbourg<\/b>. Le point est n\u00e9anmoins adopt\u00e9.<\/p>\n<p>    <img width=\"800\" height=\"317\" src=\"https:\/\/www.europesays.com\/fr\/wp-content\/uploads\/2025\/12\/capture-decran-2025-12-08-a-191117-800x317.png\" class=\"attachment-image-size-L size-image-size-L\" alt=\"stade exes cronenbourg\" decoding=\"async\" loading=\"lazy\"  \/>         \u00a9 Google Maps \/ Capture d&rsquo;\u00e9cran <\/p>\n<p>Le soulagement : c\u2019\u00e9tait le dernier d\u00e9bat sur le budget<\/p>\n<p class=\"p1\">Pour conclure ce r\u00e9cap\u2019, un dernier point qui m\u00e9ritait d\u2019\u00eatre soulev\u00e9 : c\u2019\u00e9tait la derni\u00e8re fois que l\u2019on discutait budget sous cette mandature de Jeanne Barseghian. <b>Un soulagement, tant les d\u00e9bats ont \u00e9t\u00e9 dignes d\u2019un (tragi)comique de r\u00e9p\u00e9tition sur ces 5 derni\u00e8res ann\u00e9es<\/b>. On ne refera donc pas ici le match dont on connaissait d\u00e9j\u00e0 la fin avant m\u00eame le d\u00e9but ; on pourra se r\u00e9f\u00e9rer aux autres r\u00e9sum\u00e9s des conseils municipaux, <a href=\"https:\/\/pokaa.fr\/tag\/conseil-municipal\/\" target=\"_blank\" rel=\"noopener\">disponibles ici<\/a>.<\/p>\n<blockquote><p>\n        Je regrette la fa\u00e7on dont vous avez men\u00e9 le d\u00e9bat public ces derni\u00e8res ann\u00e9es.\u00a0J\u2019ai parfois eu l\u2019impression d\u2019avoir eu l\u2019opposition la moins constructive de France.    <\/p><\/blockquote>\n<p>            Jeanne Barseghian, maire de Strasbourg<\/p>\n<p class=\"p1\">On retiendra seulement que les d\u00e9bats sur la question ont davantage ressembl\u00e9 \u00e0 un meeting \u00e9lectoral, <b>o\u00f9 les futur(e)s candidat(e)s de l\u2019opposition n\u2019ont pas manqu\u00e9 de se mettre en avant dans les critiques du bilan de la majorit\u00e9<\/b>. Il semblerait que tout le monde ait eu envie de mettre sa pierre \u00e0 l\u2019\u00e9difice, puisque 24 \u00e9lu(e)s sont intervenu(e)s lors du second tour de parole, soit 37% du conseil.<\/p>\n<p class=\"p1\">Vot\u00e9 \u00e0 46 voix pour et \u00e0 18 voix contre, <b>ce budget 2025 marque la fin de 5 ans et demi de discussions sourdes et vaines sur ce qui touche pourtant le coeur m\u00eame de l\u2019\u00e9volution de la Ville de Strasbourg<\/b> <b>: les projets qui transforment la ville<\/b>. Elles ne manqueront pas.<\/p>\n<p><strong>Il est 23h quand cet avant-dernier conseil municipal de la mandature Barseghian se termine. Comme une compilation de tubes de No\u00ebl, le conseil a \u00e9t\u00e9 marqu\u00e9 par le retour de grands classiques qui ont marqu\u00e9 les 5 ans et demi de mandat. Apr\u00e8s une (tr\u00e8s) longue ann\u00e9e et avant une (tr\u00e8s) longue campagne des municipales, nos \u00e9lu(e)s prennent une pause avant de revenir pour le dernier \u00e9pisode de la s\u00e9rie politique strasbourgeoise le 2 f\u00e9vrier. En attendant le final, bonnes f\u00eates \u00e0 toutes et tous !<\/strong><\/p>\n","protected":false},"excerpt":{"rendered":"En plein march\u00e9 de No\u00ebl, nos \u00e9lu(e)s se sont retrouv\u00e9(e)s ce 8 d\u00e9cembre au sein de l\u2019h\u00e9micycle pour&hellip;\n","protected":false},"author":2,"featured_media":587563,"comment_status":"","ping_status":"","sticky":false,"template":"","format":"standard","meta":{"footnotes":""},"categories":[2820],"tags":[1111,11,1984,70059,1777,674,1011,27,775,12,316,25,640],"class_list":{"0":"post-587562","1":"post","2":"type-post","3":"status-publish","4":"format-standard","5":"has-post-thumbnail","7":"category-strasbourg","8":"tag-actu","9":"tag-actualites","10":"tag-conseil-municipal","11":"tag-conseil-municipal-strasbourg","12":"tag-eu","13":"tag-europe","14":"tag-fr","15":"tag-france","16":"tag-grand-est","17":"tag-news","18":"tag-politique","19":"tag-republique-francaise","20":"tag-strasbourg"},"share_on_mastodon":{"url":"https:\/\/pubeurope.com\/@fr\/115687188636157051","error":""},"_links":{"self":[{"href":"https:\/\/www.europesays.com\/fr\/wp-json\/wp\/v2\/posts\/587562","targetHints":{"allow":["GET"]}}],"collection":[{"href":"https:\/\/www.europesays.com\/fr\/wp-json\/wp\/v2\/posts"}],"about":[{"href":"https:\/\/www.europesays.com\/fr\/wp-json\/wp\/v2\/types\/post"}],"author":[{"embeddable":true,"href":"https:\/\/www.europesays.com\/fr\/wp-json\/wp\/v2\/users\/2"}],"replies":[{"embeddable":true,"href":"https:\/\/www.europesays.com\/fr\/wp-json\/wp\/v2\/comments?post=587562"}],"version-history":[{"count":0,"href":"https:\/\/www.europesays.com\/fr\/wp-json\/wp\/v2\/posts\/587562\/revisions"}],"wp:featuredmedia":[{"embeddable":true,"href":"https:\/\/www.europesays.com\/fr\/wp-json\/wp\/v2\/media\/587563"}],"wp:attachment":[{"href":"https:\/\/www.europesays.com\/fr\/wp-json\/wp\/v2\/media?parent=587562"}],"wp:term":[{"taxonomy":"category","embeddable":true,"href":"https:\/\/www.europesays.com\/fr\/wp-json\/wp\/v2\/categories?post=587562"},{"taxonomy":"post_tag","embeddable":true,"href":"https:\/\/www.europesays.com\/fr\/wp-json\/wp\/v2\/tags?post=587562"}],"curies":[{"name":"wp","href":"https:\/\/api.w.org\/{rel}","templated":true}]}}