{"id":587566,"date":"2025-12-09T02:15:39","date_gmt":"2025-12-09T02:15:39","guid":{"rendered":"https:\/\/www.europesays.com\/fr\/587566\/"},"modified":"2025-12-09T02:15:39","modified_gmt":"2025-12-09T02:15:39","slug":"la-ville-de-reze-celebre-la-loi-de-1905-separant-les-eglises-et-letat","status":"publish","type":"post","link":"https:\/\/www.europesays.com\/fr\/587566\/","title":{"rendered":"La Ville de Rez\u00e9 c\u00e9l\u00e8bre la loi de 1905, s\u00e9parant les \u00c9glises et l\u2019\u00c9tat"},"content":{"rendered":"<p>Le th\u00e9\u00e2tre municipal de Rez\u00e9 (Loire-Atlantique) accueille, ce mardi 9\u00a0d\u00e9cembre, un cin\u00e9-d\u00e9bat, rampe de lancement \u00e0 une s\u00e9rie d\u2019\u00e9v\u00e9nements organis\u00e9s par la mairie pour marquer <a href=\"https:\/\/nantes.maville.com\/actu\/actudet_-aristide-briand-l-artisan-de-la-loi-de-1905-a-grandi-a-saint-nazaire-_8-7099091_actu.Htm?utm_source=troove&amp;utm_medium=site\" target=\"_blank\" rel=\"noopener\">les 120\u00a0ans de la loi de s\u00e9paration des \u00c9glises et de l\u2019\u00c9tat<\/a>. Sera projet\u00e9 le film \u00ab\u00a0La S\u00e9paration\u00a0\u00bb de Fran\u00e7ois Hanss, un documentaire sous la forme de reconstitution des d\u00e9bats parlementaires qui ont entour\u00e9 le vote de cette loi en 1905.<\/p>\n<p>La F\u00e9d\u00e9ration des amicales la\u00efques (Fal) de Loire-Atlantique animera ensuite un temps de d\u00e9bat et d\u2019\u00e9changes. Une prise de parole de Jacques Floch, ancien maire de Rez\u00e9 (1978-1999) ponctuera \u00e9galement la soir\u00e9e. Enfin, dix tableaux \u00e9labor\u00e9s par la Biblioth\u00e8que nationale fran\u00e7aise (BNF) seront install\u00e9s dans le but \u00a0d\u2019\u00e9clairer les enjeux contemporains de la la\u00efcit\u00e9\u00a0\u00bb.<\/p>\n<p>Mardi 9\u00a0d\u00e9cembre, de 19\u00a0h \u00e0 22\u00a0h, cin\u00e9-d\u00e9bat \u00ab\u00a0La loi de 1905, une conqu\u00eate r\u00e9publicaine\u00a0\u00bb, au th\u00e9\u00e2tre municipal de Rez\u00e9. Gratuit.<\/p>\n<p>\u00a0<\/p>\n","protected":false},"excerpt":{"rendered":"Le th\u00e9\u00e2tre municipal de Rez\u00e9 (Loire-Atlantique) accueille, ce mardi 9\u00a0d\u00e9cembre, un cin\u00e9-d\u00e9bat, rampe de lancement \u00e0 une s\u00e9rie&hellip;\n","protected":false},"author":2,"featured_media":587567,"comment_status":"","ping_status":"","sticky":false,"template":"","format":"standard","meta":{"footnotes":""},"categories":[2818],"tags":[70060,1111,11,3010,11998,16309,1777,674,1011,27,420,766,12,2636,25,3740,70061,4824],"class_list":{"0":"post-587566","1":"post","2":"type-post","3":"status-publish","4":"format-standard","5":"has-post-thumbnail","7":"category-nantes","8":"tag-70060","9":"tag-actu","10":"tag-actualites","11":"tag-celebre","12":"tag-eglises","13":"tag-etat","14":"tag-eu","15":"tag-europe","16":"tag-fr","17":"tag-france","18":"tag-loi","19":"tag-nantes","20":"tag-news","21":"tag-pays-de-la-loire","22":"tag-republique-francaise","23":"tag-reze","24":"tag-separant","25":"tag-ville"},"share_on_mastodon":{"url":"https:\/\/pubeurope.com\/@fr\/115687202685683471","error":""},"_links":{"self":[{"href":"https:\/\/www.europesays.com\/fr\/wp-json\/wp\/v2\/posts\/587566","targetHints":{"allow":["GET"]}}],"collection":[{"href":"https:\/\/www.europesays.com\/fr\/wp-json\/wp\/v2\/posts"}],"about":[{"href":"https:\/\/www.europesays.com\/fr\/wp-json\/wp\/v2\/types\/post"}],"author":[{"embeddable":true,"href":"https:\/\/www.europesays.com\/fr\/wp-json\/wp\/v2\/users\/2"}],"replies":[{"embeddable":true,"href":"https:\/\/www.europesays.com\/fr\/wp-json\/wp\/v2\/comments?post=587566"}],"version-history":[{"count":0,"href":"https:\/\/www.europesays.com\/fr\/wp-json\/wp\/v2\/posts\/587566\/revisions"}],"wp:featuredmedia":[{"embeddable":true,"href":"https:\/\/www.europesays.com\/fr\/wp-json\/wp\/v2\/media\/587567"}],"wp:attachment":[{"href":"https:\/\/www.europesays.com\/fr\/wp-json\/wp\/v2\/media?parent=587566"}],"wp:term":[{"taxonomy":"category","embeddable":true,"href":"https:\/\/www.europesays.com\/fr\/wp-json\/wp\/v2\/categories?post=587566"},{"taxonomy":"post_tag","embeddable":true,"href":"https:\/\/www.europesays.com\/fr\/wp-json\/wp\/v2\/tags?post=587566"}],"curies":[{"name":"wp","href":"https:\/\/api.w.org\/{rel}","templated":true}]}}