{"id":587568,"date":"2025-12-09T02:17:39","date_gmt":"2025-12-09T02:17:39","guid":{"rendered":"https:\/\/www.europesays.com\/fr\/587568\/"},"modified":"2025-12-09T02:17:39","modified_gmt":"2025-12-09T02:17:39","slug":"fc-nantes-kita-veut-faire-un-coup-a-logc-nice","status":"publish","type":"post","link":"https:\/\/www.europesays.com\/fr\/587568\/","title":{"rendered":"FC Nantes : Kita veut faire un coup \u00e0&#8230; l\u2019OGC Nice !"},"content":{"rendered":"<p>Terem Moffi en a assez, visiblement. Deux phrases et l\u2019affaire para\u00eet d\u00e9j\u00e0 pli\u00e9e : l\u2019attaquant ne se voit plus une seconde sous le maillot ni\u00e7ois.<\/p>\n<p>Selon Africa Foot, la crise sportive et surtout l\u2019accueil violent r\u00e9serv\u00e9 aux joueurs apr\u00e8s le match \u00e0 Lorient a fait exploser quelque chose chez lui. L\u2019ancien Merlu a tr\u00e8s mal v\u00e9cu cet \u00e9pisode, comme le groupe l\u2019a rappel\u00e9 dans un communiqu\u00e9 sec. Dans ce climat irrespirable, le Nig\u00e9rian de 26 ans cherche une sortie d\u00e8s janvier. Et deux clubs ont jailli imm\u00e9diatement : Nantes et le Paris FC. Le premier manque cruellement de buts. Le second, lanc\u00e9 puis soudain f\u00e9brile, r\u00eave d\u2019un attaquant qui renverse une saison enti\u00e8re. Nice, lui, sait d\u00e9j\u00e0 qu\u2019il ne reverra jamais les 22,5 millions mis sur la table en 2023.<\/p>\n<p><strong>Une op\u00e9ration express, un prix en chute libre<\/strong><\/p>\n<p>Parce que oui, d\u2019apr\u00e8s Africa Foot, Moffi ne vaudra plus les 25 millions \u00e9voqu\u00e9s il y a un an. L\u2019ambiance, la rupture avec une partie du public, la m\u00e9fiance autour d\u2019INEOS\u2026 tout pousse vers un transfert sold\u00e9. Nantes se dit pr\u00eat \u00e0 un effort s\u2019il peut enfin d\u00e9bloquer son attaque. Le Paris FC, plus discret mais tr\u00e8s ambitieux, a sond\u00e9 l\u2019entourage du joueur. Et pendant que Nice s\u2019enfonce, d\u2019autres clubs flairent la bonne affaire.<\/p>\n","protected":false},"excerpt":{"rendered":"Terem Moffi en a assez, visiblement. Deux phrases et l\u2019affaire para\u00eet d\u00e9j\u00e0 pli\u00e9e : l\u2019attaquant ne se voit&hellip;\n","protected":false},"author":2,"featured_media":587569,"comment_status":"","ping_status":"","sticky":false,"template":"","format":"standard","meta":{"footnotes":""},"categories":[2818],"tags":[1111,11,1777,674,1011,27,766,12,2636,25],"class_list":{"0":"post-587568","1":"post","2":"type-post","3":"status-publish","4":"format-standard","5":"has-post-thumbnail","7":"category-nantes","8":"tag-actu","9":"tag-actualites","10":"tag-eu","11":"tag-europe","12":"tag-fr","13":"tag-france","14":"tag-nantes","15":"tag-news","16":"tag-pays-de-la-loire","17":"tag-republique-francaise"},"share_on_mastodon":{"url":"https:\/\/pubeurope.com\/@fr\/115687210580529522","error":""},"_links":{"self":[{"href":"https:\/\/www.europesays.com\/fr\/wp-json\/wp\/v2\/posts\/587568","targetHints":{"allow":["GET"]}}],"collection":[{"href":"https:\/\/www.europesays.com\/fr\/wp-json\/wp\/v2\/posts"}],"about":[{"href":"https:\/\/www.europesays.com\/fr\/wp-json\/wp\/v2\/types\/post"}],"author":[{"embeddable":true,"href":"https:\/\/www.europesays.com\/fr\/wp-json\/wp\/v2\/users\/2"}],"replies":[{"embeddable":true,"href":"https:\/\/www.europesays.com\/fr\/wp-json\/wp\/v2\/comments?post=587568"}],"version-history":[{"count":0,"href":"https:\/\/www.europesays.com\/fr\/wp-json\/wp\/v2\/posts\/587568\/revisions"}],"wp:featuredmedia":[{"embeddable":true,"href":"https:\/\/www.europesays.com\/fr\/wp-json\/wp\/v2\/media\/587569"}],"wp:attachment":[{"href":"https:\/\/www.europesays.com\/fr\/wp-json\/wp\/v2\/media?parent=587568"}],"wp:term":[{"taxonomy":"category","embeddable":true,"href":"https:\/\/www.europesays.com\/fr\/wp-json\/wp\/v2\/categories?post=587568"},{"taxonomy":"post_tag","embeddable":true,"href":"https:\/\/www.europesays.com\/fr\/wp-json\/wp\/v2\/tags?post=587568"}],"curies":[{"name":"wp","href":"https:\/\/api.w.org\/{rel}","templated":true}]}}