{"id":587572,"date":"2025-12-09T02:24:05","date_gmt":"2025-12-09T02:24:05","guid":{"rendered":"https:\/\/www.europesays.com\/fr\/587572\/"},"modified":"2025-12-09T02:24:05","modified_gmt":"2025-12-09T02:24:05","slug":"bordeaux-on-connait-la-date-des-celebrations-du-nouvel-an-chinois","status":"publish","type":"post","link":"https:\/\/www.europesays.com\/fr\/587572\/","title":{"rendered":"Bordeaux : on connait la date des c\u00e9l\u00e9brations du Nouvel An Chinois"},"content":{"rendered":"\n<p data-start=\"58\" data-end=\"320\">Les rues du centre-ville de Bordeaux seront une nouvelle fois anim\u00e9es pour le Nouvel An chinois. Le dimanche 22 f\u00e9vrier prochain, \u00e0 partir de 14 h 30, la communaut\u00e9 chinoise c\u00e9l\u00e8brera l\u2019\u00e9v\u00e9nement lors d\u2019un d\u00e9fil\u00e9 entre la place de la Victoire et le Miroir d\u2019Eau.<\/p>\n<p data-start=\"322\" data-end=\"556\">Un rendez-vous propos\u00e9 par l\u2019Association amicale des Chinois du Sud-Ouest et le Club Passerelle France-Chine de Bordeaux, afin de c\u00e9l\u00e9brer comme il se doit l\u2019arriv\u00e9e du <strong data-start=\"491\" data-end=\"508\">Cheval de Feu<\/strong>, qui succ\u00e8de au Serpent, signe de l\u2019ann\u00e9e 2025.<\/p>\n<p data-start=\"322\" data-end=\"556\">\u00a0<\/p>\n<p>Cheval de Feu : quelles significations ?<\/p>\n<p data-start=\"604\" data-end=\"1233\" data-is-last-node=\"\" data-is-only-node=\"\">Dans l\u2019astrologie chinoise, le <strong data-start=\"635\" data-end=\"652\">Cheval de Feu<\/strong> est l\u2019un des signes les plus puissants et passionn\u00e9s du zodiaque. Associant l\u2019\u00e9nergie libre et fougueuse du Cheval \u00e0 la force intensifiante de l\u2019\u00e9l\u00e9ment Feu, il symbolise le mouvement, l\u2019audace et les changements rapides. Les ann\u00e9es plac\u00e9es sous ce signe, comme 1966 et bient\u00f4t 2026, sont traditionnellement per\u00e7ues comme des p\u00e9riodes dynamiques, propices aux prises de risques et aux transformations, mais parfois marqu\u00e9es par une certaine instabilit\u00e9. Le Cheval de Feu demeure ainsi un symbole de vitalit\u00e9 et de renouveau, invitant \u00e0 avancer, innover et embrasser le changement.<\/p>\n<p>\u00a0<\/p>\n","protected":false},"excerpt":{"rendered":"Les rues du centre-ville de Bordeaux seront une nouvelle fois anim\u00e9es pour le Nouvel An chinois. Le dimanche&hellip;\n","protected":false},"author":2,"featured_media":587573,"comment_status":"","ping_status":"","sticky":false,"template":"","format":"standard","meta":{"footnotes":""},"categories":[2817],"tags":[5734,70064,1111,11,70065,159,1997,70067,70066,1777,674,1011,27,70062,12,70063,2219,25,28947,5067],"class_list":{"0":"post-587572","1":"post","2":"type-post","3":"status-publish","4":"format-standard","5":"has-post-thumbnail","7":"category-bordeaux","8":"tag-5734","9":"tag-22-fevrier-2026","10":"tag-actu","11":"tag-actualites","12":"tag-association-amicale-des-chinois-du-sud-ouest","13":"tag-astrologie-chinoise","14":"tag-bordeaux","15":"tag-cheval-de-feu","16":"tag-club-passerelle-france-chine-de-bordeaux","17":"tag-eu","18":"tag-europe","19":"tag-fr","20":"tag-france","21":"tag-miroir-deau","22":"tag-news","23":"tag-nouvel-an-chinois","24":"tag-nouvelle-aquitaine","25":"tag-republique-francaise","26":"tag-sainte-catherine","27":"tag-serpent"},"share_on_mastodon":{"url":"https:\/\/pubeurope.com\/@fr\/115687238044883051","error":""},"_links":{"self":[{"href":"https:\/\/www.europesays.com\/fr\/wp-json\/wp\/v2\/posts\/587572","targetHints":{"allow":["GET"]}}],"collection":[{"href":"https:\/\/www.europesays.com\/fr\/wp-json\/wp\/v2\/posts"}],"about":[{"href":"https:\/\/www.europesays.com\/fr\/wp-json\/wp\/v2\/types\/post"}],"author":[{"embeddable":true,"href":"https:\/\/www.europesays.com\/fr\/wp-json\/wp\/v2\/users\/2"}],"replies":[{"embeddable":true,"href":"https:\/\/www.europesays.com\/fr\/wp-json\/wp\/v2\/comments?post=587572"}],"version-history":[{"count":0,"href":"https:\/\/www.europesays.com\/fr\/wp-json\/wp\/v2\/posts\/587572\/revisions"}],"wp:featuredmedia":[{"embeddable":true,"href":"https:\/\/www.europesays.com\/fr\/wp-json\/wp\/v2\/media\/587573"}],"wp:attachment":[{"href":"https:\/\/www.europesays.com\/fr\/wp-json\/wp\/v2\/media?parent=587572"}],"wp:term":[{"taxonomy":"category","embeddable":true,"href":"https:\/\/www.europesays.com\/fr\/wp-json\/wp\/v2\/categories?post=587572"},{"taxonomy":"post_tag","embeddable":true,"href":"https:\/\/www.europesays.com\/fr\/wp-json\/wp\/v2\/tags?post=587572"}],"curies":[{"name":"wp","href":"https:\/\/api.w.org\/{rel}","templated":true}]}}