{"id":587574,"date":"2025-12-09T02:26:15","date_gmt":"2025-12-09T02:26:15","guid":{"rendered":"https:\/\/www.europesays.com\/fr\/587574\/"},"modified":"2025-12-09T02:26:15","modified_gmt":"2025-12-09T02:26:15","slug":"a-toulouse-lagence-de-presse-mqml-sort-les-quartiers-de-la-rubrique-des-faits-divers","status":"publish","type":"post","link":"https:\/\/www.europesays.com\/fr\/587574\/","title":{"rendered":"A Toulouse, l&rsquo;agence de presse MQML sort les quartiers de la rubrique des faits divers"},"content":{"rendered":"<p>Une d\u00e9p\u00eache sur des cours de boxe anglaise r\u00e9serv\u00e9s aux femmes, une autre sur le cin\u00e9ma un peu oubli\u00e9 d\u2019Alban Minville ou encore une enqu\u00eate sur la p\u00e9nurie de m\u00e9decins\u2026 Depuis mars 2024, la petite agence de presse Mon quartier, my life a fait du Grand Mirail, \u00e0 Toulouse, son terrain d\u2019information. Bas\u00e9e \u00e0 Bellefontaine, dans les locaux de la Maison de l\u2019orientation, son \u00e9quipe d\u2019\u00ab\u00a0apprentis\u00a0\u00bb journalistes, compos\u00e9e de trois jeunes en service civique, met en lumi\u00e8re des initiatives, projets et acteurs associatifs issus de ces quartiers prioritaires de la ville o\u00f9 vivent 35.000 habitants.<\/p>\n<p>Ce programme in\u00e9dit, lanc\u00e9 par le Club de la presse Occitanie, accueille cette ann\u00e9e sa deuxi\u00e8me promotion, recrut\u00e9e parmi une quinzaine de candidats. \u00ab\u00a0Le dispositif Mon quartier, my life est parti d\u2019une r\u00e9flexion de nos adh\u00e9rents sur le traitement assez partial qu\u2019ont les m\u00e9dias des quartiers populaires. Notre premier objectif avec cette agence de presse de proximit\u00e9, est de permettre aux m\u00e9dias d\u2019envisager une autre couverture de ces quartiers, au-del\u00e0 de la rubrique des faits divers. Le second est de former des jeunes issus de la diversit\u00e9 au travail journalistique et de les aider \u00e0 pr\u00e9parer des concours d\u2019entr\u00e9e aux \u00e9coles de journalisme\u00a0\u00bb, explique Agn\u00e8s Maurin, directrice r\u00e9gionale du Club de la presse Occitanie.<\/p>\n<p>La parole aux habitants<\/p>\n<p>Deux journalistes professionnels en r\u00e9sidence, Sophie Arutunian et Benjamin Bourgine, les accompagnent dans cette sorte de \u00ab\u00a0pr\u00e9pa\u00a0\u00bb qui a permis l\u2019ann\u00e9e derni\u00e8re \u00e0 une recrue de la premi\u00e8re promotion d\u2019int\u00e9grer une \u00e9cole \u00e0 Marseille. Tout le contenu de l\u2019agence MQML est propos\u00e9 gratuitement \u00e0 la quarantaine de journalistes abonn\u00e9s \u00e0 ce jour. \u00ab\u00a0L\u2019un de nos piliers est de donner la parole aux habitants du quartier et de montrer ce qui s\u2019y passe en dehors des probl\u00e8mes de drogue, d\u2019immeubles d\u00e9labr\u00e9s qui sont d\u00e9j\u00e0 largement trait\u00e9s par d\u2019autres m\u00e9dias. Les jeunes trouvent leurs id\u00e9es de reportage, nous pr\u00e9parons avec eux les questions et nous relisons leur papier en les retravaillant si n\u00e9cessaire pour qu\u2019ils soient publiables. Les d\u00e9p\u00eaches peuvent donner des id\u00e9es \u00e0 des m\u00e9dias qui vont d\u00e9cider de traiter le sujet eux-m\u00eames. Elles peuvent \u00eatre r\u00e9\u00e9crites ou reprises telles quelles, en citant l\u2019agence\u00a0\u00bb, pr\u00e9cise Sophie Arutunian.<\/p>\n<p>En plus de leur contrat de 24 heures en service civique, certaines jeunes recrues de MQML ont int\u00e9gr\u00e9 cette ann\u00e9e le dispositif de l\u2019association La Chance, pour la diversit\u00e9 dans les m\u00e9dias,\u00a0qui\u00a0pr\u00e9pare gratuitement des\u00a0\u00e9tudiants boursiers\u00a0aux \u00e9preuves des quatorze \u00e9coles de journalisme reconnues par la profession. C\u2019est le cas de Chemsi El Sid, 21 ans, dipl\u00f4m\u00e9e d\u2019une licence de langues, litt\u00e9ratures et civilisations \u00e9trang\u00e8res, qui vise des \u00e9coles \u00e0 Toulouse et Strasbourg. \u00ab\u00a0Je ne me sens jamais plus \u00e9panouie que derri\u00e8re un stylo ou une cam\u00e9ra\u00a0\u00bb, confie la jeune fille bien d\u00e9cid\u00e9e \u00e0 faire entendre d\u2019autres voix en rejoignant cette profession \u00ab\u00a0en p\u00e9ril\u00a0\u00bb face aux entreprises de d\u00e9sinformation.<br class=\"autobr\"\/><br \/>\n\u00a0<br class=\"autobr\"\/><br \/>\nPour le Club de la presse, qui finance totalement ce dispositif in\u00e9dit avec l\u2019aide de partenaires publics et priv\u00e9s, notamment la mairie de Toulouse, la R\u00e9gion avec la mise \u00e0 disposition d\u2019un bureau dans les locaux de la Maison de l\u2019orientation, la Fondation Groupe SNCF et la Fondation d\u2019entreprise Banque Populaire Occitane, le mod\u00e8le \u00e9conomique reste \u00e0 p\u00e9renniser. Son projet est de proposer aussi du contenu vid\u00e9o et audio et d\u2019investir, pourquoi pas, de nouveaux quartiers.<br class=\"autobr\"\/><br \/>\nJohanna Decorse<\/p>\n<p>Sur la photo\u00a0: Sophie Arutunian fait partie des deux journalistes qui encadrent les jeunes recrues de la promotion 2025-2026, Vanessa Ekhaguere, Chemsi El Sid, \u00e0 ses c\u00f4t\u00e9s, ainsi qu\u2019Amaury Decool. Cr\u00e9dit\u00a0: J.\u00a0D.-Toul\u00c9co.<\/p>\n","protected":false},"excerpt":{"rendered":"Une d\u00e9p\u00eache sur des cours de boxe anglaise r\u00e9serv\u00e9s aux femmes, une autre sur le cin\u00e9ma un peu&hellip;\n","protected":false},"author":2,"featured_media":587575,"comment_status":"","ping_status":"","sticky":false,"template":"","format":"standard","meta":{"footnotes":""},"categories":[2816],"tags":[1111,11,1777,674,1011,27,9877,500,12,2680,25,2312],"class_list":{"0":"post-587574","1":"post","2":"type-post","3":"status-publish","4":"format-standard","5":"has-post-thumbnail","7":"category-toulouse","8":"tag-actu","9":"tag-actualites","10":"tag-eu","11":"tag-europe","12":"tag-fr","13":"tag-france","14":"tag-journalisme","15":"tag-medias","16":"tag-news","17":"tag-occitanie","18":"tag-republique-francaise","19":"tag-toulouse"},"share_on_mastodon":{"url":"https:\/\/pubeurope.com\/@fr\/115687246042551937","error":""},"_links":{"self":[{"href":"https:\/\/www.europesays.com\/fr\/wp-json\/wp\/v2\/posts\/587574","targetHints":{"allow":["GET"]}}],"collection":[{"href":"https:\/\/www.europesays.com\/fr\/wp-json\/wp\/v2\/posts"}],"about":[{"href":"https:\/\/www.europesays.com\/fr\/wp-json\/wp\/v2\/types\/post"}],"author":[{"embeddable":true,"href":"https:\/\/www.europesays.com\/fr\/wp-json\/wp\/v2\/users\/2"}],"replies":[{"embeddable":true,"href":"https:\/\/www.europesays.com\/fr\/wp-json\/wp\/v2\/comments?post=587574"}],"version-history":[{"count":0,"href":"https:\/\/www.europesays.com\/fr\/wp-json\/wp\/v2\/posts\/587574\/revisions"}],"wp:featuredmedia":[{"embeddable":true,"href":"https:\/\/www.europesays.com\/fr\/wp-json\/wp\/v2\/media\/587575"}],"wp:attachment":[{"href":"https:\/\/www.europesays.com\/fr\/wp-json\/wp\/v2\/media?parent=587574"}],"wp:term":[{"taxonomy":"category","embeddable":true,"href":"https:\/\/www.europesays.com\/fr\/wp-json\/wp\/v2\/categories?post=587574"},{"taxonomy":"post_tag","embeddable":true,"href":"https:\/\/www.europesays.com\/fr\/wp-json\/wp\/v2\/tags?post=587574"}],"curies":[{"name":"wp","href":"https:\/\/api.w.org\/{rel}","templated":true}]}}