{"id":587580,"date":"2025-12-09T02:30:37","date_gmt":"2025-12-09T02:30:37","guid":{"rendered":"https:\/\/www.europesays.com\/fr\/587580\/"},"modified":"2025-12-09T02:30:37","modified_gmt":"2025-12-09T02:30:37","slug":"recherche-pour-une-peine-demprisonnement-il-menace-un-passant-avec-un-couteau-a-marseille","status":"publish","type":"post","link":"https:\/\/www.europesays.com\/fr\/587580\/","title":{"rendered":"Recherch\u00e9 pour une peine d\u2019emprisonnement, il menace un passant avec un couteau \u00e0 Marseille"},"content":{"rendered":"<p class=\"rev-margin-0 rev-text-xs-normal\">Si aucune arme blanche n&rsquo;a \u00e9t\u00e9 retrouv\u00e9e, le contr\u00f4le d&rsquo;identit\u00e9 de l&rsquo;individu a r\u00e9v\u00e9l\u00e9 qu&rsquo;il \u00e9tait recherch\u00e9 pour une peine d&#8217;emprisonnement \u00e0 laquelle il ne s&rsquo;\u00e9tait conform\u00e9.<\/p>\n<p class=\"rev-margin-0 rev-text-xs-bold\">\/ Photo d&rsquo;illustration LP Fr\u00e9deric SPEICH<\/p>\n<p>Les policiers ont fait <strong>d\u2019une pierre deux coups<\/strong> le week-end dernier, en interpellant un individu qui venait d\u2019en menacer un autre avec un <a href=\"https:\/\/www.laprovence.com\/article\/faits-divers-justice\/1088756783453715\/agressions-au-couteau-en-serie-a-marseille-et-arles-pendant-ce-week-end-de-la-toussaint\" target=\"_blank\" rel=\"noopener\">couteau<\/a>, en pleine rue. En consultant leur fichier, les fonctionnaires se sont aper\u00e7us que leur \u00ab\u00a0client\u00a0\u00bb faisait l\u2019objet d\u2019une <a href=\"https:\/\/www.laprovence.com\/article\/faits-divers-justice\/1741038590953515\/deux-fugitifs-lun-en-evasion-lautre-sous-le-coup-dun-mandat-darret-interpelles-coup-sur-coup-a-marseille\" target=\"_blank\" rel=\"noopener\">fiche de recherches<\/a> pour<strong> une peine d\u2019emprisonnement<\/strong>.<\/p>\n<p>Il \u00e9tait 11 h 45 <strong>samedi 6\u00a0d\u00e9cembre<\/strong> lorsqu\u2019un \u00e9quipage de police a \u00e9t\u00e9 requis pour intervenir sur un diff\u00e9rend entre deux personnes sur la voie publique. \u00c0 leur arriv\u00e9e sur les lieux, rue Saint-Pierre dans le 5e arrondissement de <a href=\"https:\/\/www.laprovence.com\/bouches-du-rhone\/marseille-13055\" target=\"_blank\" rel=\"noopener\">Marseille<\/a>, le requ\u00e9rant a indiqu\u00e9 aux forces de l\u2019ordre s\u2019\u00eatre fait menacer par un individu arm\u00e9 d\u2019une <a href=\"https:\/\/www.laprovence.com\/article\/faits-divers-justice\/61791060531942\/un-individu-interpelle-a-marseille-ce-vendredi-alors-quil-menacait-les-passants-avec-un-couteau\" target=\"_blank\" rel=\"noopener\">arme blanche<\/a>.<\/p>\n<p>Le fuyard de 38\u00a0ans en garde \u00e0 vue<\/p>\n<p>Forts de sa description, les policiers ont eu t\u00f4t fait rep\u00e9rer l\u2019auteur pr\u00e9sum\u00e9. Si aucune arme blanche n\u2019a \u00e9t\u00e9 retrouv\u00e9e, le contr\u00f4le d\u2019identit\u00e9 de l\u2019individu a r\u00e9v\u00e9l\u00e9 qu\u2019il \u00e9tait recherch\u00e9 pour une peine d\u2019emprisonnement \u00e0 laquelle il ne s\u2019\u00e9tait conform\u00e9.<strong> \u00c2g\u00e9 de 38\u00a0ans<\/strong>, le fuyard a \u00e9t\u00e9 plac\u00e9 interpell\u00e9 et plac\u00e9 en garde \u00e0 vue.<\/p>\n","protected":false},"excerpt":{"rendered":"Si aucune arme blanche n&rsquo;a \u00e9t\u00e9 retrouv\u00e9e, le contr\u00f4le d&rsquo;identit\u00e9 de l&rsquo;individu a r\u00e9v\u00e9l\u00e9 qu&rsquo;il \u00e9tait recherch\u00e9 pour&hellip;\n","protected":false},"author":2,"featured_media":587581,"comment_status":"","ping_status":"","sticky":false,"template":"","format":"standard","meta":{"footnotes":""},"categories":[2814],"tags":[17,1111,11,70070,1777,674,274,1011,27,884,1147,12,4486,6191,471,882,959,25,96],"class_list":{"0":"post-587580","1":"post","2":"type-post","3":"status-publish","4":"format-standard","5":"has-post-thumbnail","7":"category-marseille","8":"tag-17","9":"tag-actu","10":"tag-actualites","11":"tag-demprisonnement","12":"tag-eu","13":"tag-europe","14":"tag-faits-divers-justice","15":"tag-fr","16":"tag-france","17":"tag-marseille","18":"tag-menace","19":"tag-news","20":"tag-passant","21":"tag-peine","22":"tag-pour","23":"tag-provence-alpes-cote-dazur","24":"tag-recherche","25":"tag-republique-francaise","26":"tag-une"},"share_on_mastodon":{"url":"https:\/\/pubeurope.com\/@fr\/115687261653047522","error":""},"_links":{"self":[{"href":"https:\/\/www.europesays.com\/fr\/wp-json\/wp\/v2\/posts\/587580","targetHints":{"allow":["GET"]}}],"collection":[{"href":"https:\/\/www.europesays.com\/fr\/wp-json\/wp\/v2\/posts"}],"about":[{"href":"https:\/\/www.europesays.com\/fr\/wp-json\/wp\/v2\/types\/post"}],"author":[{"embeddable":true,"href":"https:\/\/www.europesays.com\/fr\/wp-json\/wp\/v2\/users\/2"}],"replies":[{"embeddable":true,"href":"https:\/\/www.europesays.com\/fr\/wp-json\/wp\/v2\/comments?post=587580"}],"version-history":[{"count":0,"href":"https:\/\/www.europesays.com\/fr\/wp-json\/wp\/v2\/posts\/587580\/revisions"}],"wp:featuredmedia":[{"embeddable":true,"href":"https:\/\/www.europesays.com\/fr\/wp-json\/wp\/v2\/media\/587581"}],"wp:attachment":[{"href":"https:\/\/www.europesays.com\/fr\/wp-json\/wp\/v2\/media?parent=587580"}],"wp:term":[{"taxonomy":"category","embeddable":true,"href":"https:\/\/www.europesays.com\/fr\/wp-json\/wp\/v2\/categories?post=587580"},{"taxonomy":"post_tag","embeddable":true,"href":"https:\/\/www.europesays.com\/fr\/wp-json\/wp\/v2\/tags?post=587580"}],"curies":[{"name":"wp","href":"https:\/\/api.w.org\/{rel}","templated":true}]}}