{"id":587590,"date":"2025-12-09T02:38:25","date_gmt":"2025-12-09T02:38:25","guid":{"rendered":"https:\/\/www.europesays.com\/fr\/587590\/"},"modified":"2025-12-09T02:38:25","modified_gmt":"2025-12-09T02:38:25","slug":"les-vitraux-controverses-de-notre-dame-de-paris-se-devoilent-en-majeste-au-grand-palais","status":"publish","type":"post","link":"https:\/\/www.europesays.com\/fr\/587590\/","title":{"rendered":"Les vitraux controvers\u00e9s de Notre-Dame de Paris se d\u00e9voilent en majest\u00e9 au Grand-Palais"},"content":{"rendered":"<p>      <img fetchpriority=\"high\" decoding=\"async\" class=\"mx-auto\" src=\"data:image\/svg+xml,%3Csvg%20xmlns%3D%27http%3A%2F%2Fwww.w3.org%2F2000%2Fsvg%27%20fill%3D%22%23e4e4e4%22%20viewBox%3D%270%200%20510%20510%27%20width%3D%22510%22%20height%3D%22510%22%3E%3Cpath%20d%3D%27M0%200h510v510H0z%27%2F%3E%3C%2Fsvg%3E\"  loading=\"eager\" width=\"510\" height=\"510\" data-oncrawl-image-size=\"510x510\" alt=\"Claire Tabouret expose les futurs vitraux de Notre-Dame au Grand-Palais.\"\/>      <\/p>\n<p class=\"latino-100m text-grey-600\">\n            Claire Tabouret expose les futurs vitraux de Notre-Dame au Grand-Palais.\u00a0CHA GONZALEZ POUR \u00ab\u00a0LE NOUVEL OBS\u00a0\u00bb        <\/p>\n<p>        Lire\u00a0plus\u00a0tard      <\/p>\n<p><a aria-label=\"Nous suivre sur Google News\" href=\"https:\/\/news.google.com\/publications\/CAAqBwgKMJe4nQkw3dFs?hl=fr&amp;gl=FR&amp;ceid=FR%3Afr\" target=\"_blank\" data-piano=\"Page_Article,Sous_date_publi,Nous_suivre_sur_google_news,1er_clic,action\" class=\"btn btn--small btn--tertiary btn--icon-only\" rel=\"noopener\"><\/p>\n<p>      Google Actualit\u00e9s<br \/>\n  <\/a><\/p>\n<p>  Partager<\/p>\n<p>        Facebook<\/p>\n<p>        Bluesky<\/p>\n<p>        E-mail<\/p>\n<p>        Copier le lien<\/p>\n<p>      Envoyer<\/p>\n<p>        S\u2019abonner pour lire      <\/p>\n<p class=\"node__paragraphe antonia-750r text-grey-800 pb-24 pb-md-32\">\nSouvenez-vous, l\u2019hiver dernier. Le 18\u00a0d\u00e9cembre 2024, l\u2019Elys\u00e9e et le dioc\u00e8se de Paris d\u00e9signent Claire Tabouret (associ\u00e9e \u00e0 l\u2019atelier de ma\u00eetres verriers Simon-Marcq, bas\u00e9 \u00e0 Reims) laur\u00e9ate du concours artistique lanc\u00e9 pour remplacer par des cr\u00e9ations contemporaines une s\u00e9rie de vitraux de Notre-Dame de Paris datant de Viollet-Le-Duc.<\/p>\n<p class=\"node__paragraphe antonia-750r text-grey-800 pb-8\">\nLa plasticienne, n\u00e9e en 1981, l\u2019emporte face \u00e0 des cadors comme Daniel Buren, Jean-Michel Alberola, Yan Pei-Ming ou G\u00e9rard Traquandi. Une cons\u00e9cration plac\u00e9e sous le signe du consensus. Bernard Blist\u00e8ne, ancien directeur du Mus\u00e9e national d\u2019Art moderne et pr\u00e9sident du comit\u00e9 artistique de s\u00e9lection,\u2026<\/p>\n<p class=\"latino-100m text-blue-400\">Article r\u00e9serv\u00e9 aux abonn\u00e9s.<\/p>\n<p>        Se connecter      <\/p>\n<p class=\"text-center antonia-1550b antonia-lg-1850c\" style=\"margin-bottom:4px;\">Envie de lire la suite\u00a0?<\/p>\n<p class=\"description text-center pb-16\">Tous nos contenus exclusifs en acc\u00e8s illimit\u00e9<\/p>\n<p>            S\u2019abonner 7,99\u20ac 3,99\u20ac\/mois                          pendant 1 an                      <\/p>\n<p class=\"text-grey-700 or d-none d-md-flex\">ou<\/p>\n<p>                        <img width=\"164\" height=\"20\" src=\"data:image\/svg+xml,%3Csvg%20xmlns%3D%27http%3A%2F%2Fwww.w3.org%2F2000%2Fsvg%27%20fill%3D%22%23e4e4e4%22%20viewBox%3D%270%200%20282%2054%27%20width%3D%22282%22%20height%3D%2254%22%3E%3Cpath%20d%3D%27M0%200h282v54H0z%27%2F%3E%3C%2Fsvg%3E\"  class=\"js-swg-placeholder\" alt=\"Subscribe with Google\" loading=\"lazy\" decoding=\"async\"\/><\/p>\n","protected":false},"excerpt":{"rendered":"Claire Tabouret expose les futurs vitraux de Notre-Dame au Grand-Palais.\u00a0CHA GONZALEZ POUR \u00ab\u00a0LE NOUVEL OBS\u00a0\u00bb Lire\u00a0plus\u00a0tard Google Actualit\u00e9s&hellip;\n","protected":false},"author":2,"featured_media":587591,"comment_status":"","ping_status":"","sticky":false,"template":"","format":"standard","meta":{"footnotes":""},"categories":[1888],"tags":[17,1111,1928,11,1927,70073,251,10549,39845,1777,674,1349,1011,27,2515,38412,12,1926,626,1925,25,69941],"class_list":{"0":"post-587590","1":"post","2":"type-post","3":"status-publish","4":"format-standard","5":"has-post-thumbnail","7":"category-paris","8":"tag-17","9":"tag-actu","10":"tag-actu-paris","11":"tag-actualites","12":"tag-actualites-paris","13":"tag-controverses","14":"tag-culture","15":"tag-dame","16":"tag-devoilent","17":"tag-eu","18":"tag-europe","19":"tag-expositions","20":"tag-fr","21":"tag-france","22":"tag-grand","23":"tag-majeste","24":"tag-news","25":"tag-news-paris","26":"tag-paris","27":"tag-paris-news","28":"tag-republique-francaise","29":"tag-vitraux"},"share_on_mastodon":{"url":"https:\/\/pubeurope.com\/@fr\/115687293126698483","error":""},"_links":{"self":[{"href":"https:\/\/www.europesays.com\/fr\/wp-json\/wp\/v2\/posts\/587590","targetHints":{"allow":["GET"]}}],"collection":[{"href":"https:\/\/www.europesays.com\/fr\/wp-json\/wp\/v2\/posts"}],"about":[{"href":"https:\/\/www.europesays.com\/fr\/wp-json\/wp\/v2\/types\/post"}],"author":[{"embeddable":true,"href":"https:\/\/www.europesays.com\/fr\/wp-json\/wp\/v2\/users\/2"}],"replies":[{"embeddable":true,"href":"https:\/\/www.europesays.com\/fr\/wp-json\/wp\/v2\/comments?post=587590"}],"version-history":[{"count":0,"href":"https:\/\/www.europesays.com\/fr\/wp-json\/wp\/v2\/posts\/587590\/revisions"}],"wp:featuredmedia":[{"embeddable":true,"href":"https:\/\/www.europesays.com\/fr\/wp-json\/wp\/v2\/media\/587591"}],"wp:attachment":[{"href":"https:\/\/www.europesays.com\/fr\/wp-json\/wp\/v2\/media?parent=587590"}],"wp:term":[{"taxonomy":"category","embeddable":true,"href":"https:\/\/www.europesays.com\/fr\/wp-json\/wp\/v2\/categories?post=587590"},{"taxonomy":"post_tag","embeddable":true,"href":"https:\/\/www.europesays.com\/fr\/wp-json\/wp\/v2\/tags?post=587590"}],"curies":[{"name":"wp","href":"https:\/\/api.w.org\/{rel}","templated":true}]}}