{"id":587592,"date":"2025-12-09T02:40:34","date_gmt":"2025-12-09T02:40:34","guid":{"rendered":"https:\/\/www.europesays.com\/fr\/587592\/"},"modified":"2025-12-09T02:40:34","modified_gmt":"2025-12-09T02:40:34","slug":"zoom-sur-les-recentes-ouvertures-de-magasins-en-france","status":"publish","type":"post","link":"https:\/\/www.europesays.com\/fr\/587592\/","title":{"rendered":"Zoom sur les r\u00e9centes ouvertures de magasins en France"},"content":{"rendered":"<p>\n                                    <b>Publi\u00e9 le<\/b><br \/>\n                                    <\/p>\n<p>                                        8 d\u00e9cembre 2025<\/p>\n<p class=\"article-content col-md-8 offset-md-1\">\n                                Alors que la fin d\u2019ann\u00e9e approche, le secteur du retail mode voit plusieurs marques renforcer leur pr\u00e9sence physique avec des ouvertures, tour d&rsquo;horizon.<\/p>\n<p class=\"col-md-10 exergue\">Maison Ola inaugure sa premi\u00e8re boutique parisienne<\/p>\n<p><img decoding=\"async\" class=\"news-image\" style=\"width:100%;max-width:645px;\" src=\"https:\/\/www.europesays.com\/fr\/wp-content\/uploads\/2025\/12\/a936.jpeg\" alt=\"Boutique Ola au 33 rue de Grenelle dans 7e arrondissement\" loading=\"lazy\"\/>Boutique Ola au 33 rue de Grenelle dans 7e arrondissement &#8211; DR<\/p>\n<p>Maison Ola, la griffe fond\u00e9e par Maria de la Orden et Gr\u00e9gory Mizele, connue pour ses chapeaux et accessoires pour cheveux au charme solaire et raffin\u00e9, s\u2019installe pour la premi\u00e8re fois \u00e0 Paris. La marque a ouvert officiellement les portes de sa premi\u00e8re boutique le 17 novembre 2025, au 33, rue de Grenelle dans le VII\u1d49 arrondissement.<\/p>\n<p class=\"col-md-8 offset-md-1 article-content--texte\">L\u2019espace, d\u2019une surface de 50 m\u00e8tres carr\u00e9s, est situ\u00e9 au c\u0153ur de Saint-Germain-des-Pr\u00e9s. La boutique rassemble l\u2019ensemble des collections de la marque et a \u00e9t\u00e9 pens\u00e9e pour valoriser ses mat\u00e9riaux et son savoir-faire.<\/p>\n<p>Cette premi\u00e8re adresse physique marque une nouvelle \u00e9tape dans la structuration de Maison Ola, qui poursuit le d\u00e9veloppement de son r\u00e9seau et son implantation sur le march\u00e9 parisien. Maison Ola est notamment pr\u00e9sent sur la plateforme Moda Operandi, ainsi que dans plusieurs points de vente situ\u00e9s au sein d\u2019h\u00f4tels et \u00e9tablissements haut de gamme du groupe Airelles: Les Airelles Courchevel, Airelles Val d\u2019Is\u00e8re, Ch\u00e2teau de la Messardi\u00e8re, Jardin Tropezina, Ch\u00e2teau d\u2019Estoublon et La Bastide de Gordes.<\/p>\n<p class=\"col-md-10 exergue\">Phileo installe son offre chaussure sur le boulevard Beaumarchais \u00e0 Paris<\/p>\n<p><img decoding=\"async\" class=\"news-image\" style=\"width:100%;max-width:968px;\" src=\"https:\/\/www.europesays.com\/fr\/wp-content\/uploads\/2025\/12\/24ad.jpg\" alt=\"Boutique Phileo Beaumarchais \u00e0 Paris\" loading=\"lazy\"\/>Boutique Phileo Beaumarchais \u00e0 Paris &#8211; DR<\/p>\n<p>Fond\u00e9e en 2020 par Phil\u00e9o Landowski, la marque parisienne ind\u00e9pendante Phileo, sp\u00e9cialis\u00e9e dans les chaussures, inaugure sa premi\u00e8re boutique au 37, boulevard Beaumarchais, dans le IIIe arrondissement. L\u2019ouverture officielle a eu lieu le 27 novembre 2025, et la boutique sera ouverte du mardi au samedi, de 13h \u00e0 19h. L\u2019espace de vente couvre 62 m\u00e8tres carr\u00e9s.<\/p>\n<p>Pens\u00e9e par Phil\u00e9o Landowski, qui collabore avec plusieurs marques sport et lifestyle majeures, la boutique adopte une approche non conventionnelle du retail. Avec des structures apparentes et des surfaces brutes, le lieu traduit l\u2019int\u00e9r\u00eat de la marque pour le processus cr\u00e9atif et la tension entre mat\u00e9riaux, et fonctionne comme un espace de vie accueillant des interventions d\u2019artistes et de collaborateurs.<\/p>\n<p>Ind\u00e9pendante, Phileo est soutenue par DSMP-BD (Dover Street Market Paris \u2013 Brand Development) pour la distribution. La marque est distribu\u00e9e dans une trentaine de points de vente \u00e0 travers le monde. La marque a \u00e9t\u00e9 distingu\u00e9e par le Grand Prix de la Cr\u00e9ation de la Ville de Paris 2024, finaliste de l&rsquo;ANDAM Fashion Award 2025.<\/p>\n<p class=\"col-md-10 exergue\">Caleb ouvre sa premi\u00e8re boutique dans le Marais<\/p>\n<p><img decoding=\"async\" class=\"news-image\" style=\"width:100%;max-width:645px;\" src=\"https:\/\/www.europesays.com\/fr\/wp-content\/uploads\/2025\/12\/8c96.jpg\" alt=\"\" loading=\"lazy\"\/> DR<\/p>\n<p>Fond\u00e9e par Aaron Moyal et Samuel Milgrom, la marque Caleb, cr\u00e9\u00e9e il y a deux ans, poursuit son d\u00e9veloppement avec l\u2019ouverture de sa premi\u00e8re boutique parisienne. L\u2019enseigne s\u2019installe au 72, rue Vieille-du-Temple, en plein c\u0153ur du Marais, dans un espace de 70 m\u00e8tres carr\u00e9s.<\/p>\n<p>Positionn\u00e9e sur un vestiaire intemporel et no gender, Caleb propose des pi\u00e8ces aux coupes fluides et aux mati\u00e8res s\u00e9lectionn\u00e9es pour leur durabilit\u00e9. La boutique rassemble l\u2019ensemble des collections, homme, femme et no gender, ainsi que des \u00e9ditions limit\u00e9es et une s\u00e9lection d\u2019objets exclusifs.<\/p>\n<p>Cette premi\u00e8re implantation physique permet \u00e0 Caleb de structurer sa pr\u00e9sence sur le march\u00e9 parisien. La marque dispose d\u00e9j\u00e0 de plusieurs points de vente internationaux : Paris (2 points de vente : 1 boutique Caleb et 1 corner multimarques au Printemps), St Barth, St-Tropez, Duba\u00ef, Kiev (boutique partenaire), Italie et Tel Aviv.\u00a0<\/p>\n<p class=\"col-md-10 exergue\">Bonne Maison ouvre sa premi\u00e8re boutique \u00e0 Annecy\u00a0<\/p>\n<p><img decoding=\"async\" class=\"news-image\" style=\"width:100%;\" src=\"https:\/\/www.europesays.com\/fr\/wp-content\/uploads\/2025\/12\/b84c.jpg\" alt=\"\" loading=\"lazy\"\/> DR<\/p>\n<p>Bonne Maison, la marque fran\u00e7aise de chaussettes premium fond\u00e9e en 2012 et reprise en 2023 par Laure de Gennes, inaugure sa premi\u00e8re boutique au 34, rue Sommeiller, \u00e0 Annecy. L\u2019ouverture officielle \u00e9tait le 19 novembre 2025.<\/p>\n<p>L\u2019enseigne, reconnue pour ses chaussettes graphiques et color\u00e9es r\u00e9alis\u00e9es en fil de coton \u00e9gyptien et fabriqu\u00e9es en Europe, se dote ici d\u2019un espace de 30 m\u00e8tres carr\u00e9s pens\u00e9 comme une galerie d\u2019art.<\/p>\n<p>Bonne Maison, qui ne communique pas son chiffre d\u2019affaires, r\u00e9alise 90% de ses ventes \u00e0 l\u2019international (Europe, \u00c9tats-Unis, Asie) et g\u00e9n\u00e8re 20% de son activit\u00e9 via le digital. La marque est distribu\u00e9e dans plus de 700 points de vente \u00e0 travers le monde, dont Le Bon March\u00e9, Isetan ou encore le Printemps de New York.<\/p>\n<p class=\"col-md-10 exergue\">Acanthe inaugure sa 15\u1d49 boutique en France \u00e0 Levallois-Perret<\/p>\n<p><img decoding=\"async\" class=\"news-image\" style=\"width:100%;max-width:726px;\" src=\"https:\/\/www.europesays.com\/fr\/wp-content\/uploads\/2025\/12\/14ab.jpeg\" alt=\"Boutique Acanthe au 46 rue du Pr\u00e9sident Wilson 92300 Levallois Perret\" loading=\"lazy\"\/>Boutique Acanthe au 46 rue du Pr\u00e9sident Wilson 92300 Levallois Perret &#8211; DR<\/p>\n<p>Fond\u00e9e en 1983 par Antoine de Jouffrey, Acanthe s\u2019est donn\u00e9 pour objectif de proposer des chemises et v\u00eatements de qualit\u00e9 \u00e0 prix accessible. La marque, aujourd\u2019hui familiale, est dirig\u00e9e par Blanche de Jouffrey, fille du fondateur, tandis qu&rsquo;Aim\u00e9e de Jouffrey, styliste femme, signe sa premi\u00e8re collection hiver 2025.<\/p>\n<p>Acanthe d\u00e9veloppe des collections intemporelles et durables, con\u00e7ues dans des mati\u00e8res naturelles telles que coton, lin, laine m\u00e9rinos, lambswool ou cachemire. La Collection Cachemire, lanc\u00e9e en 2006, illustre cet engagement avec des pi\u00e8ces modernes et durables, tricot\u00e9es en double-fil.<\/p>\n<p>En octobre 2025, Acanthe a ouvert sa 15\u1d49 boutique en France, \u00e0 Levallois-Perret, un espace de 52 m\u00e8tres carr\u00e9s. La marque dispose d\u00e9sormais de 15 points de vente, tous sous forme de boutiques, consolidant sa pr\u00e9sence physique et son acc\u00e8s direct \u00e0 la client\u00e8le.\n                            <\/p>\n<p>\n                                Tous droits de reproduction et de repr\u00e9sentation r\u00e9serv\u00e9s.<br \/>\u00a9 2025 FashionNetwork.com\n                            <\/p>\n","protected":false},"excerpt":{"rendered":"Publi\u00e9 le 8 d\u00e9cembre 2025 Alors que la fin d\u2019ann\u00e9e approche, le secteur du retail mode voit plusieurs&hellip;\n","protected":false},"author":2,"featured_media":587593,"comment_status":"","ping_status":"","sticky":false,"template":"","format":"standard","meta":{"footnotes":""},"categories":[1888],"tags":[11,2424,537,2423,1777,674,1011,27,2425,985,12,2298,626,2426,2427,25,2421,2422],"class_list":{"0":"post-587592","1":"post","2":"type-post","3":"status-publish","4":"format-standard","5":"has-post-thumbnail","7":"category-paris","8":"tag-actualites","9":"tag-beaute","10":"tag-contact","11":"tag-cosmetiques","12":"tag-eu","13":"tag-europe","14":"tag-fr","15":"tag-france","16":"tag-luxe","17":"tag-mode","18":"tag-news","19":"tag-parfum","20":"tag-paris","21":"tag-professionnel","22":"tag-professionnels","23":"tag-republique-francaise","24":"tag-reseau","25":"tag-textile"},"share_on_mastodon":{"url":"https:\/\/pubeurope.com\/@fr\/115687302177910594","error":""},"_links":{"self":[{"href":"https:\/\/www.europesays.com\/fr\/wp-json\/wp\/v2\/posts\/587592","targetHints":{"allow":["GET"]}}],"collection":[{"href":"https:\/\/www.europesays.com\/fr\/wp-json\/wp\/v2\/posts"}],"about":[{"href":"https:\/\/www.europesays.com\/fr\/wp-json\/wp\/v2\/types\/post"}],"author":[{"embeddable":true,"href":"https:\/\/www.europesays.com\/fr\/wp-json\/wp\/v2\/users\/2"}],"replies":[{"embeddable":true,"href":"https:\/\/www.europesays.com\/fr\/wp-json\/wp\/v2\/comments?post=587592"}],"version-history":[{"count":0,"href":"https:\/\/www.europesays.com\/fr\/wp-json\/wp\/v2\/posts\/587592\/revisions"}],"wp:featuredmedia":[{"embeddable":true,"href":"https:\/\/www.europesays.com\/fr\/wp-json\/wp\/v2\/media\/587593"}],"wp:attachment":[{"href":"https:\/\/www.europesays.com\/fr\/wp-json\/wp\/v2\/media?parent=587592"}],"wp:term":[{"taxonomy":"category","embeddable":true,"href":"https:\/\/www.europesays.com\/fr\/wp-json\/wp\/v2\/categories?post=587592"},{"taxonomy":"post_tag","embeddable":true,"href":"https:\/\/www.europesays.com\/fr\/wp-json\/wp\/v2\/tags?post=587592"}],"curies":[{"name":"wp","href":"https:\/\/api.w.org\/{rel}","templated":true}]}}