{"id":587594,"date":"2025-12-09T02:42:27","date_gmt":"2025-12-09T02:42:27","guid":{"rendered":"https:\/\/www.europesays.com\/fr\/587594\/"},"modified":"2025-12-09T02:42:27","modified_gmt":"2025-12-09T02:42:27","slug":"11-joueurs-professionnels-places-en-detention","status":"publish","type":"post","link":"https:\/\/www.europesays.com\/fr\/587594\/","title":{"rendered":"11 joueurs professionnels plac\u00e9s en d\u00e9tention"},"content":{"rendered":"<p>\n    Un tribunal d\u2019Istanbul a ordonn\u00e9 lundi le placement en d\u00e9tention provisoire de 11 footballeurs de premi\u00e8re et deuxi\u00e8me divisions turques accus\u00e9s pour neuf d\u2019entre eux d\u2019avoir pari\u00e9 sur des matches de leur propre \u00e9quipe.<\/p>\n<p class=\"fig-paragraph\">Un tribunal d&rsquo;Istanbul a ordonn\u00e9 lundi le placement en d\u00e9tention provisoire de 11 footballeurs de premi\u00e8re et deuxi\u00e8me divisions turques accus\u00e9s pour neuf d&rsquo;entre eux d&rsquo;avoir\u00a0<a href=\"https:\/\/www.lefigaro.fr\/tag\/pari-sportif\" target=\"_blank\" rel=\"sponsored noopener\" data-gtm-custom-categorie=\"navigation\" data-gtm-custom-action=\"crossclick\" data-gtm-custom-label=\"Contextuel\" data-gtm-event=\"customEventSPE\">pari\u00e9 sur des matches<\/a>\u00a0de leur propre \u00e9quipe, ont rapport\u00e9 les m\u00e9dias turcs.<\/p>\n<p class=\"fig-paragraph\">Parmi les cinq joueurs de premi\u00e8re division inculp\u00e9s figurent Metehan Baltaci, d\u00e9fenseur de Galatasaray, Alassane Ndao, ailier s\u00e9n\u00e9galais de Konyaspor, et Mert Hakan Yandas, milieu de terrain de Fenerbah\u00e7e, accus\u00e9 lui d&rsquo;avoir pari\u00e9 sur des rencontres via une tierce personne.<\/p>\n<p>                                            <a class=\"fig-a11y-skip\" href=\"#fig-a11y-skip-main-inarticle\" data-module=\"a11y-skip\" data-context=\"was @visible\"><br \/>\n    Passer la publicit\u00e9<br \/>\n<\/a>            <\/p>\n<p class=\"fig-paragraph\">Les juges ont ordonn\u00e9 le placement en d\u00e9tention provisoire de neuf autres suspects, dont les pr\u00e9sidents de deux clubs de troisi\u00e8me division accus\u00e9s de s\u2019\u00eatre entendus sur le r\u00e9sultat d\u2019une rencontre lors de la saison 2023-2024. Dix-neuf suspects ont eux \u00e9t\u00e9 remis en libert\u00e9 sous contr\u00f4le judiciaire, parmi lesquels quatre joueurs de S\u00fcper Lig, la premi\u00e8re division turque.<\/p>\n<p>                                            \u00abNettoyage\u00bb du football turc<\/p>\n<p class=\"fig-paragraph\">Une quarantaine de personnes avaient \u00e9t\u00e9 arr\u00eat\u00e9es au total la semaine derni\u00e8re dans le cadre d\u2019une vaste enqu\u00eate du parquet d\u2019Istanbul sur des soup\u00e7ons de paris ill\u00e9gaux et de matches truqu\u00e9s.<\/p>\n<p class=\"fig-paragraph\">Ces investigations, qui secouent le football turc, ont d\u00e9j\u00e0 conduit \u00e0 l\u2019incarc\u00e9ration d\u00e9but novembre de six arbitres turcs et du pr\u00e9sident d\u2019Ey\u00fcspor, un club de premi\u00e8re division.<\/p>\n<p class=\"fig-paragraph\">La F\u00e9d\u00e9ration turque de football (TFF) a \u00e9galement r\u00e9voqu\u00e9 le mois dernier pr\u00e8s de 150 arbitres qu\u2019elle accusait de parier activement sur des rencontres. La TFF, qui dit vouloir \u00abnettoyer\u00bb le football turc, a pour ce m\u00eame motif inflig\u00e9 \u00e0 25 joueurs de premi\u00e8re division et pr\u00e8s de 1000 autres \u00e9voluant en deuxi\u00e8me, troisi\u00e8me et quatri\u00e8me divisions des peines de suspension allant jusqu\u2019\u00e0 douze mois.<\/p>\n","protected":false},"excerpt":{"rendered":"Un tribunal d\u2019Istanbul a ordonn\u00e9 lundi le placement en d\u00e9tention provisoire de 11 footballeurs de premi\u00e8re et deuxi\u00e8me&hellip;\n","protected":false},"author":2,"featured_media":587595,"comment_status":"","ping_status":"","sticky":false,"template":"","format":"standard","meta":{"footnotes":""},"categories":[1888],"tags":[11,1777,674,63,1011,27,12,626,37925,25,3496],"class_list":{"0":"post-587594","1":"post","2":"type-post","3":"status-publish","4":"format-standard","5":"has-post-thumbnail","7":"category-paris","8":"tag-actualites","9":"tag-eu","10":"tag-europe","11":"tag-football","12":"tag-fr","13":"tag-france","14":"tag-news","15":"tag-paris","16":"tag-paris-sportifs","17":"tag-republique-francaise","18":"tag-turquie"},"share_on_mastodon":{"url":"https:\/\/pubeurope.com\/@fr\/115687308999408210","error":""},"_links":{"self":[{"href":"https:\/\/www.europesays.com\/fr\/wp-json\/wp\/v2\/posts\/587594","targetHints":{"allow":["GET"]}}],"collection":[{"href":"https:\/\/www.europesays.com\/fr\/wp-json\/wp\/v2\/posts"}],"about":[{"href":"https:\/\/www.europesays.com\/fr\/wp-json\/wp\/v2\/types\/post"}],"author":[{"embeddable":true,"href":"https:\/\/www.europesays.com\/fr\/wp-json\/wp\/v2\/users\/2"}],"replies":[{"embeddable":true,"href":"https:\/\/www.europesays.com\/fr\/wp-json\/wp\/v2\/comments?post=587594"}],"version-history":[{"count":0,"href":"https:\/\/www.europesays.com\/fr\/wp-json\/wp\/v2\/posts\/587594\/revisions"}],"wp:featuredmedia":[{"embeddable":true,"href":"https:\/\/www.europesays.com\/fr\/wp-json\/wp\/v2\/media\/587595"}],"wp:attachment":[{"href":"https:\/\/www.europesays.com\/fr\/wp-json\/wp\/v2\/media?parent=587594"}],"wp:term":[{"taxonomy":"category","embeddable":true,"href":"https:\/\/www.europesays.com\/fr\/wp-json\/wp\/v2\/categories?post=587594"},{"taxonomy":"post_tag","embeddable":true,"href":"https:\/\/www.europesays.com\/fr\/wp-json\/wp\/v2\/tags?post=587594"}],"curies":[{"name":"wp","href":"https:\/\/api.w.org\/{rel}","templated":true}]}}