{"id":587596,"date":"2025-12-09T02:43:14","date_gmt":"2025-12-09T02:43:14","guid":{"rendered":"https:\/\/www.europesays.com\/fr\/587596\/"},"modified":"2025-12-09T02:43:14","modified_gmt":"2025-12-09T02:43:14","slug":"lambassadeur-de-russie-en-coree-du-nord-meurt-subitement","status":"publish","type":"post","link":"https:\/\/www.europesays.com\/fr\/587596\/","title":{"rendered":"L\u2019ambassadeur de Russie en Cor\u00e9e du Nord meurt \u00ab\u00a0subitement\u00a0\u00bb"},"content":{"rendered":"<p>Il \u00e9tait l\u2019un des artisans du rapprochement de Vladimir Poutine et Kim Jong-un en pleine <a href=\"https:\/\/www.20minutes.fr\/monde\/ukraine\/4190442-20251208-guerre-ukraine-zelensky-refuse-lacher-territoire-russie-trump-agace\" target=\"_blank\" class=\"c-link c-link--is-underlined\" rel=\"noopener\">guerre en Ukraine<\/a>. En poste depuis plus de dix ans, l\u2019ambassadeur de Russie en <a href=\"https:\/\/www.20minutes.fr\/monde\/ukraine\/4189789-20251204-guerre-ukraine-kiev-accuse-russie-envoyer-enfants-ukrainiens-camps-coree-nord\" target=\"_blank\" class=\"c-link c-link--is-underlined\" rel=\"noopener\">Cor\u00e9e du Nord<\/a> est mort \u00ab\u00a0subitement\u00a0\u00bb, a annonc\u00e9 lundi son minist\u00e8re.<\/p>\n<p>Dans un communiqu\u00e9, le minist\u00e8re russe des Affaires \u00e9trang\u00e8res a d\u00e9clar\u00e9 \u00ab\u00a0avec un profond regret\u00a0\u00bb qu\u2019Alexandre Matsegora, \u00e2g\u00e9 de 70 ans, s\u2019\u00e9tait \u00e9teint le 6\u00a0d\u00e9cembre 2025.<\/p>\n<p>Une longue carri\u00e8re li\u00e9e \u00e0 la Cor\u00e9e du Nord<\/p>\n<p>Sans donner de d\u00e9tails sur les causes de sa mort, la diplomatie russe lui rend un hommage appuy\u00e9, soulignant que, d\u00e8s le d\u00e9but de sa carri\u00e8re \u00e0 la fin des ann\u00e9es\u00a01970, ce cor\u00e9anophone avait travaill\u00e9 pour la coop\u00e9ration \u00e9conomique et diplomatique entre la Cor\u00e9e du Nord et l\u2019URSS, puis <a href=\"https:\/\/www.20minutes.fr\/monde\/ukraine\/4189627-20251204-majorite-europeens-juge-desormais-possible-guerre-russie\" target=\"_blank\" class=\"c-link c-link--is-underlined\" rel=\"noopener\">la Russie<\/a>.<\/p>\n<\/p>\n<p>\u00ab\u00a0Sous sa direction avis\u00e9e et sensible, plusieurs g\u00e9n\u00e9rations de diplomates et de sp\u00e9cialistes de la Cor\u00e9e ont vu le jour\u00a0\u00bb, souligne le minist\u00e8re russe. Alexandre Matsegora, ambassadeur \u00e0 Pyongyang depuis\u00a02014, a \u00e9t\u00e9 \u00ab\u00a0une force motrice\u00a0\u00bb du \u00ab\u00a0travail acharn\u00e9 sur de longues ann\u00e9es\u00a0\u00bb ayant abouti au \u00ab\u00a0niveau de relations actuel sans pr\u00e9c\u00e9dent\u00a0\u00bb entre la Russie et la Cor\u00e9e du Nord, selon la diplomatie russe.<\/p>\n<p>Les condol\u00e9ances de Kim Jong-un<\/p>\n<p>Kim Jong-un a adress\u00e9 ses sinc\u00e8res condol\u00e9ances au pr\u00e9sident Poutine suite au \u00ab\u00a0d\u00e9c\u00e8s soudain\u00a0\u00bb du diplomate, a rapport\u00e9 ce mardi matin l\u2019agence de presse officielle nord-cor\u00e9enne KCNA. Selon le dirigeant nord-cor\u00e9en, il s\u2019agit d\u2019un \u00ab\u00a0\u00e9v\u00e9nement d\u00e9chirant et d\u2019une grande perte\u00a0\u00bb, d\u2019autant plus que cela survient alors que les relations bilat\u00e9rales entrent dans une \u00ab\u00a0phase historique cruciale\u00a0\u00bb.<\/p>\n<p><a href=\"https:\/\/www.20minutes.fr\/monde\/coree_du_nord\/\" target=\"_blank\" class=\"c-link c-btn c-btn--primary\" rel=\"noopener\">Notre dossier sur la Cor\u00e9e du Nord<\/a><\/p>\n<p>La Cor\u00e9e du Nord et la Russie proc\u00e8dent actuellement \u00e0 un vif rapprochement diplomatique, militaire et \u00e9conomique. Les deux pays sont unis depuis\u00a02024 par un pacte de d\u00e9fense mutuel, sign\u00e9 apr\u00e8s une visite officielle de Vladimir Poutine \u00e0 Pyongyang. La Cor\u00e9e du Nord a ainsi activement particip\u00e9 \u00e0 l\u2019effort de guerre de la Russie en lui fournissant des milliers de soldats pour repousser, entre fin\u00a02024 et le printemps\u00a02025, les troupes ukrainiennes qui avaient pris pied dans une petite partie de la r\u00e9gion frontali\u00e8re russe de Koursk. Elle lui fournit \u00e9galement armes et munitions, selon la Cor\u00e9e du Sud, qui soup\u00e7onne Moscou de lui transf\u00e9rer en \u00e9change des technologies militaires sensibles.<\/p>\n","protected":false},"excerpt":{"rendered":"Il \u00e9tait l\u2019un des artisans du rapprochement de Vladimir Poutine et Kim Jong-un en pleine guerre en Ukraine.&hellip;\n","protected":false},"author":2,"featured_media":587597,"comment_status":"","ping_status":"","sticky":false,"template":"","format":"standard","meta":{"footnotes":""},"categories":[1591],"tags":[47,11,13987,312,1887,131,15404,74,12,1885,1886,132,133,135],"class_list":{"0":"post-587596","1":"post","2":"type-post","3":"status-publish","4":"format-standard","5":"has-post-thumbnail","7":"category-russie","8":"tag-actualite","9":"tag-actualites","10":"tag-coree-du-nord","11":"tag-diplomatie","12":"tag-federation-de-russie","13":"tag-guerre-en-ukraine","14":"tag-kim-jong-un","15":"tag-monde","16":"tag-news","17":"tag-russia","18":"tag-russian-federation","19":"tag-russie","20":"tag-video","21":"tag-vladimir-poutine"},"share_on_mastodon":{"url":"https:\/\/pubeurope.com\/@fr\/115687312879616392","error":""},"_links":{"self":[{"href":"https:\/\/www.europesays.com\/fr\/wp-json\/wp\/v2\/posts\/587596","targetHints":{"allow":["GET"]}}],"collection":[{"href":"https:\/\/www.europesays.com\/fr\/wp-json\/wp\/v2\/posts"}],"about":[{"href":"https:\/\/www.europesays.com\/fr\/wp-json\/wp\/v2\/types\/post"}],"author":[{"embeddable":true,"href":"https:\/\/www.europesays.com\/fr\/wp-json\/wp\/v2\/users\/2"}],"replies":[{"embeddable":true,"href":"https:\/\/www.europesays.com\/fr\/wp-json\/wp\/v2\/comments?post=587596"}],"version-history":[{"count":0,"href":"https:\/\/www.europesays.com\/fr\/wp-json\/wp\/v2\/posts\/587596\/revisions"}],"wp:featuredmedia":[{"embeddable":true,"href":"https:\/\/www.europesays.com\/fr\/wp-json\/wp\/v2\/media\/587597"}],"wp:attachment":[{"href":"https:\/\/www.europesays.com\/fr\/wp-json\/wp\/v2\/media?parent=587596"}],"wp:term":[{"taxonomy":"category","embeddable":true,"href":"https:\/\/www.europesays.com\/fr\/wp-json\/wp\/v2\/categories?post=587596"},{"taxonomy":"post_tag","embeddable":true,"href":"https:\/\/www.europesays.com\/fr\/wp-json\/wp\/v2\/tags?post=587596"}],"curies":[{"name":"wp","href":"https:\/\/api.w.org\/{rel}","templated":true}]}}