{"id":587603,"date":"2025-12-09T02:47:12","date_gmt":"2025-12-09T02:47:12","guid":{"rendered":"https:\/\/www.europesays.com\/fr\/587603\/"},"modified":"2025-12-09T02:47:12","modified_gmt":"2025-12-09T02:47:12","slug":"le-canada-va-conclure-une-alliance-numerique-avec-lallemagne","status":"publish","type":"post","link":"https:\/\/www.europesays.com\/fr\/587603\/","title":{"rendered":"Le Canada va conclure une \u00aballiance num\u00e9rique\u00bb avec l\u2019Allemagne\u00a0"},"content":{"rendered":"<p>Le ministre de l\u2019intelligence artificielle Evan Solomon et son homologue allemand (source: compte X du ministre f\u00e9d\u00e9ral)<\/p>\n<p>En marge de la r\u00e9union des ministres de l\u2019industrie, du num\u00e9rique et de la technologie des pays du G7, qui se termine aujourd\u2019hui \u00e0 Montr\u00e9al, le gouvernement f\u00e9d\u00e9ral a annonc\u00e9 son intention de former une \u00aballiance num\u00e9rique\u00bb avec l\u2019Allemagne.\u00a0<\/p>\n<p>Cette alliance viserait \u00e0 acc\u00e9l\u00e9rer la collaboration des deux pays notamment en:\u00a0<\/p>\n<ul>\n<li>intelligence artificielle<\/li>\n<li>souverainet\u00e9 num\u00e9rique<\/li>\n<li>informatique quantique<\/li>\n<\/ul>\n<p>Ottawa a par ailleurs sign\u00e9 deux protocoles d\u2019entente avec l\u2019Union europ\u00e9enne.\u00a0<\/p>\n<p>Ils r\u00e9affirment l\u2019engagement du Canada et des pays europ\u00e9ens \u00e0 collaborer pour acc\u00e9l\u00e9rer l\u2019adoption de l\u2019IA.\u00a0<\/p>\n","protected":false},"excerpt":{"rendered":"Le ministre de l\u2019intelligence artificielle Evan Solomon et son homologue allemand (source: compte X du ministre f\u00e9d\u00e9ral) En&hellip;\n","protected":false},"author":2,"featured_media":587604,"comment_status":"","ping_status":"","sticky":false,"template":"","format":"standard","meta":{"footnotes":""},"categories":[1587],"tags":[11,672,1804,574,1805,1803,1777,674,1801,311,223,12,1802],"class_list":{"0":"post-587603","1":"post","2":"type-post","3":"status-publish","4":"format-standard","5":"has-post-thumbnail","7":"category-allemagne","8":"tag-actualites","9":"tag-allemagne","10":"tag-bundesrepublik-deutschland","11":"tag-canada","12":"tag-de","13":"tag-deutschland","14":"tag-eu","15":"tag-europe","16":"tag-germany","17":"tag-informatique","18":"tag-intelligence-artificielle","19":"tag-news","20":"tag-republique-federale-dallemagne"},"share_on_mastodon":{"url":"https:\/\/pubeurope.com\/@fr\/115687328878373027","error":""},"_links":{"self":[{"href":"https:\/\/www.europesays.com\/fr\/wp-json\/wp\/v2\/posts\/587603","targetHints":{"allow":["GET"]}}],"collection":[{"href":"https:\/\/www.europesays.com\/fr\/wp-json\/wp\/v2\/posts"}],"about":[{"href":"https:\/\/www.europesays.com\/fr\/wp-json\/wp\/v2\/types\/post"}],"author":[{"embeddable":true,"href":"https:\/\/www.europesays.com\/fr\/wp-json\/wp\/v2\/users\/2"}],"replies":[{"embeddable":true,"href":"https:\/\/www.europesays.com\/fr\/wp-json\/wp\/v2\/comments?post=587603"}],"version-history":[{"count":0,"href":"https:\/\/www.europesays.com\/fr\/wp-json\/wp\/v2\/posts\/587603\/revisions"}],"wp:featuredmedia":[{"embeddable":true,"href":"https:\/\/www.europesays.com\/fr\/wp-json\/wp\/v2\/media\/587604"}],"wp:attachment":[{"href":"https:\/\/www.europesays.com\/fr\/wp-json\/wp\/v2\/media?parent=587603"}],"wp:term":[{"taxonomy":"category","embeddable":true,"href":"https:\/\/www.europesays.com\/fr\/wp-json\/wp\/v2\/categories?post=587603"},{"taxonomy":"post_tag","embeddable":true,"href":"https:\/\/www.europesays.com\/fr\/wp-json\/wp\/v2\/tags?post=587603"}],"curies":[{"name":"wp","href":"https:\/\/api.w.org\/{rel}","templated":true}]}}