{"id":587605,"date":"2025-12-09T02:48:21","date_gmt":"2025-12-09T02:48:21","guid":{"rendered":"https:\/\/www.europesays.com\/fr\/587605\/"},"modified":"2025-12-09T02:48:21","modified_gmt":"2025-12-09T02:48:21","slug":"leurope-prend-certaines-mauvaises-directions-previent-trump","status":"publish","type":"post","link":"https:\/\/www.europesays.com\/fr\/587605\/","title":{"rendered":"L\u2019Europe \u00ab\u00a0prend certaines mauvaises directions\u00a0\u00bb, pr\u00e9vient Trump"},"content":{"rendered":"<p>A Washington, <a href=\"https:\/\/www.20minutes.fr\/dossier\/donald_trump\" target=\"_blank\" class=\"c-link c-link--is-underlined\" rel=\"noopener\">Donald Trump<\/a> a raviv\u00e9 lundi les tensions transatlantiques en estimant que l\u2019Europe s\u2019\u00e9cartait dangereusement de sa trajectoire. Le pr\u00e9sident am\u00e9ricain a assur\u00e9 que \u00ab\u00a0l\u2019<a href=\"https:\/\/www.20minutes.fr\/dossier\/europe\" target=\"_blank\" class=\"c-link c-link--is-underlined\" rel=\"noopener\">Europe<\/a> doit faire tr\u00e8s attention\u00a0\u00bb, affirmant que le continent \u00ab\u00a0prend certaines mauvaises directions\u00a0\u00bb. Selon lui, ces \u00e9volutions seraient \u00ab\u00a0tr\u00e8s mauvaises pour les gens\u00a0\u00bb, au point qu\u2019il d\u00e9clare ne pas vouloir \u00ab\u00a0que l\u2019Europe change autant\u00a0\u00bb.<\/p>\n<p>Cette sortie intervient quelques jours apr\u00e8s la publication par son administration d\u2019une <a href=\"https:\/\/www.20minutes.fr\/monde\/etats-unis\/4190318-20251208-strategie-securite-nationale-etats-unis-document-tance-europeens-vraiment-determinant\" target=\"_blank\" class=\"c-link c-link--is-underlined\" rel=\"noopener\">nouvelle Strat\u00e9gie de s\u00e9curit\u00e9 nationale<\/a>, un document \u00e0 la tonalit\u00e9 r\u00e9solument nationaliste qui concentre une partie de ses critiques sur les choix europ\u00e9ens en mati\u00e8re de migration et de souverainet\u00e9. Ce texte \u00e9voque notamment l\u2019\u00ab\u00a0effacement civilisationnel\u00a0\u00bb du Vieux Continent et alerte\u00a0: \u00ab\u00a0Si les tendances actuelles se poursuivent, le continent sera m\u00e9connaissable dans 20 ans ou moins.\u00a0\u00bb<\/p>\n<\/p>\n<p>Une fracture politique entre les Etats-Unis et l\u2019Europe<\/p>\n<p>La strat\u00e9gie accuse les dirigeants europ\u00e9ens de favoriser des politiques migratoires \u00ab\u00a0qui transforment le continent et cr\u00e9ent des tensions\u00a0\u00bb, tout en d\u00e9non\u00e7ant ce que Washington qualifie de \u00ab\u00a0censure de la <a href=\"https:\/\/www.20minutes.fr\/arts-stars\/web\/liberte-expression\/\" target=\"_blank\" class=\"c-link c-link--is-underlined\" rel=\"noopener\">libert\u00e9 d\u2019expression<\/a>\u00a0\u00bb, de \u00ab\u00a0r\u00e9pression de l\u2019<a href=\"https:\/\/www.20minutes.fr\/monde\/opposition\/\" target=\"_blank\" class=\"c-link c-link--is-underlined\" rel=\"noopener\">opposition<\/a> politique\u00a0\u00bb ou encore de \u00ab\u00a0chute des <a href=\"https:\/\/www.20minutes.fr\/dossier\/taux_natalite\" target=\"_blank\" class=\"c-link c-link--is-underlined\" rel=\"noopener\">taux de natalit\u00e9<\/a>\u00a0\u00bb et de \u00ab\u00a0perte des <a href=\"https:\/\/www.20minutes.fr\/dossier\/identite_nationale\" target=\"_blank\" class=\"c-link c-link--is-underlined\" rel=\"noopener\">identit\u00e9s nationales<\/a>\u00a0\u00bb. Autant d\u2019arguments qui t\u00e9moignent d\u2019une ligne id\u00e9ologique assum\u00e9e, ax\u00e9e sur la d\u00e9fense des fronti\u00e8res et de la souverainet\u00e9 nationale.<\/p>\n<p><a href=\"https:\/\/www.20minutes.fr\/monde\/etats-unis\/\" target=\"_blank\" class=\"c-link c-btn c-btn--primary\" rel=\"noopener\">Notre dossier sur les Etats-Unis<\/a><\/p>\n<p>Ces prises de position s\u2019inscrivent dans un climat diplomatique d\u00e9j\u00e0 d\u00e9t\u00e9rior\u00e9 depuis le retour de Donald Trump \u00e0 la Maison-Blanche en janvier. Le rapprochement des Etats-Unis avec la <a href=\"https:\/\/www.20minutes.fr\/monde\/russie\/\" target=\"_blank\" class=\"c-link c-link--is-underlined\" rel=\"noopener\">Russie<\/a>, mais aussi le soutien affich\u00e9 de Washington \u00e0 plusieurs partis conservateurs ou d\u2019extr\u00eame droite en Europe, ont d\u00e9j\u00e0 contribu\u00e9 \u00e0 tendre un peu plus les relations entre les deux rives de l\u2019Atlantique. Avec cette nouvelle offensive verbale, la fracture politique semble d\u00e9sormais s\u2019ancrer dans la doctrine de s\u00e9curit\u00e9 am\u00e9ricaine.<\/p>\n","protected":false},"excerpt":{"rendered":"A Washington, Donald Trump a raviv\u00e9 lundi les tensions transatlantiques en estimant que l\u2019Europe s\u2019\u00e9cartait dangereusement de sa&hellip;\n","protected":false},"author":2,"featured_media":587606,"comment_status":"","ping_status":"","sticky":false,"template":"","format":"standard","meta":{"footnotes":""},"categories":[1586],"tags":[47,11,75,73,1777,674,1011,27,43384,1061,474,74,12,25,11287],"class_list":{"0":"post-587605","1":"post","2":"type-post","3":"status-publish","4":"format-standard","5":"has-post-thumbnail","7":"category-europe","8":"tag-actualite","9":"tag-actualites","10":"tag-donald-trump","11":"tag-etats-unis","12":"tag-eu","13":"tag-europe","14":"tag-fr","15":"tag-france","16":"tag-identite-nationale","17":"tag-immigration","18":"tag-liberte-dexpression","19":"tag-monde","20":"tag-news","21":"tag-republique-francaise","22":"tag-taux-de-natalite"},"share_on_mastodon":{"url":"https:\/\/pubeurope.com\/@fr\/115687332503801259","error":""},"_links":{"self":[{"href":"https:\/\/www.europesays.com\/fr\/wp-json\/wp\/v2\/posts\/587605","targetHints":{"allow":["GET"]}}],"collection":[{"href":"https:\/\/www.europesays.com\/fr\/wp-json\/wp\/v2\/posts"}],"about":[{"href":"https:\/\/www.europesays.com\/fr\/wp-json\/wp\/v2\/types\/post"}],"author":[{"embeddable":true,"href":"https:\/\/www.europesays.com\/fr\/wp-json\/wp\/v2\/users\/2"}],"replies":[{"embeddable":true,"href":"https:\/\/www.europesays.com\/fr\/wp-json\/wp\/v2\/comments?post=587605"}],"version-history":[{"count":0,"href":"https:\/\/www.europesays.com\/fr\/wp-json\/wp\/v2\/posts\/587605\/revisions"}],"wp:featuredmedia":[{"embeddable":true,"href":"https:\/\/www.europesays.com\/fr\/wp-json\/wp\/v2\/media\/587606"}],"wp:attachment":[{"href":"https:\/\/www.europesays.com\/fr\/wp-json\/wp\/v2\/media?parent=587605"}],"wp:term":[{"taxonomy":"category","embeddable":true,"href":"https:\/\/www.europesays.com\/fr\/wp-json\/wp\/v2\/categories?post=587605"},{"taxonomy":"post_tag","embeddable":true,"href":"https:\/\/www.europesays.com\/fr\/wp-json\/wp\/v2\/tags?post=587605"}],"curies":[{"name":"wp","href":"https:\/\/api.w.org\/{rel}","templated":true}]}}