{"id":587613,"date":"2025-12-09T02:52:13","date_gmt":"2025-12-09T02:52:13","guid":{"rendered":"https:\/\/www.europesays.com\/fr\/587613\/"},"modified":"2025-12-09T02:52:13","modified_gmt":"2025-12-09T02:52:13","slug":"france-les-salles-de-shoot-sont-menacees-de-fermeture-reportage-france","status":"publish","type":"post","link":"https:\/\/www.europesays.com\/fr\/587613\/","title":{"rendered":"France: les salles de shoot sont menac\u00e9es de fermeture &#8211; Reportage France"},"content":{"rendered":"<p>\n                                                C&rsquo;est l&rsquo;une des possibles cons\u00e9quences des discussions sur le budget de la S\u00e9curit\u00e9 sociale \u00e0 l&rsquo;Assembl\u00e9e nationale, ce 6 d\u00e9cembre 2025\u00a0: les haltes soins addictions (HSA), aussi appel\u00e9es salles de shoot, pourraient dispara\u00eetre. Elles permettent aux toxicomanes en errance dans la rue une consommation encadr\u00e9e par des soignants et des travailleurs sociaux. Ces HSA ont prouv\u00e9 leur efficacit\u00e9, mais leur avenir tient \u00e0 un amendement du gouvernement, qui pr\u00e9voit un sursis de l\u2019exp\u00e9rimentation jusqu&rsquo;au 31 d\u00e9cembre 2027. Reportage \u00e0 la halte soins addiction de Paris.                    <\/p>\n<p>La salle de consommation parisienne situ\u00e9e pr\u00e8s de l&rsquo;h\u00f4pital Lariboisi\u00e8re, dans le nord de <strong><a href=\"https:\/\/www.rfi.fr\/fr\/tag\/paris\/\" target=\"_self\" rel=\"noopener\">Paris<\/a><\/strong>, a ses d\u00e9fenseurs. Beaucoup louent l&rsquo;int\u00e9r\u00eat public de cette structure. La HSA de la capitale a permis de faire reconna\u00eetre la r\u00e9duction des risques comme une politique de sant\u00e9 publique \u00e0 part enti\u00e8re\u00a0: moins d&rsquo;overdoses, moins de transmissions du VIH\u2026 Ainsi, la menace de fermeture choque ici.<\/p>\n<p>La halte soins addictions n&rsquo;est pas signal\u00e9e par un panneau, mais le va-et-vient d&rsquo;usagers de drogue \u00e0 la silhouette fatigu\u00e9e est un indice bien visible. Jamel Lazic, chef de service, nous re\u00e7oit dans son bureau. La salle de consommation \u00e0 moindre risque a dix ans d\u00e9j\u00e0, mais il tient \u00e0 rappeler qu&rsquo;elle est destin\u00e9e aux toxicomanes les plus pr\u00e9caires : \u00ab\u00a0Il y a souvent des questions de sant\u00e9 mentale. Ce sont des personnes qui ont des longs parcours d&rsquo;errance dans la rue. Et donc, en ouvrant les portes de cet endroit, l&rsquo;id\u00e9e, c&rsquo;est de donner la possibilit\u00e9 \u00e0 ces personnes d&rsquo;\u00eatre en s\u00e9curit\u00e9 et, si elles le souhaitent, d&rsquo;entrer dans un parcours de soins. Mais de \u00a0\u00bbsoins\u00a0\u00bb au sens large.\u00a0\u00bb<\/p>\n<p> La salle de shoot, plus qu&rsquo;une seringue <\/p>\n<p>Car le soin, c&rsquo;est aussi l&rsquo;accompagnement social, et en dix ans, les prestations ont \u00e9volu\u00e9. \u00ab\u00a0Au fur et \u00e0 mesure des ann\u00e9es, on a de plus en plus d\u00e9velopp\u00e9 des services \u00e0 l&rsquo;int\u00e9rieur de la salle de consommation. On a 70 places d&rsquo;h\u00e9bergement h\u00f4telier qui sont principalement destin\u00e9es \u00e0 des personnes qui fr\u00e9quentent la salle\u00a0\u00bb, poursuit Jamel Lazic.<\/p>\n<p>Nous n&rsquo;aurons pas acc\u00e8s \u00e0 l&rsquo;endroit o\u00f9 les toxicomanes s&rsquo;injectent dans de bonnes conditions d&rsquo;hygi\u00e8ne et sous la supervision d&rsquo;un soignant. En revanche, l&rsquo;espace commun nous est ouvert. Anissa se repose sur une chaise. Christophe est endormi sur le canap\u00e9, les genoux repli\u00e9s.\u00a0\u00c0 c\u00f4t\u00e9 d&rsquo;eux, d&rsquo;autres toxicomanes d\u00e9fendent avec force la halte soins addictions. \u00ab\u00a0La \u00a0\u00bbsalle de shoot\u00a0\u00bb, c&rsquo;est un grand mot. C&rsquo;est garder sa dignit\u00e9 et faire \u00e7a proprement\u00a0\u00bb, l\u00e2che un toxicomane pr\u00e9sent. \u00ab\u00a0Pour qu&rsquo;on ne tra\u00eene pas dehors, qu&rsquo;on ne soit pas dans des halls ou dans des parkings et en s\u00e9curit\u00e9 pour nous et pour que les gens ne le voient pas, le voisinage et tout\u00a0\u00bb, surench\u00e9rit un autre.<\/p>\n<p>Djibril a \u00ab\u00a0inaugur\u00e9 la salle\u00a0\u00bb, comme il dit\u00a0: \u00ab\u00a0Bien entendu qu&rsquo;il y a beaucoup de choses pour moi qui ont avanc\u00e9. Je ne dors plus dehors, j&rsquo;ai un logement. J&rsquo;ai r\u00e9ussi \u00e0 refaire mes droits sociaux, mes droits m\u00e9dicaux, l&rsquo;aide aussi. Ce n&rsquo;est pas que donner une seringue. Il y a ce c\u00f4t\u00e9 humain aussi qui nous autorise \u00e0 croire \u00e0 nouveau que nous sommes humains.\u00a0\u00bb<\/p>\n<p class=\"a-read-more\">\u00c0 lire aussi<a href=\"https:\/\/www.rfi.fr\/fr\/emission\/20171025-ouverture-salle-shoot-paris-an-apres-temoignages\" target=\"_self\" class=\"a-read-more__link\" rel=\"noopener\">Ouverture de la salle de shoot \u00e0 Paris: un an apr\u00e8s<\/a><\/p>\n<p> \u00ab\u00a0Cette incompr\u00e9hension, elle suscite de l&rsquo;inqui\u00e9tude\u00a0\u00bb <\/p>\n<p>Plusieurs rapports des services de l&rsquo;\u00c9tat ont largement d\u00e9montr\u00e9 les effets positifs de la halte soins addictions de <strong><a href=\"https:\/\/www.rfi.fr\/fr\/tag\/paris\/\" target=\"_self\" class=\"gtm-add-suggested-tag\" rel=\"noopener\">Paris<\/a><\/strong>. Pourtant, celle-ci n&rsquo;est pas p\u00e9renne.\u00a0\u00ab\u00a0Pour autant, aujourd&rsquo;hui, on en est encore \u00e0 parler de prolongation. Donc cette incompr\u00e9hension, elle suscite de l&rsquo;inqui\u00e9tude d&rsquo;abord chez les personnes qui utilisent notre service. Vous imaginez que pour les 200 ou 300 personnes qui viennent nous voir quotidiennement, on est souvent leur seul point d&rsquo;ancrage. Et ce qu&rsquo;elles nous disent, c&rsquo;est\u00a0: \u00ab\u00a0o\u00f9 est-ce que je vais aller\u00a0?\u00a0\u00bb. \u00c7a cr\u00e9e de l&rsquo;inqui\u00e9tude aussi chez les habitants qui nous disent\u00a0: \u00ab\u00a0non mais attendez, nous, on n&rsquo;a pas envie de revenir \u00e0 la situation d&rsquo;avant, il faut que vous puissiez continuer apr\u00e8s le 31\u00a0d\u00e9cembre\u00a0\u00bb. Ce qui fait qu&rsquo;on a besoin d&rsquo;avoir de la perspective pour travailler correctement pour ces personnes\u00a0\u00bb, d\u00e9veloppe Jamel Lazic.<\/p>\n<p>Le responsable explique qu&rsquo;hormis quelques contestataires, il y a beaucoup de b\u00e9n\u00e9voles dans le quartier qui participent \u00e0 la vie de l&rsquo;association. Pour preuve, une soir\u00e9e cr\u00eapes entre riverains et usagers est pr\u00e9vue jeudi 11 d\u00e9cembre.<\/p>\n<p class=\"a-read-more\">\u00c0 lire aussi<a href=\"https:\/\/www.rfi.fr\/fr\/france\/20250413-france-l-ong-m\u00e9decins-du-monde-attaque-l-\u00e9tat-en-justice-pour-son-obstruction-aux-salles-de-shoot\" target=\"_self\" class=\"a-read-more__link\" rel=\"noopener\">France: l&rsquo;ONG M\u00e9decins du monde attaque l&rsquo;\u00c9tat en justice pour son obstruction aux \u00absalles de consommation\u00bb<\/a><\/p>\n","protected":false},"excerpt":{"rendered":"C&rsquo;est l&rsquo;une des possibles cons\u00e9quences des discussions sur le budget de la S\u00e9curit\u00e9 sociale \u00e0 l&rsquo;Assembl\u00e9e nationale, ce&hellip;\n","protected":false},"author":2,"featured_media":587614,"comment_status":"","ping_status":"","sticky":false,"template":"","format":"standard","meta":{"footnotes":""},"categories":[4],"tags":[11,1052,1011,27,12,626,5920,25,8878,2362],"class_list":{"0":"post-587613","1":"post","2":"type-post","3":"status-publish","4":"format-standard","5":"has-post-thumbnail","7":"category-france","8":"tag-actualites","9":"tag-drogue","10":"tag-fr","11":"tag-france","12":"tag-news","13":"tag-paris","14":"tag-reportage-france","15":"tag-republique-francaise","16":"tag-salle","17":"tag-sante-et-medecine"},"share_on_mastodon":{"url":"https:\/\/pubeurope.com\/@fr\/115687348200433833","error":""},"_links":{"self":[{"href":"https:\/\/www.europesays.com\/fr\/wp-json\/wp\/v2\/posts\/587613","targetHints":{"allow":["GET"]}}],"collection":[{"href":"https:\/\/www.europesays.com\/fr\/wp-json\/wp\/v2\/posts"}],"about":[{"href":"https:\/\/www.europesays.com\/fr\/wp-json\/wp\/v2\/types\/post"}],"author":[{"embeddable":true,"href":"https:\/\/www.europesays.com\/fr\/wp-json\/wp\/v2\/users\/2"}],"replies":[{"embeddable":true,"href":"https:\/\/www.europesays.com\/fr\/wp-json\/wp\/v2\/comments?post=587613"}],"version-history":[{"count":0,"href":"https:\/\/www.europesays.com\/fr\/wp-json\/wp\/v2\/posts\/587613\/revisions"}],"wp:featuredmedia":[{"embeddable":true,"href":"https:\/\/www.europesays.com\/fr\/wp-json\/wp\/v2\/media\/587614"}],"wp:attachment":[{"href":"https:\/\/www.europesays.com\/fr\/wp-json\/wp\/v2\/media?parent=587613"}],"wp:term":[{"taxonomy":"category","embeddable":true,"href":"https:\/\/www.europesays.com\/fr\/wp-json\/wp\/v2\/categories?post=587613"},{"taxonomy":"post_tag","embeddable":true,"href":"https:\/\/www.europesays.com\/fr\/wp-json\/wp\/v2\/tags?post=587613"}],"curies":[{"name":"wp","href":"https:\/\/api.w.org\/{rel}","templated":true}]}}