{"id":587615,"date":"2025-12-09T02:55:23","date_gmt":"2025-12-09T02:55:23","guid":{"rendered":"https:\/\/www.europesays.com\/fr\/587615\/"},"modified":"2025-12-09T02:55:23","modified_gmt":"2025-12-09T02:55:23","slug":"super-xiii-yacine-ben-abdeslem-de-retour-en-super-xiii-rugby-a-xiii","status":"publish","type":"post","link":"https:\/\/www.europesays.com\/fr\/587615\/","title":{"rendered":"Super XIII &#8211; Yacine Ben Abdeslem de retour en Super XIII &#8211; Rugby \u00e0 XIII"},"content":{"rendered":"<p style=\"text-align: justify;\"><strong>Yacine Ben Abdeslem a fait son retour en Super XIII sous le maillot pianenc lors de la 9\u00e8me journ\u00e9e sur le terrain d\u2019Avignon.<\/strong><\/p>\n<p style=\"text-align: justify;\">Un visage bien connu a refoul\u00e9 un terrain de Super XIII \u00e0 Avignon lors de cette 9\u00e8me journ\u00e9e. Les Baroudeurs de Pia ont r\u00e9serv\u00e9 une nouvelle surprise lors des compositions. Alors qu\u2019on attendait \u00c9loi Pelissier et Alexandre Huescar en talonneurs pour la rencontre, le premier cit\u00e9 a \u00e9t\u00e9 titularis\u00e9 en troisi\u00e8me ligne et Yacine Ben Abdeslem \u00e9tait sur le banc des rempla\u00e7ants ! Un retour gagnant pour le talonneur qui voit sa nouvelle \u00e9quipe s\u2019imposer avec brio sur le terrain d\u2019Avignon d\u2019un petit point <a href=\"https:\/\/treizemondial.fr\/un-hakim-miloudi-des-grands-jours-permet-a-pia-de-simposer-a-avignon\/\" target=\"_blank\" rel=\"noopener\">sur le score de 18-19<\/a>.<\/p>\n<p>Une pige en Queensland Cup<\/p>\n<p style=\"text-align: justify;\">Yacine Ben Abdeslem a rejoint l\u2019Australie et les Western Clydesdales en Queensland Cup apr\u00e8s avoir termin\u00e9 la saison de Super XIII 2024-2025 lors de la d\u00e9faite en playoffs face \u00e0 Villeneuve (12-34). Il a tout de m\u00eame remport\u00e9 <a href=\"https:\/\/treizemondial.fr\/saint-esteve-xiii-catalan-fait-plier-albi-et-remporte-la-coupe-de-france\/\" target=\"_blank\" rel=\"noopener\">la Coupe de France face \u00e0 Albi<\/a> (26-18). \u00c0 peine deux semaines apr\u00e8s son arriv\u00e9e en Australie, il effectue d\u00e9j\u00e0 ses d\u00e9buts face aux Sunshine Coast Falcons avec une d\u00e9faite 16-48. Il a \u00e9galement affront\u00e9 les PNG Hunters \u00e0 Port Moresby en ao\u00fbt dernier (d\u00e9faite 12-48). Apr\u00e8s 3 mois pass\u00e9s au pays des kangourous et 6 matchs jou\u00e9s dans l\u2019antichambre de la NRL, il d\u00e9cide donc de revenir en France et \u00e0 Pia dans un championnat qu\u2019il conna\u00eet tr\u00e8s bien avec 42 matchs \u00e0 son compteur.<\/p>\n<p style=\"text-align: justify;\">Il s\u2019est exprim\u00e9 pour nous, lors de sa signature :<\/p>\n<blockquote>\n<p style=\"text-align: justify;\">J\u2019ai d\u00e9cid\u00e9 de rentrer en France et d\u2019y rester pour le moment puisque je suis aujourd\u2019hui avec Pia, un club avec beaucoup d\u2019ambition depuis ces derni\u00e8res ann\u00e9es.<br \/>Je prends beaucoup de plaisir avec une belle bande de potes qui travaillent dur pour ramener un titre au club.<\/p>\n<\/blockquote>\n<p style=\"text-align: justify;\">Une bonne affaire pour les Pianencs qui obtiennent un troisi\u00e8me talonneur de qualit\u00e9 pour le reste de la saison. Objectif : une qualification en demi-finale de Super XIII. Pia se donne les moyens et tous les feux sont au vert pour y arriver. Yacine Ben Abdeslem et les Baroudeurs retrouveront Saint-Est\u00e8ve XIII Catalan lors de la 10\u00e8me journ\u00e9e de Super XIII <a href=\"https:\/\/treizemondial.fr\/le-derby-catalan-de-retour-a-gilbert-brutus-en-decembre\/\" target=\"_blank\" rel=\"noopener\">au stade Gilbert-Brutus<\/a> pour un derby qui s\u2019annonce bouillant !<\/p>\n<p>Neuf Yacine Ben Abdeslem pour le prix d\u2019un<\/p>\n<blockquote class=\"instagram-media\" data-instgrm-captioned=\"\" data-instgrm-permalink=\"https:\/\/www.instagram.com\/p\/DR-MQ4-jL6W\/?utm_source=ig_embed&amp;utm_campaign=loading\" data-instgrm-version=\"14\" style=\" background:#FFF; border:0; border-radius:3px; box-shadow:0 0 1px 0 rgba(0,0,0,0.5),0 1px 10px 0 rgba(0,0,0,0.15); margin: 1px; max-width:500px; min-width:326px; padding:0; width:99.375%; width:-webkit-calc(100% - 2px); width:calc(100% - 2px);\">\n<\/blockquote>\n<p>        <script async src=\"\/\/www.instagram.com\/embed.js\"><\/script><\/p>\n","protected":false},"excerpt":{"rendered":"Yacine Ben Abdeslem a fait son retour en Super XIII sous le maillot pianenc lors de la 9\u00e8me&hellip;\n","protected":false},"author":2,"featured_media":587616,"comment_status":"","ping_status":"","sticky":false,"template":"","format":"standard","meta":{"footnotes":""},"categories":[1416],"tags":[1011,27,16661,479,2228,1468,2229,60,2231,70075],"class_list":{"0":"post-587615","1":"post","2":"type-post","3":"status-publish","4":"format-standard","5":"has-post-thumbnail","7":"category-rugby","8":"tag-fr","9":"tag-france","10":"tag-pia","11":"tag-rugby","12":"tag-rugby-a-xiii","13":"tag-rugby-football","14":"tag-rugby-league","15":"tag-sports","16":"tag-super-xiii","17":"tag-yacine-ben-abdeslem"},"share_on_mastodon":{"url":"https:\/\/pubeurope.com\/@fr\/115687360143401128","error":""},"_links":{"self":[{"href":"https:\/\/www.europesays.com\/fr\/wp-json\/wp\/v2\/posts\/587615","targetHints":{"allow":["GET"]}}],"collection":[{"href":"https:\/\/www.europesays.com\/fr\/wp-json\/wp\/v2\/posts"}],"about":[{"href":"https:\/\/www.europesays.com\/fr\/wp-json\/wp\/v2\/types\/post"}],"author":[{"embeddable":true,"href":"https:\/\/www.europesays.com\/fr\/wp-json\/wp\/v2\/users\/2"}],"replies":[{"embeddable":true,"href":"https:\/\/www.europesays.com\/fr\/wp-json\/wp\/v2\/comments?post=587615"}],"version-history":[{"count":0,"href":"https:\/\/www.europesays.com\/fr\/wp-json\/wp\/v2\/posts\/587615\/revisions"}],"wp:featuredmedia":[{"embeddable":true,"href":"https:\/\/www.europesays.com\/fr\/wp-json\/wp\/v2\/media\/587616"}],"wp:attachment":[{"href":"https:\/\/www.europesays.com\/fr\/wp-json\/wp\/v2\/media?parent=587615"}],"wp:term":[{"taxonomy":"category","embeddable":true,"href":"https:\/\/www.europesays.com\/fr\/wp-json\/wp\/v2\/categories?post=587615"},{"taxonomy":"post_tag","embeddable":true,"href":"https:\/\/www.europesays.com\/fr\/wp-json\/wp\/v2\/tags?post=587615"}],"curies":[{"name":"wp","href":"https:\/\/api.w.org\/{rel}","templated":true}]}}