{"id":587618,"date":"2025-12-09T03:00:25","date_gmt":"2025-12-09T03:00:25","guid":{"rendered":"https:\/\/www.europesays.com\/fr\/587618\/"},"modified":"2025-12-09T03:00:25","modified_gmt":"2025-12-09T03:00:25","slug":"le-paracycliste-alexandre-leaute-decroche-encore-le-graal","status":"publish","type":"post","link":"https:\/\/www.europesays.com\/fr\/587618\/","title":{"rendered":"le paracycliste Alexandre L\u00e9aut\u00e9 d\u00e9croche encore le graal\u00a0!"},"content":{"rendered":"<p>                    Par<br \/>\n        <strong><br \/>\n            <a href=\"https:\/\/actu.fr\/auteur\/journaliste-lecourrierindependant\" title=\"Consulter tous les articles de R\u00e9daction Loud\u00e9ac\" target=\"_blank\" rel=\"noopener\">R\u00e9daction Loud\u00e9ac<\/a><br \/>\n                    <\/strong><\/p>\n<p>        Publi\u00e9 le<\/p>\n<p>            8 d\u00e9c. 2025 \u00e0 16h44        <\/p>\n<p>Organis\u00e9e par\u00a0le Groupe L\u2019\u00c9quipe, la c\u00e9r\u00e9monie de la\u00a0<a href=\"https:\/\/www.lequipe.fr\/Cyclisme-sur-route\/Actualites\/Pogacar-ferrand-prevot-leaute-le-palmares-complet-du-velo-d-or-2025\/1614843\" target=\"_blank\" rel=\"noopener\">34e \u00e9dition du V\u00e9lo d\u2019Or<\/a> s\u2019est tenue <b>vendredi 5\u00a0d\u00e9cembre 2025.<\/b><\/p>\n<p class=\" wall-content\"><b>Alexandre L\u00e9aut\u00e9<\/b>, multiple champion de <b>paracyclisme<\/b> sur piste et route, a de nouveau \u00e9t\u00e9 sacr\u00e9<b> Meilleur paracycliste fran\u00e7ais<\/b>.<\/p>\n<p class=\" wall-content\">\u00c9lu par un jury compos\u00e9 de <b>33 journalistes fran\u00e7ais.<\/b><\/p>\n<p>25 titres mondiaux pour le paracycliste<\/p>\n<p class=\" wall-content\">Le licenci\u00e9 au VC Pays de Loud\u00e9ac, <a href=\"https:\/\/actu.fr\/bretagne\/saint-caradec_22279\/video-paris-2024-un-tres-tres-beau-cadeau-pour-le-champion-breton-alexandre-leaute_61622710.html\" target=\"_blank\" rel=\"noopener\">originaire de Saint-Caradec (C\u00f4tes-d\u2019Armor)<\/a>, avait d\u00e9j\u00e0 re\u00e7u<b> ce troph\u00e9e <\/b>en<b> 2024<\/b>.<\/p>\n<p class=\" wall-content\">Lors de la soir\u00e9e, diffus\u00e9e par L\u2019\u00c9quipe TV, il a confi\u00e9\u2009: \u00ab\u2009C\u2019est tr\u00e8s difficile d\u2019arriver au sommet et c\u2019est tr\u00e8s dur d\u2019y rester\u2009\u00bb.<\/p>\n<p class=\" wall-content\">\n<p class=\" wall-content\">Face \u00e0 l\u2019affichage de son palmar\u00e8s \u2013 trois titres paralympiques, 25 titres mondiaux \u2013 il commente\u2009:<\/p>\n<p>Vid\u00e9os : en ce moment sur Actu<\/p>\n<blockquote class=\"ac-article-quote wall-content\">\n<p>On en veut toujours plus, on va continuer. Mais arrive un moment o\u00f9 \u00e7a s\u2019arr\u00eatera, je vais tout faire pour que ce soit le plus tard possible.<\/p>\n<p>Alexandre L\u00e9aut\u00e9, multiple champion de paracylisme<\/p><\/blockquote>\n<p class=\" wall-content\">.<\/p>\n<p class=\" wall-content\">Personnalisez votre actualit\u00e9 en ajoutant vos villes et m\u00e9dias en favori avec <a href=\"https:\/\/moncompte.actu.fr\" title=\"D\u00e9couvez Mon Actu\" rel=\"nofollow noopener\" data-trk=\"{&quot;cta&quot;:{&quot;action&quot;:&quot;https:\\\/\\\/moncompte.actu.fr&quot;,&quot;category&quot;:&quot;mon compte&quot;,&quot;from&quot;:&quot;article footer&quot;,&quot;name&quot;:&quot;Mon actu&quot;,&quot;type&quot;:&quot;cta&quot;}}\" target=\"_blank\">Mon Actu<\/a>.<\/p>\n","protected":false},"excerpt":{"rendered":"Par R\u00e9daction Loud\u00e9ac Publi\u00e9 le 8 d\u00e9c. 2025 \u00e0 16h44 Organis\u00e9e par\u00a0le Groupe L\u2019\u00c9quipe, la c\u00e9r\u00e9monie de la\u00a034e&hellip;\n","protected":false},"author":2,"featured_media":587619,"comment_status":"","ping_status":"","sticky":false,"template":"","format":"standard","meta":{"footnotes":""},"categories":[1411],"tags":[10721,1154,207,1011,27,40265,60,208],"class_list":{"0":"post-587618","1":"post","2":"type-post","3":"status-publish","4":"format-standard","5":"has-post-thumbnail","7":"category-cyclisme","8":"tag-centre-bretagne","9":"tag-cycling","10":"tag-cyclisme","11":"tag-fr","12":"tag-france","13":"tag-jeux-paralympiques-paris-2024","14":"tag-sports","15":"tag-velo"},"share_on_mastodon":{"url":"https:\/\/pubeurope.com\/@fr\/115687379625478040","error":""},"_links":{"self":[{"href":"https:\/\/www.europesays.com\/fr\/wp-json\/wp\/v2\/posts\/587618","targetHints":{"allow":["GET"]}}],"collection":[{"href":"https:\/\/www.europesays.com\/fr\/wp-json\/wp\/v2\/posts"}],"about":[{"href":"https:\/\/www.europesays.com\/fr\/wp-json\/wp\/v2\/types\/post"}],"author":[{"embeddable":true,"href":"https:\/\/www.europesays.com\/fr\/wp-json\/wp\/v2\/users\/2"}],"replies":[{"embeddable":true,"href":"https:\/\/www.europesays.com\/fr\/wp-json\/wp\/v2\/comments?post=587618"}],"version-history":[{"count":0,"href":"https:\/\/www.europesays.com\/fr\/wp-json\/wp\/v2\/posts\/587618\/revisions"}],"wp:featuredmedia":[{"embeddable":true,"href":"https:\/\/www.europesays.com\/fr\/wp-json\/wp\/v2\/media\/587619"}],"wp:attachment":[{"href":"https:\/\/www.europesays.com\/fr\/wp-json\/wp\/v2\/media?parent=587618"}],"wp:term":[{"taxonomy":"category","embeddable":true,"href":"https:\/\/www.europesays.com\/fr\/wp-json\/wp\/v2\/categories?post=587618"},{"taxonomy":"post_tag","embeddable":true,"href":"https:\/\/www.europesays.com\/fr\/wp-json\/wp\/v2\/tags?post=587618"}],"curies":[{"name":"wp","href":"https:\/\/api.w.org\/{rel}","templated":true}]}}