{"id":587620,"date":"2025-12-09T03:02:14","date_gmt":"2025-12-09T03:02:14","guid":{"rendered":"https:\/\/www.europesays.com\/fr\/587620\/"},"modified":"2025-12-09T03:02:14","modified_gmt":"2025-12-09T03:02:14","slug":"meprise-pour-sa-taille-joao-neves-raconte-son-ascension-jusquau-psg","status":"publish","type":"post","link":"https:\/\/www.europesays.com\/fr\/587620\/","title":{"rendered":"\u00ab\u00a0M\u00e9pris\u00e9\u00a0\u00bb pour sa taille, Jo\u00e3o Neves raconte son ascension jusqu\u2019au PSG"},"content":{"rendered":"<p><strong>\u00c0 21 ans, Jo\u00e3o Neves, milieu du Paris Saint-Germain, est revenu pour le site du club, sur son enfance, marqu\u00e9e par les doutes li\u00e9s \u00e0 sa petite taille et \u00e0 un physique jug\u00e9 insuffisant. Il d\u00e9voile comment il a compens\u00e9 par l\u2019intelligence, l\u2019intuition. Une maturit\u00e9 rare, qui l\u2019a conduit \u00e0 devenir une pi\u00e8ce centrale du PSG champion d\u2019Europe.<\/strong><\/p>\n<p>Neves \u00ab\u00a0Ils me m\u00e9prisent \u00e0 cause de ma taille\u00a0\u00bb<\/p>\n<p><strong>Neves enfant (retro)<\/strong><\/p>\n<p>Ils me m\u00e9prisent \u00e0 cause de ma taille et parce que ma force physique n\u2019est pas tr\u00e8s grande. Mais, l\u2019intelligence compte aussi. Quand on n\u2019a pas le corps qu\u2019il faut, il faut avoir de l\u2019intelligence. Cela ne s\u2019explique pas. Moi, je fais, je ne pense pas. Tout le monde me dit : \u00ab Non, ce n\u2019est pas une question de physique. C\u2019est dans ta t\u00eate. \u00bb<\/p>\n<p>Neves \u00ab\u00a0\u00c7a devient de l\u2019intuition\u00a0\u00bb<\/p>\n<p><strong>Neves r\u00e9agit \u00e0 la vid\u00e9o.<\/strong><\/p>\n<p>J\u2019avais 14 ou 15 ans, je ne me souviens plus tr\u00e8s bien. C\u2019est \u00e0 ce moment-l\u00e0 que j\u2019ai \u00e9t\u00e9 appel\u00e9 pour la premi\u00e8re fois dans l\u2019\u00e9quipe portugaise des moins de 15 ans. Ils ont choisi quatre ou cinq joueurs, et j\u2019\u00e9tais l\u2019un d\u2019entre eux, mais quand je dis dans cette vid\u00e9o qu\u2019il me m\u00e9prisait \u00e0 cause de ma force et de ma taille, je voulais dire que, dans un match avec moi, dans un duel, il n\u2019y avait pas si fort, parce qu\u2019ils pensaient qu\u2019ils allaient gagner. Ils \u00e9taient \u00e0 leur surpris par ma fa\u00e7on de jouer, parce que je ne manquais jamais de me donner \u00e0 100 % dans n\u2019importe quel duel ou n\u2019importe quelle action de mon jeu. C\u2019est pour \u00e7a que je disais qu\u2019il me m\u00e9prisait, y compris dans leurs chants.<\/p>\n<p>Il fallait marquer un joueur pour \u00e9viter une t\u00eate, ils marquaient toujours les plus grands et finissaient par me laisser seul. Donc ma maturit\u00e9, ma fa\u00e7on de voir les choses devaient toujours \u00eatre un peu plus avanc\u00e9es que celle des autres. Je devais savoir comment me positionner, quand sauter et conna\u00eetre les timing. Et c\u2019est la r\u00e9p\u00e9tition tes actions. Plus on a d\u2019action \u00e0 l\u2019entra\u00eenement et en match, plus en perfectionne ses actions et plus on arrive \u00e0 un point o\u00f9 on agit sans r\u00e9fl\u00e9chir. \u00c7a devient de l\u2019intuition.<\/p>\n<p>Neves \u00ab\u00a0Je pense que j\u2019ai toujours eu cette vision de voir le football\u00a0\u00bb<\/p>\n<p>De nos jours, le football est de plus en plus tactique. Je pense que l\u2019intelligence qui consiste \u00e0 savoir comment se positionner, quand faire une touche ou bien deux, quand faire avancer le ballon, quand arr\u00eater le jeu, quand acc\u00e9l\u00e9rer, c\u2019est probablement le facteur le plus important dans le football d\u2019aujourd\u2019hui. Il est \u00e9vident que plus on est endurant, plus on est fort, plus on est rapide, plus on joue bien. Mais je ne pense pas que ce soit le plus important. Je pense que j\u2019ai toujours eu cette vision de voir le football, il faut \u00eatre plus intelligent, pour anticiper les mouvements, pour anticiper les actions.<\/p>\n<p>Neves \u00ab\u00a0Le milieu de terrain a toujours \u00e9t\u00e9 le meilleur choix pour moi\u00a0\u00bb<\/p>\n<p>Je ne me voyais donc pas comme un attaquant ou un d\u00e9fenseur. Le milieu de terrain a toujours \u00e9t\u00e9 le meilleur choix pour moi. Parce que je veux \u00eatre un joueur complet, je veux pouvoir faire un peu tout. Et je pense que le football est tr\u00e8s li\u00e9 au milieu de terrain, \u00e0 la d\u00e9fense, \u00e0 l\u2019attaque, aux pas et \u00e0 la r\u00e9cup\u00e9ration. Je pense donc avoir trouv\u00e9 la position qui me convient le mieux sur le terrain. En ce qui concerne les buts de cette saison, notre jeu, comme tout le monde le sait, n\u2019est pas un jeu o\u00f9 l\u2019on utilise le num\u00e9ro 9, l\u2019avant centre.<\/p>\n<p>En tant que num\u00e9ro 9, nous utilisons davantage un faux neuf. Les milieux de terrain entrent de plus en plus dans la zone, et nos lat\u00e9raux sont de plus en plus nombreux \u00e0 le faire. Il s\u2019agit donc d\u2019entrer dans la zone, de saisir l\u2019occasion de tirer, de ne pas avoir peur de prendre des risques. Et je crois que je m\u2019am\u00e9liore sur ce plan l\u00e0. J\u2019ai toujours dit que c\u2019\u00e9tait l\u2019une des choses que je devais am\u00e9liorer dans mon football : marquer des buts est entr\u00e9 dans la surface. Mais je n\u2019\u00e9tais pas press\u00e9. Heureusement, c\u2019est maintenant en train de s\u2019acc\u00e9l\u00e9rer. et nous devons continuer \u00e0 avancer, car j\u2019ai toujours suivi les mots de mon p\u00e8re : \u00ab\u00a0le plus difficile n\u2019est pas d\u2019y arriver, c\u2019est d\u2019y rester\u00a0\u00bb. Le plus difficile est donc de maintenir ce niveau, ce rythme. Mais, comme je dis toujours, pour moi, les buts ne sont pas aussi importants que la victoire de l\u2019\u00e9quipe.<\/p>\n<p>Neves \u00ab\u00a0Nous avons une grande responsabilit\u00e9 cette ann\u00e9e\u00a0\u00bb<\/p>\n<p>Une stimulation de l\u2019individu. Mais comme tout le monde le sait, et c\u2019est normal, nous avons une grande responsabilit\u00e9 cette ann\u00e9e. Nous sommes les vainqueurs en titre de la Ligue des Champions, mais pour le reste, c\u2019est match apr\u00e8s match. Nous savons que nous nous qualifierons tr\u00e8s certainement pour la prochaine phase parmi les 24. Mais notre objectif est d\u2019\u00eatre dans les 8 premiers et c\u2019est ce que nous devons faire match apr\u00e8s match, comme nous l\u2019avons fait l\u2019ann\u00e9e derni\u00e8re. L\u2019ann\u00e9e derni\u00e8re a \u00e9t\u00e9 une saison horrible pour le PSG en termes de Ligue des Champions et elle s\u2019est termin\u00e9e de la sorte. Mais nous avons pris des choses les unes apr\u00e8s les autres. Nous n\u2019avions rien \u00e0 perdre et je pense que c\u2019est la m\u00eame chose cette ann\u00e9e. Nous savons que nous avons une responsabilit\u00e9, nous sommes les d\u00e9tenteurs actuels de la Ligue des Champions, mais nous savons que nous avons les qualit\u00e9s et la bonne \u00e9quipe pour la gagner \u00e0 nouveau.<\/p>\n<p>\t\t\t\t\t\t\t\t\t\t\t\t\t\t\t\t\t\t\t\t\t\t\t<img decoding=\"async\" src=\"https:\/\/www.europesays.com\/fr\/wp-content\/uploads\/2025\/04\/ParisFans_Logo.png\"\/><\/p>\n","protected":false},"excerpt":{"rendered":"\u00c0 21 ans, Jo\u00e3o Neves, milieu du Paris Saint-Germain, est revenu pour le site du club, sur son&hellip;\n","protected":false},"author":2,"featured_media":587621,"comment_status":"","ping_status":"","sticky":false,"template":"","format":"standard","meta":{"footnotes":""},"categories":[1410],"tags":[17667,63,1011,27,7424,87,447,11088,60,4337,96],"class_list":{"0":"post-587620","1":"post","2":"type-post","3":"status-publish","4":"format-standard","5":"has-post-thumbnail","7":"category-football","8":"tag-ambition","9":"tag-football","10":"tag-fr","11":"tag-france","12":"tag-intelligence","13":"tag-joao-neves","14":"tag-ligue-des-champions","15":"tag-physique","16":"tag-sports","17":"tag-taille","18":"tag-une"},"share_on_mastodon":{"url":"https:\/\/pubeurope.com\/@fr\/115687388515703014","error":""},"_links":{"self":[{"href":"https:\/\/www.europesays.com\/fr\/wp-json\/wp\/v2\/posts\/587620","targetHints":{"allow":["GET"]}}],"collection":[{"href":"https:\/\/www.europesays.com\/fr\/wp-json\/wp\/v2\/posts"}],"about":[{"href":"https:\/\/www.europesays.com\/fr\/wp-json\/wp\/v2\/types\/post"}],"author":[{"embeddable":true,"href":"https:\/\/www.europesays.com\/fr\/wp-json\/wp\/v2\/users\/2"}],"replies":[{"embeddable":true,"href":"https:\/\/www.europesays.com\/fr\/wp-json\/wp\/v2\/comments?post=587620"}],"version-history":[{"count":0,"href":"https:\/\/www.europesays.com\/fr\/wp-json\/wp\/v2\/posts\/587620\/revisions"}],"wp:featuredmedia":[{"embeddable":true,"href":"https:\/\/www.europesays.com\/fr\/wp-json\/wp\/v2\/media\/587621"}],"wp:attachment":[{"href":"https:\/\/www.europesays.com\/fr\/wp-json\/wp\/v2\/media?parent=587620"}],"wp:term":[{"taxonomy":"category","embeddable":true,"href":"https:\/\/www.europesays.com\/fr\/wp-json\/wp\/v2\/categories?post=587620"},{"taxonomy":"post_tag","embeddable":true,"href":"https:\/\/www.europesays.com\/fr\/wp-json\/wp\/v2\/tags?post=587620"}],"curies":[{"name":"wp","href":"https:\/\/api.w.org\/{rel}","templated":true}]}}