{"id":587626,"date":"2025-12-09T03:06:12","date_gmt":"2025-12-09T03:06:12","guid":{"rendered":"https:\/\/www.europesays.com\/fr\/587626\/"},"modified":"2025-12-09T03:06:12","modified_gmt":"2025-12-09T03:06:12","slug":"malgre-la-vive-polemique-jimmy-kimmel-parvient-a-prolonger-son-emission-sur-abc","status":"publish","type":"post","link":"https:\/\/www.europesays.com\/fr\/587626\/","title":{"rendered":"Malgr\u00e9 la vive pol\u00e9mique, Jimmy Kimmel parvient \u00e0 prolonger son \u00e9mission sur ABC"},"content":{"rendered":"<p>                             Par Le Figaro avec AFP<\/p>\n<p>                Le 9 d\u00e9cembre 2025 \u00e0 02h59<\/p>\n<p>    Jimmy Kimmel arrive au gala annuel \u00abWomen in entertainment\u00bb du Hollywood Reporter \u00e0 l\u2019h\u00f4tel Beverly Hills, le 3 d\u00e9cembre 2025.<br \/>\n                Allison Dinner \/ REUTERS<\/p>\n<p>\n    Grande star des \u00ablate night shows\u00bb, l\u2019humoriste avait provoqu\u00e9 l\u2019ire de la droite am\u00e9ricaine en l\u2019accusant d\u2019exploiter politiquement l\u2019assassinat de l\u2019influenceur pro-Trump Charlie Kirk.<\/p>\n<p class=\"fig-paragraph\">L&rsquo;humoriste am\u00e9ricain\u00a0<a href=\"https:\/\/www.lefigaro.fr\/tag\/jimmy-kimmel\" target=\"_blank\" rel=\"sponsored noopener\" data-gtm-custom-categorie=\"navigation\" data-gtm-custom-action=\"crossclick\" data-gtm-custom-label=\"Contextuel\" data-gtm-event=\"customEventSPE\">Jimmy Kimmel<\/a>\u00a0a prolong\u00e9 d&rsquo;un an son contrat avec la cha\u00eene ABC, a fait savoir lundi \u00e0 l&rsquo;AFP une source proche du dossier, pr\u00e8s de trois mois apr\u00e8s une\u00a0<a href=\"https:\/\/video.lefigaro.fr\/figaro\/lanimateur-star-jimmy-kimmel-suspendu-apres-des-propos-polemiques-sur-lassassin-de-charlie-kirk-20250918\" target=\"_blank\" data-fig-type=\"Video\" rel=\"sponsored noopener\" data-gtm-custom-categorie=\"navigation\" data-gtm-custom-action=\"crossclick\" data-gtm-custom-label=\"Contextuel\" data-gtm-event=\"customEventSPE\" data-fig-domain=\"LEFIGARO\">suspension \u00e9ph\u00e9m\u00e8re<\/a>\u00a0mais pol\u00e9mique de son \u00e9mission satirique critique de Donald Trump.<\/p>\n<p class=\"fig-paragraph\">Grande star des \u00e9missions de nuit, les fameux \u00ablate night shows\u00bb, Jimmy Kimmel avait provoqu\u00e9 l&rsquo;ire de la droite am\u00e9ricaine en l&rsquo;accusant d&rsquo;exploiter politiquement l&rsquo;assassinat de l&rsquo;influenceur pro-Trump Charlie Kirk. Propri\u00e9t\u00e9 de Disney, ABC avait alors suspendu d&rsquo;antenne l&rsquo;animateur le 18 septembre. Face au toll\u00e9 et aux accusations de censure, la cha\u00eene avait fait revenir l&rsquo;humoriste une semaine apr\u00e8s son \u00e9viction.<\/p>\n<p>                                                                <a class=\"fig-a11y-skip\" href=\"#fig-a11y-skip-main-inarticle\" data-module=\"a11y-skip\" data-context=\"was @visible\"><br \/>\n    Passer la publicit\u00e9<br \/>\n<\/a>            <\/p>\n<p class=\"fig-paragraph\">Le pr\u00e9sentateur restera \u00e0 l&rsquo;antenne avec son \u00e9mission \u00abJimmy Kimmel Live!\u00bb jusqu&rsquo;au milieu de l&rsquo;ann\u00e9e 2027, a assur\u00e9 \u00e0 l&rsquo;AFP une source proche du dossier, qui a requis l&rsquo;anonymat. Son contrat devait expirer en mai 2026.<\/p>\n<p>                                                                \u00abHorrible\u00bb selon Trump<\/p>\n<p class=\"fig-paragraph\">Apr\u00e8s sa courte mise \u00e0 l&rsquo;\u00e9cart, Jimmy Kimmel a imm\u00e9diatement repris sa verve satirique contre Donald Trump, se moquant de lui lorsqu&rsquo;il somnole durant des r\u00e9unions et qu&rsquo;il prononce mal les noms de dirigeants \u00e9trangers.<\/p>\n<p class=\"fig-paragraph\">Le pr\u00e9sident am\u00e9ricain ne m\u00e2che pas non plus ses mots \u00e0 son encontre. Ce week-end, il a encore qualifi\u00e9 l&rsquo;humoriste d&rsquo;\u00abhorrible\u00bb. Pas rancunier, Jimmy Kimmel avait de son c\u00f4t\u00e9 affirm\u00e9 en octobre qu&rsquo;il adorerait \u00abavoir Trump comme invit\u00e9\u00bb dans l&rsquo;avenir.<\/p>\n","protected":false},"excerpt":{"rendered":"Par Le Figaro avec AFP Le 9 d\u00e9cembre 2025 \u00e0 02h59 Jimmy Kimmel arrive au gala annuel \u00abWomen&hellip;\n","protected":false},"author":2,"featured_media":587627,"comment_status":"","ping_status":"","sticky":false,"template":"","format":"standard","meta":{"footnotes":""},"categories":[1356],"tags":[5586,58,59,73,1011,27,2701,252,1364],"class_list":{"0":"post-587626","1":"post","2":"type-post","3":"status-publish","4":"format-standard","5":"has-post-thumbnail","7":"category-television","8":"tag-animateur-de-television","9":"tag-divertissement","10":"tag-entertainment","11":"tag-etats-unis","12":"tag-fr","13":"tag-france","14":"tag-humoriste","15":"tag-television","16":"tag-tv"},"share_on_mastodon":{"url":"https:\/\/pubeurope.com\/@fr\/115687403399258693","error":""},"_links":{"self":[{"href":"https:\/\/www.europesays.com\/fr\/wp-json\/wp\/v2\/posts\/587626","targetHints":{"allow":["GET"]}}],"collection":[{"href":"https:\/\/www.europesays.com\/fr\/wp-json\/wp\/v2\/posts"}],"about":[{"href":"https:\/\/www.europesays.com\/fr\/wp-json\/wp\/v2\/types\/post"}],"author":[{"embeddable":true,"href":"https:\/\/www.europesays.com\/fr\/wp-json\/wp\/v2\/users\/2"}],"replies":[{"embeddable":true,"href":"https:\/\/www.europesays.com\/fr\/wp-json\/wp\/v2\/comments?post=587626"}],"version-history":[{"count":0,"href":"https:\/\/www.europesays.com\/fr\/wp-json\/wp\/v2\/posts\/587626\/revisions"}],"wp:featuredmedia":[{"embeddable":true,"href":"https:\/\/www.europesays.com\/fr\/wp-json\/wp\/v2\/media\/587627"}],"wp:attachment":[{"href":"https:\/\/www.europesays.com\/fr\/wp-json\/wp\/v2\/media?parent=587626"}],"wp:term":[{"taxonomy":"category","embeddable":true,"href":"https:\/\/www.europesays.com\/fr\/wp-json\/wp\/v2\/categories?post=587626"},{"taxonomy":"post_tag","embeddable":true,"href":"https:\/\/www.europesays.com\/fr\/wp-json\/wp\/v2\/tags?post=587626"}],"curies":[{"name":"wp","href":"https:\/\/api.w.org\/{rel}","templated":true}]}}