{"id":587667,"date":"2025-12-09T03:34:28","date_gmt":"2025-12-09T03:34:28","guid":{"rendered":"https:\/\/www.europesays.com\/fr\/587667\/"},"modified":"2025-12-09T03:34:28","modified_gmt":"2025-12-09T03:34:28","slug":"lartisan-daniel-stoffel-sinstalle-dans-le-centre-ville","status":"publish","type":"post","link":"https:\/\/www.europesays.com\/fr\/587667\/","title":{"rendered":"l\u2019artisan Daniel Stoffel s\u2019installe dans le centre-ville"},"content":{"rendered":"<p>Saint-Nicolas en chocolat, bretzels enrob\u00e9s, ballotins, tablettes, calendrier de l\u2019avent, p\u00e2tes \u00e0 tartiner\u2026 Entre les effluves de chocolat et les centaines de produits propos\u00e9s dans la nouvelle boutique du chocolatier Daniel Stoffel, install\u00e9 au 13, rue de la M\u00e9sange, on ne sait plus o\u00f9 donner de la t\u00eate. Ouvert d\u00e9but novembre \u00e0 deux pas de la place Broglie, ce nouveau magasin s\u2019\u00e9tend sur deux \u00e9tages, soit 170 m\u00b2\u00a0d\u00e9di\u00e9s \u00e0 la vente avec des \u00e9tag\u00e8res remplies par 500 r\u00e9f\u00e9rences diff\u00e9rentes.<\/p>\n<p>\u00ab\u00a0On retrouve&#8230;<\/p>\n","protected":false},"excerpt":{"rendered":"Saint-Nicolas en chocolat, bretzels enrob\u00e9s, ballotins, tablettes, calendrier de l\u2019avent, p\u00e2tes \u00e0 tartiner\u2026 Entre les effluves de chocolat&hellip;\n","protected":false},"author":2,"featured_media":587668,"comment_status":"","ping_status":"","sticky":false,"template":"","format":"standard","meta":{"footnotes":""},"categories":[2820],"tags":[1111,11,4406,33,2880,1777,674,107,1011,27,775,6016,12,25,4604,640,2879],"class_list":{"0":"post-587667","1":"post","2":"type-post","3":"status-publish","4":"format-standard","5":"has-post-thumbnail","7":"category-strasbourg","8":"tag-actu","9":"tag-actualites","10":"tag-commerce-et-services","11":"tag-economie","12":"tag-edition-strasbourg","13":"tag-eu","14":"tag-europe","15":"tag-fil-info","16":"tag-fr","17":"tag-france","18":"tag-grand-est","19":"tag-magazine-cuisine-et-vins","20":"tag-news","21":"tag-republique-francaise","22":"tag-selection-abonne","23":"tag-strasbourg","24":"tag-strasbourg-ville"},"share_on_mastodon":{"url":"https:\/\/pubeurope.com\/@fr\/115687513431570262","error":""},"_links":{"self":[{"href":"https:\/\/www.europesays.com\/fr\/wp-json\/wp\/v2\/posts\/587667","targetHints":{"allow":["GET"]}}],"collection":[{"href":"https:\/\/www.europesays.com\/fr\/wp-json\/wp\/v2\/posts"}],"about":[{"href":"https:\/\/www.europesays.com\/fr\/wp-json\/wp\/v2\/types\/post"}],"author":[{"embeddable":true,"href":"https:\/\/www.europesays.com\/fr\/wp-json\/wp\/v2\/users\/2"}],"replies":[{"embeddable":true,"href":"https:\/\/www.europesays.com\/fr\/wp-json\/wp\/v2\/comments?post=587667"}],"version-history":[{"count":0,"href":"https:\/\/www.europesays.com\/fr\/wp-json\/wp\/v2\/posts\/587667\/revisions"}],"wp:featuredmedia":[{"embeddable":true,"href":"https:\/\/www.europesays.com\/fr\/wp-json\/wp\/v2\/media\/587668"}],"wp:attachment":[{"href":"https:\/\/www.europesays.com\/fr\/wp-json\/wp\/v2\/media?parent=587667"}],"wp:term":[{"taxonomy":"category","embeddable":true,"href":"https:\/\/www.europesays.com\/fr\/wp-json\/wp\/v2\/categories?post=587667"},{"taxonomy":"post_tag","embeddable":true,"href":"https:\/\/www.europesays.com\/fr\/wp-json\/wp\/v2\/tags?post=587667"}],"curies":[{"name":"wp","href":"https:\/\/api.w.org\/{rel}","templated":true}]}}