{"id":587673,"date":"2025-12-09T03:37:18","date_gmt":"2025-12-09T03:37:18","guid":{"rendered":"https:\/\/www.europesays.com\/fr\/587673\/"},"modified":"2025-12-09T03:37:18","modified_gmt":"2025-12-09T03:37:18","slug":"les-itt-de-moffi-et-boga-prolongees-france-ogc-nice","status":"publish","type":"post","link":"https:\/\/www.europesays.com\/fr\/587673\/","title":{"rendered":"Les ITT de Moffi et Boga prolong\u00e9es &#8211; France &#8211; OGC Nice"},"content":{"rendered":"<p>Ce n\u2019est toujours pas le moment de revenir.<\/p>\n<p>Plus d\u2019une semaine apr\u00e8s la soir\u00e9e br\u00fblante au centre de formation ni\u00e7ois durant laquelle <a target=\"_blank\" href=\"https:\/\/www.sofoot.com\/articles\/crise-sportive-et-violence-des-supporters-une-descente-aux-enfers-de-logc-nice\" rel=\"noopener\">Terem Moffi et J\u00e9r\u00e9mie Boga auraient \u00e9t\u00e9 pris \u00e0 partie par des supporters<\/a>, les deux joueurs ont vu <strong>leurs arr\u00eats de travail prolong\u00e9s de plusieurs jours<\/strong>, d\u2019apr\u00e8s les informations de <a target=\"_blank\" href=\"https:\/\/rmcsport.bfmtv.com\/football\/clubs\/ogc-nice\/crise-a-nice-les-arrets-de-travail-de-moffi-et-boga-ont-ete-prolonges-apres-les-incidents-avec-les-supporters_AV-202512080735.html\" rel=\"noopener\">RMC Sport<\/a>.<\/p>\n<p>Ils ne comptent plus rejouer \u00e0 Nice<\/p>\n<p>Le Nig\u00e9rian et l\u2019Ivoirien seront <strong>absents face \u00e0 Braga en Ligue Europa, jeudi, et lors du d\u00e9placement \u00e0 Lens<\/strong>, dimanche, en championnat. Ils ont d\u00e9j\u00e0 rat\u00e9 le match de ce week-end contre Angers, avec <a target=\"_blank\" href=\"https:\/\/www.sofoot.com\/breves\/ligue-1-angers-bat-nice-sur-la-plus-courte-des-marges-et-enfonce-encore-davantage-les-aiglons-dans-la-crise\" rel=\"noopener\">une nouvelle d\u00e9faite \u00e0 la cl\u00e9<\/a>, mais un joli clin d\u2019\u0153il de leurs partenaires, <a target=\"_blank\" href=\"https:\/\/www.degaine.so\/le-flocage-de-logc-nice-en-soutien-a-terem-moffi-et-jeremie-boga\/\" rel=\"noopener\">tous v\u00eatus d\u2019un maillot en leur honneur<\/a>.<\/p>\n<p>Il faudra toutefois plus qu\u2019un flocage pour leur redonner envie de jouer au foot, et surtout de repr\u00e9senter le Gym. Selon RMC, <strong>ils \u00ab\u00a0ne souhaitent plus \u00e9voluer\u00a0\u00bb avec le club azur\u00e9en<\/strong> apr\u00e8s leur agression \u2013 pour laquelle ils accusent des supporters de leur avoir ass\u00e9n\u00e9 des coups de poing et de pied et d\u2019avoir prof\u00e9r\u00e9 des insultes parfois racistes. Ils sont pourtant sous contrat jusqu\u2019en 2027.<\/p>\n<p>Le temps sera long d\u2019ici l\u00e0.<\/p>\n<p>\t\t\t\t\t\t\t\t\t\t<a class=\"lien-connexe\" href=\"https:\/\/www.sofoot.com\/breves\/ligue-1-le-cri-de-guerre-trop-mignon-du-sco-apres-la-victoire-a-nice\" target=\"_blank\" rel=\"noopener\">Le cri de guerre trop mignon du SCO<\/a>\t\t\t\t\t<\/p>\n","protected":false},"excerpt":{"rendered":"Ce n\u2019est toujours pas le moment de revenir. Plus d\u2019une semaine apr\u00e8s la soir\u00e9e br\u00fblante au centre de&hellip;\n","protected":false},"author":2,"featured_media":587674,"comment_status":"","ping_status":"","sticky":false,"template":"","format":"standard","meta":{"footnotes":""},"categories":[2819],"tags":[1111,47,11,61,69,65,64,1777,674,63,1011,27,68,66,12,62,2401,70,882,25,67],"class_list":{"0":"post-587673","1":"post","2":"type-post","3":"status-publish","4":"format-standard","5":"has-post-thumbnail","7":"category-nice","8":"tag-actu","9":"tag-actualite","10":"tag-actualites","11":"tag-actus-football","12":"tag-bundesliga","13":"tag-championnats-europeens","14":"tag-equipe-de-france","15":"tag-eu","16":"tag-europe","17":"tag-football","18":"tag-fr","19":"tag-france","20":"tag-ligua","21":"tag-ligue-1","22":"tag-news","23":"tag-news-foot","24":"tag-nice","25":"tag-premier-league","26":"tag-provence-alpes-cote-dazur","27":"tag-republique-francaise","28":"tag-serie-a"},"share_on_mastodon":{"url":"https:\/\/pubeurope.com\/@fr\/115687525204509212","error":""},"_links":{"self":[{"href":"https:\/\/www.europesays.com\/fr\/wp-json\/wp\/v2\/posts\/587673","targetHints":{"allow":["GET"]}}],"collection":[{"href":"https:\/\/www.europesays.com\/fr\/wp-json\/wp\/v2\/posts"}],"about":[{"href":"https:\/\/www.europesays.com\/fr\/wp-json\/wp\/v2\/types\/post"}],"author":[{"embeddable":true,"href":"https:\/\/www.europesays.com\/fr\/wp-json\/wp\/v2\/users\/2"}],"replies":[{"embeddable":true,"href":"https:\/\/www.europesays.com\/fr\/wp-json\/wp\/v2\/comments?post=587673"}],"version-history":[{"count":0,"href":"https:\/\/www.europesays.com\/fr\/wp-json\/wp\/v2\/posts\/587673\/revisions"}],"wp:featuredmedia":[{"embeddable":true,"href":"https:\/\/www.europesays.com\/fr\/wp-json\/wp\/v2\/media\/587674"}],"wp:attachment":[{"href":"https:\/\/www.europesays.com\/fr\/wp-json\/wp\/v2\/media?parent=587673"}],"wp:term":[{"taxonomy":"category","embeddable":true,"href":"https:\/\/www.europesays.com\/fr\/wp-json\/wp\/v2\/categories?post=587673"},{"taxonomy":"post_tag","embeddable":true,"href":"https:\/\/www.europesays.com\/fr\/wp-json\/wp\/v2\/tags?post=587673"}],"curies":[{"name":"wp","href":"https:\/\/api.w.org\/{rel}","templated":true}]}}