{"id":587675,"date":"2025-12-09T03:38:11","date_gmt":"2025-12-09T03:38:11","guid":{"rendered":"https:\/\/www.europesays.com\/fr\/587675\/"},"modified":"2025-12-09T03:38:11","modified_gmt":"2025-12-09T03:38:11","slug":"des-centaines-de-catholiques-celebrent-limmaculee-conception-a-nantes","status":"publish","type":"post","link":"https:\/\/www.europesays.com\/fr\/587675\/","title":{"rendered":"Des centaines de catholiques c\u00e9l\u00e8brent l\u2019Immacul\u00e9e conception \u00e0 Nantes"},"content":{"rendered":"<p>Rassembl\u00e9s devant l\u2019\u00e9glise Sainte-Croix, les fid\u00e8les reprennent en ch\u0153ur le refrain de la chanson h\u00e9bra\u00efque \u00ab\u00a0Evenou shalom alerhem\u00a0\u00bb pendant que la procession de l\u2019Immacul\u00e9e Conception, c\u00e9l\u00e9br\u00e9e par les catholiques le 8\u00a0d\u00e9cembre, se met en place. \u00a0J\u2019\u00e9tais venue l\u2019ann\u00e9e derni\u00e8re, j\u2019avais trouv\u00e9 \u00e7a magnifique, raconte Marguerite Guibouin, dans la foule.Je ne m\u2019attendais pas \u00e0 ce qu\u2019il y ait autant de monde. Le dimanche, on voit les gens de notre paroisse, mais on ne voit pas les autres \u00e9glises.\u00a0<\/p>\n<p>Comme elles, ils \u00e9taient des centaines, ce lundi 8\u00a0d\u00e9cembre, flambeaux \u00e0 la main, \u00e0 converger vers la basilique Saint-Nicolas depuis les \u00e9glises Sainte-Croix, Saint-Cl\u00e9ment et Saint-Similien, pour ensuite rejoindre Notre-Dame de Bon-Port. Relanc\u00e9e il y a trois ans, cette procession \u00e9tait pour la premi\u00e8re fois pr\u00e9sid\u00e9e par l\u2019\u00e9v\u00eaque de Nantes, Mgr\u00a0Percerou. \u00a0C\u2019est un mini-p\u00e8lerinage, r\u00e9sume Catherine Bunot, une autre fid\u00e8le. On chante, on prie. On se r\u00e9approprie les f\u00eates religieuses.\u00a0<\/p>\n<p>\u00a0<\/p>\n","protected":false},"excerpt":{"rendered":"Rassembl\u00e9s devant l\u2019\u00e9glise Sainte-Croix, les fid\u00e8les reprennent en ch\u0153ur le refrain de la chanson h\u00e9bra\u00efque \u00ab\u00a0Evenou shalom alerhem\u00a0\u00bb&hellip;\n","protected":false},"author":2,"featured_media":587676,"comment_status":"","ping_status":"","sticky":false,"template":"","format":"standard","meta":{"footnotes":""},"categories":[2818],"tags":[1111,11,45851,30821,15326,39416,1777,674,1011,27,70078,766,12,2636,25],"class_list":{"0":"post-587675","1":"post","2":"type-post","3":"status-publish","4":"format-standard","5":"has-post-thumbnail","7":"category-nantes","8":"tag-actu","9":"tag-actualites","10":"tag-catholiques","11":"tag-celebrent","12":"tag-centaines","13":"tag-conception","14":"tag-eu","15":"tag-europe","16":"tag-fr","17":"tag-france","18":"tag-immaculee","19":"tag-nantes","20":"tag-news","21":"tag-pays-de-la-loire","22":"tag-republique-francaise"},"share_on_mastodon":{"url":"https:\/\/pubeurope.com\/@fr\/115687529124176894","error":""},"_links":{"self":[{"href":"https:\/\/www.europesays.com\/fr\/wp-json\/wp\/v2\/posts\/587675","targetHints":{"allow":["GET"]}}],"collection":[{"href":"https:\/\/www.europesays.com\/fr\/wp-json\/wp\/v2\/posts"}],"about":[{"href":"https:\/\/www.europesays.com\/fr\/wp-json\/wp\/v2\/types\/post"}],"author":[{"embeddable":true,"href":"https:\/\/www.europesays.com\/fr\/wp-json\/wp\/v2\/users\/2"}],"replies":[{"embeddable":true,"href":"https:\/\/www.europesays.com\/fr\/wp-json\/wp\/v2\/comments?post=587675"}],"version-history":[{"count":0,"href":"https:\/\/www.europesays.com\/fr\/wp-json\/wp\/v2\/posts\/587675\/revisions"}],"wp:featuredmedia":[{"embeddable":true,"href":"https:\/\/www.europesays.com\/fr\/wp-json\/wp\/v2\/media\/587676"}],"wp:attachment":[{"href":"https:\/\/www.europesays.com\/fr\/wp-json\/wp\/v2\/media?parent=587675"}],"wp:term":[{"taxonomy":"category","embeddable":true,"href":"https:\/\/www.europesays.com\/fr\/wp-json\/wp\/v2\/categories?post=587675"},{"taxonomy":"post_tag","embeddable":true,"href":"https:\/\/www.europesays.com\/fr\/wp-json\/wp\/v2\/tags?post=587675"}],"curies":[{"name":"wp","href":"https:\/\/api.w.org\/{rel}","templated":true}]}}