{"id":587677,"date":"2025-12-09T03:39:54","date_gmt":"2025-12-09T03:39:54","guid":{"rendered":"https:\/\/www.europesays.com\/fr\/587677\/"},"modified":"2025-12-09T03:39:54","modified_gmt":"2025-12-09T03:39:54","slug":"deiver-machado-rejoint-le-fc-nantes-en-provenance-du-rc-lens","status":"publish","type":"post","link":"https:\/\/www.europesays.com\/fr\/587677\/","title":{"rendered":"Deiver Machado rejoint le FC Nantes en provenance du RC Lens"},"content":{"rendered":"<p>\n    Le lat\u00e9ral gauche colombien, Deiver Machado, quitte le RC Lens. En qu\u00eate de temps de jeu avant la Coupe du Monde 2026, il est transf\u00e9r\u00e9 au FC Nantes.<\/p>\n<p class=\"fig-paragraph\">L&rsquo;international colombien\u00a0<a href=\"http:\/\/www.lefigaro.fr\/sports\/football\/ligue-1\/nantes-lens-thauvin-montre-la-voie-pression-sur-le-psg-les-canaris-s-enlisent-les-tops-et-flops-20251206\" target=\"_blank\" data-fig-type=\"NewsFlash\" rel=\"noopener\" data-gtm-custom-categorie=\"navigation\" data-gtm-custom-action=\"crossclick\" data-gtm-custom-label=\"Contextuel\" data-gtm-event=\"customEventSPE\" data-fig-domain=\"LEFIGARO\">du RC Lens\u00a0<\/a>Deiver Machado, 32 ans, s&rsquo;est engag\u00e9 avec le FC Nantes pour une dur\u00e9e de deux ans et demi, jusqu&rsquo;au terme de la saison 2027-28, ont annonc\u00e9 lundi les deux clubs.<\/p>\n<p class=\"fig-paragraph\">Le lat\u00e9ral gauche arrive en tant que joker, pr\u00e9cise le FC Nantes, en difficult\u00e9 dans le championnat dont il occupe l&rsquo;avant-derni\u00e8re place apr\u00e8s 15 journ\u00e9es.<\/p>\n<p>                                            <a class=\"fig-a11y-skip\" href=\"#fig-a11y-skip-main-inarticle\" data-module=\"a11y-skip\" data-context=\"was @visible\"><br \/>\n    Passer la publicit\u00e9<br \/>\n<\/a>            <\/p>\n<p class=\"fig-paragraph\">Quatre ans et demi apr\u00e8s son arriv\u00e9e dans l&rsquo;Artois, Machado \u00e9tait en manque de temps de jeu cette saison avec la concurrence de Matthieu Udol, arriv\u00e9 cet \u00e9t\u00e9, et l&rsquo;\u00e9mergence d&rsquo;autres d\u00e9fenseurs comme Samson Baidoo.<\/p>\n<p class=\"fig-paragraph\">\u00abLe d\u00e9part de Machado n&rsquo;\u00e9tait pas pr\u00e9vu, mais l&rsquo;opportunit\u00e9 pour lui d&rsquo;avoir du temps de jeu pour un objectif personnel, qui est de jouer la Coupe du monde, nous semblait importante, donc on ne se met pas en opposition \u00e0 son projet personnel\u00bb, expliquait la semaine derni\u00e8re l&rsquo;entra\u00eeneur lensois Pierre Sage.<\/p>\n<p class=\"fig-paragraph\">L&rsquo;international colombien (douze s\u00e9lections) a jou\u00e9 \u00e0 117 reprises sous le maillot sang et or et fait partie des plus belles \u00e9pop\u00e9es r\u00e9centes des Art\u00e9siens, notamment lors de la saison 2022-23, achev\u00e9e \u00e0 la deuxi\u00e8me place du championnat.<\/p>\n","protected":false},"excerpt":{"rendered":"Le lat\u00e9ral gauche colombien, Deiver Machado, quitte le RC Lens. En qu\u00eate de temps de jeu avant la&hellip;\n","protected":false},"author":2,"featured_media":587678,"comment_status":"","ping_status":"","sticky":false,"template":"","format":"standard","meta":{"footnotes":""},"categories":[2818],"tags":[1111,11,1777,674,462,1011,27,766,12,2636,2264,25,10662],"class_list":{"0":"post-587677","1":"post","2":"type-post","3":"status-publish","4":"format-standard","5":"has-post-thumbnail","7":"category-nantes","8":"tag-actu","9":"tag-actualites","10":"tag-eu","11":"tag-europe","12":"tag-fc-nantes","13":"tag-fr","14":"tag-france","15":"tag-nantes","16":"tag-news","17":"tag-pays-de-la-loire","18":"tag-rc-lens","19":"tag-republique-francaise","20":"tag-transferts"},"share_on_mastodon":{"url":"https:\/\/pubeurope.com\/@fr\/115687536958764950","error":""},"_links":{"self":[{"href":"https:\/\/www.europesays.com\/fr\/wp-json\/wp\/v2\/posts\/587677","targetHints":{"allow":["GET"]}}],"collection":[{"href":"https:\/\/www.europesays.com\/fr\/wp-json\/wp\/v2\/posts"}],"about":[{"href":"https:\/\/www.europesays.com\/fr\/wp-json\/wp\/v2\/types\/post"}],"author":[{"embeddable":true,"href":"https:\/\/www.europesays.com\/fr\/wp-json\/wp\/v2\/users\/2"}],"replies":[{"embeddable":true,"href":"https:\/\/www.europesays.com\/fr\/wp-json\/wp\/v2\/comments?post=587677"}],"version-history":[{"count":0,"href":"https:\/\/www.europesays.com\/fr\/wp-json\/wp\/v2\/posts\/587677\/revisions"}],"wp:featuredmedia":[{"embeddable":true,"href":"https:\/\/www.europesays.com\/fr\/wp-json\/wp\/v2\/media\/587678"}],"wp:attachment":[{"href":"https:\/\/www.europesays.com\/fr\/wp-json\/wp\/v2\/media?parent=587677"}],"wp:term":[{"taxonomy":"category","embeddable":true,"href":"https:\/\/www.europesays.com\/fr\/wp-json\/wp\/v2\/categories?post=587677"},{"taxonomy":"post_tag","embeddable":true,"href":"https:\/\/www.europesays.com\/fr\/wp-json\/wp\/v2\/tags?post=587677"}],"curies":[{"name":"wp","href":"https:\/\/api.w.org\/{rel}","templated":true}]}}