{"id":587683,"date":"2025-12-09T03:43:16","date_gmt":"2025-12-09T03:43:16","guid":{"rendered":"https:\/\/www.europesays.com\/fr\/587683\/"},"modified":"2025-12-09T03:43:16","modified_gmt":"2025-12-09T03:43:16","slug":"pres-de-toulouse-le-chef-de-ce-restaurant-tout-recent-est-a-nouveau-distingue-par-le-gault-millau","status":"publish","type":"post","link":"https:\/\/www.europesays.com\/fr\/587683\/","title":{"rendered":"Pr\u00e8s de Toulouse, le chef de ce restaurant tout r\u00e9cent est \u00e0 nouveau distingu\u00e9 par le Gault &#038; Millau"},"content":{"rendered":"<p>                    Par<br \/>\n        <strong><br \/>\n            <a href=\"https:\/\/actu.fr\/auteur\/lucie-2\" title=\"Consulter tous les articles de Lucie Fraisse\" target=\"_blank\" rel=\"noopener\">Lucie Fraisse<\/a><br \/>\n                    <\/strong><\/p>\n<p>        Publi\u00e9 le<\/p>\n<p>            8 d\u00e9c. 2025 \u00e0 17h25        <\/p>\n<p>Ce sont des jeunes chefs auxquels le Gault &amp; Millau voit un grand avenir. Le c\u00e9l\u00e8bre guide gastronomique vient de distinguer <strong>quatre jeunes chefs du Sud-Ouest<\/strong> (Occitanie et Nouvelle-Aquitaine) en leur remettant la Dotation jeunes talents ce lundi 8\u00a0d\u00e9cembre 2025. Parmi eux, un jeune chef qui a ouvert r\u00e9cemment un restaurant pr\u00e8s de Toulouse et qui a d\u00e9j\u00e0 \u00e9t\u00e9 distingu\u00e9 une premi\u00e8re fois par le Gault &amp; Millau.<\/p>\n<p>\u00ab\u2009Beaucoup de justesse et de personnalit\u00e9\u2009\u00bb<\/p>\n<p class=\" wall-content\"><a href=\"https:\/\/actu.fr\/occitanie\/colomiers_31149\/toulouse-les-bonnes-adresses-du-chef-quentin-pellestor-veyrier-qui-a-repris-les-renes-de-l-ex-amphitryon_62134776.html\" target=\"_blank\" rel=\"noopener\">Quentin Pellestor-Veyrier<\/a> a ouvert la Maison Pellestor-Veyrier \u00e0 Colomiers en f\u00e9vrier dernier, en lieu et place de l\u2019 ex-Amphitryon, embl\u00e9matique restaurant de <strong>Yannick Delpech<\/strong>. Le jeune chef a \u00e9t\u00e9 form\u00e9 <a href=\"https:\/\/actu.fr\/occitanie\/fontjoncouse_11152\/dans-l-un-des-meilleurs-restaurants-du-monde-gilles-goujon-prepare-sa-succession_62612297.html\" target=\"_blank\" rel=\"noopener\">chez Gilles Goujon<\/a>, Meilleur ouvrier de France et trois \u00e9toiles au Guide Michelin, o\u00f9 il avait <strong>d\u00e9j\u00e0 tap\u00e9 dans l\u2019\u0153il des \u00e9quipes du Gault &amp; Millau<\/strong>.<\/p>\n<p>    <img   decoding=\"async\" loading=\"lazy\" src=\"https:\/\/www.europesays.com\/fr\/wp-content\/uploads\/2025\/12\/quentin-pellestor-colomiers-restaurant-960x640.png\" alt=\"Quentin Pellestor-Veyrier a ouvert son premier restaurant gastronomique, en lieu et place de l'ex-Amphitryon \u00e0 Colomiers, pr\u00e8s de Toulouse.\" width=\"960\" height=\"640\"\/><br \/>\n    Quentin Pellestor-Veyrier a ouvert son premier restaurant gastronomique, en lieu et place de l\u2019ex-Amphitryon \u00e0 Colomiers, pr\u00e8s de Toulouse. (\u00a9agenceverri)<\/p>\n<p class=\" wall-content\">\u00ab\u2009On le suit depuis longtemps, confirme Marc Esquerr\u00e9, directeur des enqu\u00eates pour le guide culinaire. Quentin Pellestor-Veyrier est \u00e0 la fois humble et d\u00e9cid\u00e9, il a beaucoup de justesse et de personnalit\u00e9. Dans son restaurant, il valorise la production locale.\u2009\u00bb<\/p>\n<p>Producteurs locaux avant tout<\/p>\n<p class=\" wall-content\">Car c\u2019est l\u00e0 l\u2019un des crit\u00e8res favoris\u00e9s par le Gault &amp; Millau avec la Dotation Jeunes talents\u2009: l\u2019implantation du restaurant dans son environnement. Un axe que la Maison Pellestor-Veyrier travaille tout particuli\u00e8rement comme l\u2019explique Guillaume Carles, chef adjoint du restaurant venu recevoir le prix en l\u2019absence de son chef, retenu par un heureux \u00e9v\u00e9nement.<\/p>\n<p class=\" wall-content\">\u00ab\u2009On ne travaille qu\u2019avec<strong> des producteurs occitans<\/strong>. Notre carte est d\u2019ailleurs pr\u00e9sent\u00e9e comme une carte de randonn\u00e9e et chaque plat y est situ\u00e9 par rapport aux producteurs qui nous fournissent.\u2009\u00bb<\/p>\n<p>Votre r\u00e9gion, votre actu !<\/p>\n<p>Recevez chaque jour les infos qui comptent pour vous.<\/p>\n<p>\t<a href=\"https:\/\/actu.fr\/newsletter\" class=\"ac-btn ac-btn--corner ac-btn--medium ac-btn--blue800\" target=\"_blank\" rel=\"noopener\">S&rsquo;incrire<\/a><br \/>\nLes clients au rendez-vous<br \/>\n    <img   decoding=\"async\" loading=\"lazy\" src=\"https:\/\/www.europesays.com\/fr\/wp-content\/uploads\/2025\/12\/guillaume-carles-toulouse-gault-et-millau-960x640.jpeg\" alt=\"Guillaume Carles, le second du chef Quentin Pellestor-Veyrier est venu recevoir la r\u00e9compense.\" width=\"960\" height=\"640\"\/><br \/>\n    Guillaume Carles, le second du chef Quentin Pellestor-Veyrier est venu recevoir la r\u00e9compense. (\u00a9L.F.\/actu Toulouse)<\/p>\n<p class=\" wall-content\">Un positionnement qui a su s\u00e9duire le guide, mais pas uniquement. \u00ab\u2009On a beaucoup de clients depuis l\u2019ouverture, sourit Guillaume Carles. \u00c7a se passe encore mieux que ce qu\u2019on esp\u00e9rait\u2009!\u2009\u00bb<\/p>\n<p class=\" wall-content\">La Dotation Jeunes Talents n\u2019est par ailleurs pas la premi\u00e8re distinction accord\u00e9e au restaurant par le Gault &amp; Millau. La Maison Pellestor-Veyrier a ainsi obtenu le <strong>Prix Jeune talent en salle<\/strong> et dans le dernier guide jaune, le restaurant a re\u00e7u trois toques et la jolie note de 16\/20, <a href=\"https:\/\/actu.fr\/occitanie\/toulouse_31555\/gault-et-millau-michel-sarran-recoit-la-plus-haute-recompense-regionale-4-restaurants-distingues-a-toulouse_62621311.html\" target=\"_blank\" rel=\"noopener\">quelques mois seulement apr\u00e8s l\u2019ouverture du restaurant<\/a>.<\/p>\n<p>L\u2019\u00e9toile dans le viseur\u2009?<\/p>\n<p class=\" wall-content\">Avec cette note, Quentin Pellestor-Veyrier se paie m\u00eame le luxe de d\u00e9passer plusieurs chefs \u00e9toil\u00e9s de l\u2019agglom\u00e9ration. Faut-il y voir un signe avant la sortie du prochain Guide Michelin\u2009? Interrog\u00e9 par Actu Toulouse <a href=\"https:\/\/actu.fr\/occitanie\/colomiers_31149\/toulouse-yannick-delpech-fermer-l-amphitryon-ca-fait-quelque-chose-mais-l-aventure-continue_61655970.html\" target=\"_blank\" rel=\"noopener\">sur le potentiel de son repreneur<\/a>, en septembre dernier, Yannick Delpech disait sa certitude de voir \u00ab\u2009des \u00e9toiles briller rapidement autour de cet \u00e9tablissement\u2009\u00bb. C\u2019est tout le bien qu\u2019on leur souhaite.<\/p>\n<p>C&rsquo;est quoi la Dotation Jeunes Talents Gault &amp; Millau?<\/p>\n<p>La dotation Jeunes Talents Gault &amp; Millau est une bourse en mat\u00e9riel et mati\u00e8res premi\u00e8res qui est offerte chaque ann\u00e9e \u00e0 une s\u00e9lection de laur\u00e9ats \u00e0 fort potentiel qui ouvrent leurs premiers restaurants. \u00ab\u00a0C&rsquo;est une aide pour transformer ces jeunes talents en chefs d&rsquo;entreprise\u00a0\u00bb, estime Marc Esquerr\u00e9, directeur des enqu\u00eates du guide jaune. <br \/>Les restaurateurs peuvent postuler pour obtenir la dotation, mais certains sont aussi rep\u00e9r\u00e9s par les critiques du guide gastronomique. \u00ab\u00a0Pour les laur\u00e9ats, ce prix est une v\u00e9ritable caution, estime Marc Esquerr\u00e9. \u00c7a offre une belle exposition m\u00e9diatique et \u00e7a permet surtout de convaincre plus facilement les banquiers.<\/p>\n<p class=\" wall-content\">Personnalisez votre actualit\u00e9 en ajoutant vos villes et m\u00e9dias en favori avec <a href=\"https:\/\/moncompte.actu.fr\" title=\"D\u00e9couvez Mon Actu\" rel=\"nofollow noopener\" data-trk=\"{&quot;cta&quot;:{&quot;action&quot;:&quot;https:\\\/\\\/moncompte.actu.fr&quot;,&quot;category&quot;:&quot;mon compte&quot;,&quot;from&quot;:&quot;article footer&quot;,&quot;name&quot;:&quot;Mon actu&quot;,&quot;type&quot;:&quot;cta&quot;}}\" target=\"_blank\">Mon Actu<\/a>.<\/p>\n","protected":false},"excerpt":{"rendered":"Par Lucie Fraisse Publi\u00e9 le 8 d\u00e9c. 2025 \u00e0 17h25 Ce sont des jeunes chefs auxquels le Gault&hellip;\n","protected":false},"author":2,"featured_media":587684,"comment_status":"","ping_status":"","sticky":false,"template":"","format":"standard","meta":{"footnotes":""},"categories":[2816],"tags":[1111,11,1777,674,1011,27,12,2680,25,2850,104,2312],"class_list":{"0":"post-587683","1":"post","2":"type-post","3":"status-publish","4":"format-standard","5":"has-post-thumbnail","7":"category-toulouse","8":"tag-actu","9":"tag-actualites","10":"tag-eu","11":"tag-europe","12":"tag-fr","13":"tag-france","14":"tag-news","15":"tag-occitanie","16":"tag-republique-francaise","17":"tag-restaurants-de-toulouse","18":"tag-societe","19":"tag-toulouse"},"share_on_mastodon":{"url":"https:\/\/pubeurope.com\/@fr\/115687549402904759","error":""},"_links":{"self":[{"href":"https:\/\/www.europesays.com\/fr\/wp-json\/wp\/v2\/posts\/587683","targetHints":{"allow":["GET"]}}],"collection":[{"href":"https:\/\/www.europesays.com\/fr\/wp-json\/wp\/v2\/posts"}],"about":[{"href":"https:\/\/www.europesays.com\/fr\/wp-json\/wp\/v2\/types\/post"}],"author":[{"embeddable":true,"href":"https:\/\/www.europesays.com\/fr\/wp-json\/wp\/v2\/users\/2"}],"replies":[{"embeddable":true,"href":"https:\/\/www.europesays.com\/fr\/wp-json\/wp\/v2\/comments?post=587683"}],"version-history":[{"count":0,"href":"https:\/\/www.europesays.com\/fr\/wp-json\/wp\/v2\/posts\/587683\/revisions"}],"wp:featuredmedia":[{"embeddable":true,"href":"https:\/\/www.europesays.com\/fr\/wp-json\/wp\/v2\/media\/587684"}],"wp:attachment":[{"href":"https:\/\/www.europesays.com\/fr\/wp-json\/wp\/v2\/media?parent=587683"}],"wp:term":[{"taxonomy":"category","embeddable":true,"href":"https:\/\/www.europesays.com\/fr\/wp-json\/wp\/v2\/categories?post=587683"},{"taxonomy":"post_tag","embeddable":true,"href":"https:\/\/www.europesays.com\/fr\/wp-json\/wp\/v2\/tags?post=587683"}],"curies":[{"name":"wp","href":"https:\/\/api.w.org\/{rel}","templated":true}]}}