{"id":587753,"date":"2025-12-09T04:31:13","date_gmt":"2025-12-09T04:31:13","guid":{"rendered":"https:\/\/www.europesays.com\/fr\/587753\/"},"modified":"2025-12-09T04:31:13","modified_gmt":"2025-12-09T04:31:13","slug":"donald-trump-hausse-le-ton-contre-la-politique-europeenne-migratoire","status":"publish","type":"post","link":"https:\/\/www.europesays.com\/fr\/587753\/","title":{"rendered":"Donald Trump hausse le ton contre la politique europ\u00e9enne migratoire"},"content":{"rendered":"<p><a href=\"https:\/\/www.sudouest.fr\/international\/etats-unis\/donald-trump\/etats-unis-l-administration-trump-envisage-d-elargir-la-liste-des-pays-indesirables-26949560.php\" target=\"_blank\" rel=\"noopener\">L\u2019administration de Donald Trump<\/a> avait publi\u00e9 vendredi un document pr\u00e9sentant une \u00ab\u00a0Strat\u00e9gie de s\u00e9curit\u00e9 nationale\u00a0\u00bb r\u00e9solument nationaliste, anticipant l&rsquo;\u00ab\u00a0effacement civilisationnel\u00a0\u00bb de l\u2019Europe et pr\u00f4nant la lutte contre les \u00ab\u00a0migrations de masse\u00a0\u00bb. \u00ab\u00a0Si les tendances actuelles se poursuivent, le continent (europ\u00e9en) sera m\u00e9connaissable dans 20\u00a0ans ou moins\u00a0\u00bb, affirme-t-il dans le document.<\/p>\n<p>Des d\u00e9cisions dans son viseur<\/p>\n<p>L\u2019Administration Trump y d\u00e9nonce p\u00eale-m\u00eale les d\u00e9cisions europ\u00e9ennes qui, selon elle, \u00ab\u00a0sapent la libert\u00e9 politique et la souverainet\u00e9, les politiques migratoires qui transforment le continent et cr\u00e9ent des tensions, la censure de la libert\u00e9 d\u2019expression et la r\u00e9pression de l\u2019opposition politique, la chute des taux de natalit\u00e9, ainsi que la perte des identit\u00e9s nationales.\u00a0\u00bb<\/p>\n","protected":false},"excerpt":{"rendered":"L\u2019administration de Donald Trump avait publi\u00e9 vendredi un document pr\u00e9sentant une \u00ab\u00a0Strat\u00e9gie de s\u00e9curit\u00e9 nationale\u00a0\u00bb r\u00e9solument nationaliste, anticipant&hellip;\n","protected":false},"author":2,"featured_media":587754,"comment_status":"","ping_status":"","sticky":false,"template":"","format":"standard","meta":{"footnotes":""},"categories":[5],"tags":[11,1011,27,14,12,28],"class_list":{"0":"post-587753","1":"post","2":"type-post","3":"status-publish","4":"format-standard","5":"has-post-thumbnail","7":"category-international","8":"tag-actualites","9":"tag-fr","10":"tag-france","11":"tag-international","12":"tag-news","13":"tag-world"},"share_on_mastodon":{"url":"https:\/\/pubeurope.com\/@fr\/115687737544753108","error":""},"_links":{"self":[{"href":"https:\/\/www.europesays.com\/fr\/wp-json\/wp\/v2\/posts\/587753","targetHints":{"allow":["GET"]}}],"collection":[{"href":"https:\/\/www.europesays.com\/fr\/wp-json\/wp\/v2\/posts"}],"about":[{"href":"https:\/\/www.europesays.com\/fr\/wp-json\/wp\/v2\/types\/post"}],"author":[{"embeddable":true,"href":"https:\/\/www.europesays.com\/fr\/wp-json\/wp\/v2\/users\/2"}],"replies":[{"embeddable":true,"href":"https:\/\/www.europesays.com\/fr\/wp-json\/wp\/v2\/comments?post=587753"}],"version-history":[{"count":0,"href":"https:\/\/www.europesays.com\/fr\/wp-json\/wp\/v2\/posts\/587753\/revisions"}],"wp:featuredmedia":[{"embeddable":true,"href":"https:\/\/www.europesays.com\/fr\/wp-json\/wp\/v2\/media\/587754"}],"wp:attachment":[{"href":"https:\/\/www.europesays.com\/fr\/wp-json\/wp\/v2\/media?parent=587753"}],"wp:term":[{"taxonomy":"category","embeddable":true,"href":"https:\/\/www.europesays.com\/fr\/wp-json\/wp\/v2\/categories?post=587753"},{"taxonomy":"post_tag","embeddable":true,"href":"https:\/\/www.europesays.com\/fr\/wp-json\/wp\/v2\/tags?post=587753"}],"curies":[{"name":"wp","href":"https:\/\/api.w.org\/{rel}","templated":true}]}}