{"id":587755,"date":"2025-12-09T04:32:11","date_gmt":"2025-12-09T04:32:11","guid":{"rendered":"https:\/\/www.europesays.com\/fr\/587755\/"},"modified":"2025-12-09T04:32:11","modified_gmt":"2025-12-09T04:32:11","slug":"laicite-120-ans-apres-la-loi-liberte-egalite-crise-didentite-liberation","status":"publish","type":"post","link":"https:\/\/www.europesays.com\/fr\/587755\/","title":{"rendered":"La\u00efcit\u00e9 : 120 ans apr\u00e8s la loi, libert\u00e9, \u00e9galit\u00e9, crise d\u2019identit\u00e9 ? &#8211; Lib\u00e9ration"},"content":{"rendered":"<ol>\n<li><a href=\"https:\/\/news.google.com\/rss\/articles\/CBMizwFBVV95cUxQZE9WMHFYOFlvTGlBNTlidGVoNG95TkVhSVdSN0d2UUYwakU1MFd0NWFRNFpZY2VNRFY0QzNfNzhzOEx0dW5tZU5VNmRMdHBCMUtybzJCeUs0S09FbzBMMlpteWc2Y0xVeVl6YkFKOGRRQUdYNjh1dWJfUjZNVmZOellOcWNSRTA4d1ZuWVhOTmg5akUxQWpqb3gzVzFIYm9MSjJGSHItbGpCbW82Uzg2TDZBNVJENmZuWXRkV1V6Q3V5a2V1NHM2SUdvTnlkaTA?oc=5\" target=\"_blank\" rel=\"noopener\">La\u00efcit\u00e9 : 120 ans apr\u00e8s la loi, libert\u00e9, \u00e9galit\u00e9, crise d\u2019identit\u00e9 ?<\/a>&nbsp;&nbsp;Lib\u00e9ration<\/li>\n<li><a href=\"https:\/\/news.google.com\/rss\/articles\/CBMivAFBVV95cUxNM1JDVzFQTG5QRnpMdGR5dkliTzBiRzB2YThpNGNrdThvNUp4SWxsVlN2OTB0YWRkWFo4dHJ1cmNha19abmZ1Y2dTQ1UxUnlCSjZrREJQZ0tqTUF0bkZ3OHpVNzRXNGRlMUFXQWFNUEl1OUtkbEU4OEhod3N4YUN0d1JibVpGQ3R3Z1FzUXNBS3Z1MlVJWlZZSUNhSzZUZ2Q5M25FYXBDVlFhNXY2ZGtaTDVaSVdQVU9TWHo0Mw?oc=5\" target=\"_blank\" rel=\"noopener\">La loi de 1905, irrempla\u00e7able boussole de la R\u00e9publique<\/a>&nbsp;&nbsp;Le Monde.fr<\/li>\n<li><a href=\"https:\/\/news.google.com\/rss\/articles\/CBMiiwFBVV95cUxORnhZRFZBSkl2TDN6R04zY1BfbTBIa0oyLTZuNTFSWHJkS2lzbGtaSEJncVNEZE5yR1RSZWNRS0RtdEg2c0VGdWVDNDlqM0w0dUlCRElfMzBTb3VReTFtNzRMRnN3bWN2MDFXajhNV19YVWtLLThDT19TTFJlSUVzMk5WVWRNbHhRdmtr?oc=5\" target=\"_blank\" rel=\"noopener\">C215 expose son id\u00e9e de la la\u00efcit\u00e9<\/a>&nbsp;&nbsp;ladepeche.fr<\/li>\n<li><a href=\"https:\/\/news.google.com\/rss\/articles\/CBMisgFBVV95cUxQaEVjLW55WGpqOWxlR3NXT0JOYnFBWVlUd3Vyak5YZUNOZjAzMmZRYk9xUGhuUG5lUUVFUlhWZTRlZkxMaFA4T2FENEFGQVd3LTdqSmNBWUtOZTV1MnVQbC1INWl4QVpxYVNSM09WLWRDVXFxcmpTSUVZaUkxQmVwQlptMmV3Z05ZakJtZ2RzY3R3bUtsMWdGaTFyUXRyZHNHZXlQR0FNYnhGYUN1VUlPMDFR?oc=5\" target=\"_blank\" rel=\"noopener\">Que vive la la\u00efcit\u00e9 ! 50 contributions pour les 120 ans de la loi de 1905<\/a>&nbsp;&nbsp;Fondation Jean-Jaur\u00e8s<\/li>\n<li><a href=\"https:\/\/news.google.com\/rss\/articles\/CBMimAFBVV95cUxPa1g5Ml9JN2loU3Q2dDZocVJvek9JQjZFLWd3OFE5SndFbENUZUxKMGRBNWMzR2VpQVMwNGhwOWgtdUROTXdvUWh4WG9FbzliaHVBWXBCWXdLWEF4ejktVllXRENPWS1hWWxibUl0U1RXRUxPNHpDNlpheDZuU1psQnRpTDFpQlNRNE5PLTVXUzFCNDVsclI1Tw?oc=5\" target=\"_blank\" rel=\"noopener\">La\u00efcit\u00e9 : C\u2019est quoi le probl\u00e8me ? en replay &#8211; C ce soir<\/a>&nbsp;&nbsp;France TV<\/li>\n<\/ol>\n","protected":false},"excerpt":{"rendered":"La\u00efcit\u00e9 : 120 ans apr\u00e8s la loi, libert\u00e9, \u00e9galit\u00e9, crise d\u2019identit\u00e9 ?&nbsp;&nbsp;Lib\u00e9ration La loi de 1905, irrempla\u00e7able boussole&hellip;\n","protected":false},"author":2,"featured_media":587756,"comment_status":"","ping_status":"","sticky":false,"template":"","format":"standard","meta":{"footnotes":""},"categories":[4],"tags":[11,11863,1076,1011,27,5318,15430,12,25,1254],"class_list":{"0":"post-587755","1":"post","2":"type-post","3":"status-publish","4":"format-standard","5":"has-post-thumbnail","7":"category-france","8":"tag-actualites","9":"tag-catholicisme","10":"tag-extreme-droite","11":"tag-fr","12":"tag-france","13":"tag-islam","14":"tag-laicite","15":"tag-news","16":"tag-republique-francaise","17":"tag-terrorisme"},"share_on_mastodon":{"url":"https:\/\/pubeurope.com\/@fr\/115687741513481667","error":""},"_links":{"self":[{"href":"https:\/\/www.europesays.com\/fr\/wp-json\/wp\/v2\/posts\/587755","targetHints":{"allow":["GET"]}}],"collection":[{"href":"https:\/\/www.europesays.com\/fr\/wp-json\/wp\/v2\/posts"}],"about":[{"href":"https:\/\/www.europesays.com\/fr\/wp-json\/wp\/v2\/types\/post"}],"author":[{"embeddable":true,"href":"https:\/\/www.europesays.com\/fr\/wp-json\/wp\/v2\/users\/2"}],"replies":[{"embeddable":true,"href":"https:\/\/www.europesays.com\/fr\/wp-json\/wp\/v2\/comments?post=587755"}],"version-history":[{"count":0,"href":"https:\/\/www.europesays.com\/fr\/wp-json\/wp\/v2\/posts\/587755\/revisions"}],"wp:featuredmedia":[{"embeddable":true,"href":"https:\/\/www.europesays.com\/fr\/wp-json\/wp\/v2\/media\/587756"}],"wp:attachment":[{"href":"https:\/\/www.europesays.com\/fr\/wp-json\/wp\/v2\/media?parent=587755"}],"wp:term":[{"taxonomy":"category","embeddable":true,"href":"https:\/\/www.europesays.com\/fr\/wp-json\/wp\/v2\/categories?post=587755"},{"taxonomy":"post_tag","embeddable":true,"href":"https:\/\/www.europesays.com\/fr\/wp-json\/wp\/v2\/tags?post=587755"}],"curies":[{"name":"wp","href":"https:\/\/api.w.org\/{rel}","templated":true}]}}