{"id":587801,"date":"2025-12-09T05:00:32","date_gmt":"2025-12-09T05:00:32","guid":{"rendered":"https:\/\/www.europesays.com\/fr\/587801\/"},"modified":"2025-12-09T05:00:32","modified_gmt":"2025-12-09T05:00:32","slug":"un-homme-mecontent-du-chauffeur-de-bus-a-marseille-lui-assene-un-coup-de-pied","status":"publish","type":"post","link":"https:\/\/www.europesays.com\/fr\/587801\/","title":{"rendered":"Un homme m\u00e9content du chauffeur de bus \u00e0 Marseille lui ass\u00e8ne un coup de pied"},"content":{"rendered":"<p>Est-ce l\u2019effet de groupe qui a d\u00e9sinhib\u00e9 le jeune homme de 18\u00a0ans\u00a0? Toujours est-il que c\u2019est sans ses amis, rest\u00e9s calmes pendant le diff\u00e9rend qui l\u2019opposait \u00e0 un chauffeur de bus, que cet individu a \u00e9t\u00e9 interpell\u00e9 par la police vendredi soir dans le 7\u1d49 arrondissement\u00a0de Marseille.<\/p>\n<p>Pr\u00e9venu peu apr\u00e8s 23\u00a0heures que des violences avaient \u00e9t\u00e9 exerc\u00e9es sur un chauffeur de bus <a href=\"https:\/\/www.laprovence.com\/article\/faits-divers-justice\/3264738527182115\/marseille-trafic-rtm-interrompu-apres-l-agression-d-un-chauffeur-de-bus-a-coups-de-batte-de-baseball\" target=\"_blank\" rel=\"noopener\">RTM<\/a> (r\u00e9gie des transports m\u00e9tropolitains) qui empruntait la <a href=\"https:\/\/www.laprovence.com\/article\/faits-divers-justice\/3325864598724615\/marseille-une-fillette-de-12-ans-agressee-a-un-arret-de-bus-de-la-corniche-kennedy\" target=\"_blank\" rel=\"noopener\">corniche Kennedy<\/a>, un \u00e9quipage police secours s\u2019est aussit\u00f4t rendu sur place et a pu interpeller le mis en cause. Ce jeune Marseillais a \u00e9t\u00e9 pr\u00e9sent\u00e9 au quart Centre, o\u00f9 il a \u00e9t\u00e9 plac\u00e9 en garde \u00e0 vue.<\/p>\n<p>Des agressions en hausse<\/p>\n<p>Les agressions verbales ou physiques contre des conducteurs de bus se multiplient, non seulement \u00e0 Marseille, mais aussi un peu partout en France. Elles auraient presque doubl\u00e9 en 5\u00a0ans. Les motifs sont nombreux\u00a0: un bus en retard, qui refuse de s\u2019arr\u00eater, roule trop vite ou encore trop pr\u00e8s des pi\u00e9tons.<\/p>\n<p>Le 9\u00a0novembre dernier d\u00e9j\u00e0, <a href=\"https:\/\/www.laprovence.com\/article\/faits-divers-justice\/30746463344029\/le-chauffeur-de-bus-a-marseille-refuse-de-sarreter-elle-lui-crache-dessus\" target=\"_blank\" rel=\"noopener\">un autre chauffeur de bus de la RTM avait \u00e9t\u00e9 agress\u00e9 <\/a>par une femme. L\u2019employ\u00e9 de la RTM qui assurait le transport sur la ligne B2 qui relie la station de m\u00e9tro <a href=\"https:\/\/www.laprovence.com\/article\/societe\/485145716095314\/depuis-le-temps-lextension-du-tramway-t3-a-marseille-de-geze-a-la-gaye-en-service-debut-2026\" target=\"_blank\" rel=\"noopener\">G\u00e8ze<\/a> au quartier Borel, \u00e9tait \u00e0 quelques m\u00e8tres de son terminus, lorsqu\u2019une femme lui avait fait signe de s\u2019arr\u00eater.<\/p>\n<p>Une sollicitation tardive et pour le moins inutile que le chauffeur avait logiquement refus\u00e9, suscitant la col\u00e8re de l\u2019usag\u00e8re qui avait poursuivi le bus jusqu\u2019au terminus, grimp\u00e9 dans le v\u00e9hicule et copieusement insult\u00e9 la victime, un homme \u00e2g\u00e9 de 51\u00a0ans, avant de lui cracher dessus.<\/p>\n","protected":false},"excerpt":{"rendered":"Est-ce l\u2019effet de groupe qui a d\u00e9sinhib\u00e9 le jeune homme de 18\u00a0ans\u00a0? Toujours est-il que c\u2019est sans ses&hellip;\n","protected":false},"author":2,"featured_media":587802,"comment_status":"","ping_status":"","sticky":false,"template":"","format":"standard","meta":{"footnotes":""},"categories":[2814],"tags":[17,1111,11,70084,7048,9698,1777,674,274,1011,27,4933,23740,884,8486,12,882,25],"class_list":{"0":"post-587801","1":"post","2":"type-post","3":"status-publish","4":"format-standard","5":"has-post-thumbnail","7":"category-marseille","8":"tag-17","9":"tag-actu","10":"tag-actualites","11":"tag-assene","12":"tag-bus","13":"tag-chauffeur","14":"tag-eu","15":"tag-europe","16":"tag-faits-divers-justice","17":"tag-fr","18":"tag-france","19":"tag-homme","20":"tag-lui","21":"tag-marseille","22":"tag-mecontent","23":"tag-news","24":"tag-provence-alpes-cote-dazur","25":"tag-republique-francaise"},"share_on_mastodon":{"url":"https:\/\/pubeurope.com\/@fr\/115687851596512288","error":""},"_links":{"self":[{"href":"https:\/\/www.europesays.com\/fr\/wp-json\/wp\/v2\/posts\/587801","targetHints":{"allow":["GET"]}}],"collection":[{"href":"https:\/\/www.europesays.com\/fr\/wp-json\/wp\/v2\/posts"}],"about":[{"href":"https:\/\/www.europesays.com\/fr\/wp-json\/wp\/v2\/types\/post"}],"author":[{"embeddable":true,"href":"https:\/\/www.europesays.com\/fr\/wp-json\/wp\/v2\/users\/2"}],"replies":[{"embeddable":true,"href":"https:\/\/www.europesays.com\/fr\/wp-json\/wp\/v2\/comments?post=587801"}],"version-history":[{"count":0,"href":"https:\/\/www.europesays.com\/fr\/wp-json\/wp\/v2\/posts\/587801\/revisions"}],"wp:featuredmedia":[{"embeddable":true,"href":"https:\/\/www.europesays.com\/fr\/wp-json\/wp\/v2\/media\/587802"}],"wp:attachment":[{"href":"https:\/\/www.europesays.com\/fr\/wp-json\/wp\/v2\/media?parent=587801"}],"wp:term":[{"taxonomy":"category","embeddable":true,"href":"https:\/\/www.europesays.com\/fr\/wp-json\/wp\/v2\/categories?post=587801"},{"taxonomy":"post_tag","embeddable":true,"href":"https:\/\/www.europesays.com\/fr\/wp-json\/wp\/v2\/tags?post=587801"}],"curies":[{"name":"wp","href":"https:\/\/api.w.org\/{rel}","templated":true}]}}