{"id":587805,"date":"2025-12-09T05:02:10","date_gmt":"2025-12-09T05:02:10","guid":{"rendered":"https:\/\/www.europesays.com\/fr\/587805\/"},"modified":"2025-12-09T05:02:10","modified_gmt":"2025-12-09T05:02:10","slug":"saint-benoit-de-carmaux-une-annee-au-theatre-avec-jean-louis-reynes","status":"publish","type":"post","link":"https:\/\/www.europesays.com\/fr\/587805\/","title":{"rendered":"Saint-Beno\u00eet-de-Carmaux. Une ann\u00e9e au th\u00e9\u00e2tre avec Jean-Louis Reyn\u00e8s"},"content":{"rendered":"<p>Alors que l\u2019assembl\u00e9e g\u00e9n\u00e9rale de la Compagnie th\u00e9\u00e2tre de la Dec\u2019Ouverte, se profile \u00e0 l\u2019horizon le jeudi 11 d\u00e9cembre \u00e0 19 heures, salle Rauquillous, Jean \u2013 Louis Reyn\u00e8s fait d\u00e9j\u00e0 le bilan de l\u2019an 2025.<\/p>\n<p>Il ne s\u2019en cache pas, Jean-Louis avoue, \u00ab\u00a0ma vie c\u2019est le th\u00e9\u00e2tre !\u00a0\u00bb Aussi, dit-il, entre les ateliers th\u00e9\u00e2tre enfants le mercredi, la troupe th\u00e9\u00e2tre adulte \u00ab\u00a0les Mardissip\u00e9s\u00a0\u00bb, l\u2019atelier d\u2019improvisation avec Michel Mulot, la troupe th\u00e9\u00e2tre adulte \u00ab\u00a0Les Jeudistyles\u00a0\u00bb, le Solo adulte La Contrebasse, Michel Mulot ; les stages, le Duo \u00ab\u00a0Meilleurs v\u0153ux\u00a0\u00bb, \u00ab\u00a0tous nos v\u0153ux de bonheur\u00a0\u00bb , \u00ab\u00a0Chicago Blues\u00a0\u00bb , l\u2019ann\u00e9e a \u00e9t\u00e9 bien remplie, et puis, ajoute Jean-Louis, n\u2019oublions pas en f\u00e9vrier 2025 le Festival les 3 P\u2019tits Coups, et, les spectacles dont celui des enfants en juin.<\/p>\n<p>En 2026, plusieurs dates sont arr\u00eat\u00e9es, le 23 janvier \u00e0 Castres, \u00ab\u00a0Si Jaur\u00e8s avait rencontr\u00e9 Toulouse Lautrec\u00a0\u00bb, les 6 et 7 f\u00e9vrier, le Festival \u00e0 Blaye, en mars \u00e0 la Croix de Mille \u00ab\u00a0la Crois\u00e9e des Artistes\u00a0\u00bb et le 27 septembre \u00e0 Rullac dans l\u2019Aveyron.<\/p>\n","protected":false},"excerpt":{"rendered":"Alors que l\u2019assembl\u00e9e g\u00e9n\u00e9rale de la Compagnie th\u00e9\u00e2tre de la Dec\u2019Ouverte, se profile \u00e0 l\u2019horizon le jeudi 11&hellip;\n","protected":false},"author":2,"featured_media":587806,"comment_status":"","ping_status":"","sticky":false,"template":"","format":"standard","meta":{"footnotes":""},"categories":[1889],"tags":[1111,11,2430,872,1777,674,1011,27,2428,12,25,70085,853,8412,4698],"class_list":{"0":"post-587805","1":"post","2":"type-post","3":"status-publish","4":"format-standard","5":"has-post-thumbnail","7":"category-lyon","8":"tag-actu","9":"tag-actualites","10":"tag-auvergne-rhone-alpes","11":"tag-culture-et-loisirs","12":"tag-eu","13":"tag-europe","14":"tag-fr","15":"tag-france","16":"tag-lyon","17":"tag-news","18":"tag-republique-francaise","19":"tag-saintbenoitdecarmaux","20":"tag-spectacles","21":"tag-tarn","22":"tag-thu00e9u00e2tre"},"share_on_mastodon":{"url":"https:\/\/pubeurope.com\/@fr\/115687859490150015","error":""},"_links":{"self":[{"href":"https:\/\/www.europesays.com\/fr\/wp-json\/wp\/v2\/posts\/587805","targetHints":{"allow":["GET"]}}],"collection":[{"href":"https:\/\/www.europesays.com\/fr\/wp-json\/wp\/v2\/posts"}],"about":[{"href":"https:\/\/www.europesays.com\/fr\/wp-json\/wp\/v2\/types\/post"}],"author":[{"embeddable":true,"href":"https:\/\/www.europesays.com\/fr\/wp-json\/wp\/v2\/users\/2"}],"replies":[{"embeddable":true,"href":"https:\/\/www.europesays.com\/fr\/wp-json\/wp\/v2\/comments?post=587805"}],"version-history":[{"count":0,"href":"https:\/\/www.europesays.com\/fr\/wp-json\/wp\/v2\/posts\/587805\/revisions"}],"wp:featuredmedia":[{"embeddable":true,"href":"https:\/\/www.europesays.com\/fr\/wp-json\/wp\/v2\/media\/587806"}],"wp:attachment":[{"href":"https:\/\/www.europesays.com\/fr\/wp-json\/wp\/v2\/media?parent=587805"}],"wp:term":[{"taxonomy":"category","embeddable":true,"href":"https:\/\/www.europesays.com\/fr\/wp-json\/wp\/v2\/categories?post=587805"},{"taxonomy":"post_tag","embeddable":true,"href":"https:\/\/www.europesays.com\/fr\/wp-json\/wp\/v2\/tags?post=587805"}],"curies":[{"name":"wp","href":"https:\/\/api.w.org\/{rel}","templated":true}]}}