{"id":587811,"date":"2025-12-09T05:07:24","date_gmt":"2025-12-09T05:07:24","guid":{"rendered":"https:\/\/www.europesays.com\/fr\/587811\/"},"modified":"2025-12-09T05:07:24","modified_gmt":"2025-12-09T05:07:24","slug":"agrandissement-du-paris-fc-dans-le-parc-du-grand-godet-pourquoi-le-val-de-marne-dit-oui","status":"publish","type":"post","link":"https:\/\/www.europesays.com\/fr\/587811\/","title":{"rendered":"Agrandissement du Paris FC dans le parc du Grand-Godet\u00a0: pourquoi le Val-de-Marne dit oui"},"content":{"rendered":"<p class=\"paragraph text_align_left lp-f-body-02\">D\u2019ici trois ans, le Paris FC sera ici inratable. \u00ab <a href=\"https:\/\/www.leparisien.fr\/sports\/football\/paris-fc\/cinq-nouveaux-terrains-deux-centres-de-formation-et-deux-fois-plus-de-place-le-paris-fc-poursuit-sa-mue-08-12-2025-4CB57I3WCVAQJMAFT4DC5PX5RE.php\" target=\"_self\" rel=\"noopener\">Nous allons passer de quatre \u00e0 neuf terrains,<\/a> dont trois qui doivent \u00eatre livr\u00e9s avant le d\u00e9but de la saison prochaine \u00bb, annonce Pierre Ferracci, le pr\u00e9sident du Paris FC, lors d\u2019une conf\u00e9rence de presse organis\u00e9e ce lundi 8 d\u00e9cembre. \u00ab Nous \u00e9tions \u00e0 l\u2019\u00e9troit, et nous le sommes d\u2019autant plus depuis la mont\u00e9e en Ligue 1. On va pouvoir travailler dans de meilleures conditions. \u00bb<\/p>\n","protected":false},"excerpt":{"rendered":"D\u2019ici trois ans, le Paris FC sera ici inratable. \u00ab Nous allons passer de quatre \u00e0 neuf terrains,&hellip;\n","protected":false},"author":2,"featured_media":587812,"comment_status":"","ping_status":"","sticky":false,"template":"","format":"standard","meta":{"footnotes":""},"categories":[1888],"tags":[1111,1928,11,1927,1777,674,1011,27,1944,12,1926,626,1925,25,60,1125],"class_list":{"0":"post-587811","1":"post","2":"type-post","3":"status-publish","4":"format-standard","5":"has-post-thumbnail","7":"category-paris","8":"tag-actu","9":"tag-actu-paris","10":"tag-actualites","11":"tag-actualites-paris","12":"tag-eu","13":"tag-europe","14":"tag-fr","15":"tag-france","16":"tag-ma-ville","17":"tag-news","18":"tag-news-paris","19":"tag-paris","20":"tag-paris-news","21":"tag-republique-francaise","22":"tag-sports","23":"tag-val-de-marne"},"share_on_mastodon":{"url":"https:\/\/pubeurope.com\/@fr\/115687879053153884","error":""},"_links":{"self":[{"href":"https:\/\/www.europesays.com\/fr\/wp-json\/wp\/v2\/posts\/587811","targetHints":{"allow":["GET"]}}],"collection":[{"href":"https:\/\/www.europesays.com\/fr\/wp-json\/wp\/v2\/posts"}],"about":[{"href":"https:\/\/www.europesays.com\/fr\/wp-json\/wp\/v2\/types\/post"}],"author":[{"embeddable":true,"href":"https:\/\/www.europesays.com\/fr\/wp-json\/wp\/v2\/users\/2"}],"replies":[{"embeddable":true,"href":"https:\/\/www.europesays.com\/fr\/wp-json\/wp\/v2\/comments?post=587811"}],"version-history":[{"count":0,"href":"https:\/\/www.europesays.com\/fr\/wp-json\/wp\/v2\/posts\/587811\/revisions"}],"wp:featuredmedia":[{"embeddable":true,"href":"https:\/\/www.europesays.com\/fr\/wp-json\/wp\/v2\/media\/587812"}],"wp:attachment":[{"href":"https:\/\/www.europesays.com\/fr\/wp-json\/wp\/v2\/media?parent=587811"}],"wp:term":[{"taxonomy":"category","embeddable":true,"href":"https:\/\/www.europesays.com\/fr\/wp-json\/wp\/v2\/categories?post=587811"},{"taxonomy":"post_tag","embeddable":true,"href":"https:\/\/www.europesays.com\/fr\/wp-json\/wp\/v2\/tags?post=587811"}],"curies":[{"name":"wp","href":"https:\/\/api.w.org\/{rel}","templated":true}]}}