{"id":587813,"date":"2025-12-09T05:09:25","date_gmt":"2025-12-09T05:09:25","guid":{"rendered":"https:\/\/www.europesays.com\/fr\/587813\/"},"modified":"2025-12-09T05:09:25","modified_gmt":"2025-12-09T05:09:25","slug":"athletic-bilbao-paris-saint-germain-diffusion-tv-et-en-clair-streaming-et-compos-probables","status":"publish","type":"post","link":"https:\/\/www.europesays.com\/fr\/587813\/","title":{"rendered":"Athletic Bilbao &#8211; Paris Saint-Germain : Diffusion TV et en clair, streaming et compos probables"},"content":{"rendered":"<p>C&rsquo;est un d\u00e9placement p\u00e9rilleux qui attend le Paris Saint-Germain ce mercredi soir. Solides deuxi\u00e8mes de la phase de ligue, les champions d&rsquo;Europe se rendent dans la \u00ab\u00a0cath\u00e9drale\u00a0\u00bb de San Mam\u00e9s pour d\u00e9fier l&rsquo;Athletic Bilbao. Si le PSG semble intouchable offensivement<a href=\"https:\/\/www.goal.com\/fr\/listes\/le-parc-a-la-fete-paris-etrille-rennes-et-se-relance-5-0\/blt09ad0cb1fe5ba759\" target=\"_self\" rel=\"noopener\">\u00a0apr\u00e8s son carton contre Rennes (5-0),<\/a> le v\u00e9ritable d\u00e9fi se situe derri\u00e8re : Luis Enrique doit r\u00e9soudre un casse-t\u00eate d\u00e9fensif in\u00e9dit pour contenir la furia basque.<\/p>\n<p>Une d\u00e9fense parisienne d\u00e9cim\u00e9e et \u00e0 r\u00e9inventer<\/p>\n<p>C&rsquo;est le sujet qui inqui\u00e8te : qui jouera en d\u00e9fense ?<a href=\"https:\/\/www.goal.com\/fr\/listes\/le-couperet-est-tombe-lucas-hernandez-lourdement-sanctionne-par-l-uefa\/blt2ff551901dd18926\" target=\"_blank\" rel=\"noopener\">\u00a0Avec Lucas Hernandez suspendu<\/a>, Achraf Hakimi bless\u00e9 et Nuno Mendes incertain, les couloirs parisiens sont d\u00e9garnis. L&rsquo;entra\u00eeneur espagnol va devoir improviser, peut-\u00eatre en lan\u00e7ant des jeunes ou en repositionnant des cadres. Une fragilit\u00e9 potentielle aggrav\u00e9e <a href=\"https:\/\/www.goal.com\/fr\/news\/psg-ousmane-dembele-encore-forfait-contre-bilbao\/bltdb48e0cd087187a2\" target=\"_self\" rel=\"noopener\">par l&rsquo;absence probable d&rsquo;Ousmane Demb\u00e9l\u00e9, malade<\/a>, et l&rsquo;incertitude autour du gardien Lucas Chevalier. Heureusement, le retour de D\u00e9sir\u00e9 Dou\u00e9 offre une option offensive suppl\u00e9mentaire.<\/p>\n<p><img class=\"fco-image__image\" alt=\"FBL-FRA-LIGUE1-PSG-TRAINING\"   loading=\"lazy\" decoding=\"async\" fetchpriority=\"auto\" width=\"3390\" height=\"2343\" src=\"https:\/\/www.europesays.com\/fr\/wp-content\/uploads\/2025\/12\/GettyImages-2249255645.jpg\" style=\"aspect-ratio:3390 \/ 2343;width:100%;height:100%\"\/>Getty Images<\/p>\n<p>Bilbao, le couteau sous la gorge<\/p>\n<p>En face, l&rsquo;Athletic Bilbao n&rsquo;a plus le choix. 27\u00e8mes au classement, les Basques sont virtuellement \u00e9limin\u00e9s et doivent imp\u00e9rativement l&#8217;emporter pour esp\u00e9rer accrocher les barrages. Galvanis\u00e9s par leur r\u00e9cente victoire de prestige face \u00e0 l&rsquo;Atl\u00e9tico Madrid, les hommes d&rsquo;Ernesto Valverde compteront sur leur public bouillant pour bousculer le g\u00e9ant parisien. Mais eux aussi devront composer sans leur patron d\u00e9fensif, Aymeric Laporte, bless\u00e9.<\/p>\n<p>Un test de caract\u00e8re pour le champion<\/p>\n<p>Ce match est donc un test de caract\u00e8re pour Paris. Face \u00e0 une \u00e9quipe qui joue sa vie europ\u00e9enne et dans une ambiance hostile, le PSG devra montrer qu&rsquo;il sait toujours s&rsquo;adapter et souffrir. Une victoire rapprocherait consid\u00e9rablement les Parisiens d&rsquo;une qualification directe pour les huiti\u00e8mes, confirmant leur statut de favori malgr\u00e9 les vents contraires.<\/p>\n<p>Sur quelle chaine suivre le match Athletic Bilbao &#8211; Paris Saint-Germain\u00a0<\/p>\n<p>La rencontre entre l&rsquo;Athletic Bilbao et le PSG sera \u00e0 suivre ce mercredi 10 d\u00e9cembre 2025 \u00e0 partir de 21h sur Canal+. Il vous sera aussi possible de visionner le match en streaming sur la plateforme d\u00e9di\u00e9e du groupe, MyCanal.<\/p>\n<p>Comment regarder de n&rsquo;importe o\u00f9 avec un VPN<\/p>\n<p>Si vous \u00eates \u00e0 l&rsquo;\u00e9tranger, vous devrez peut-\u00eatre utiliser un r\u00e9seau priv\u00e9 virtuel (VPN) pour regarder les matchs avec votre service de streaming habituel. Un VPN, tel que <a href=\"https:\/\/go.nordvpn.net\/aff_c?offer_id=252&amp;aff_id=105807&amp;url_id=22451\" target=\"_blank\" rel=\"sponsored noopener\"><strong>NordVPN<\/strong><\/a>, vous permet d&rsquo;\u00e9tablir une connexion s\u00e9curis\u00e9e en ligne lors du streaming. Si vous ne savez pas quel VPN utiliser, consultez le guide de <strong>GOAL<\/strong> sur les <a href=\"https:\/\/www.goal.com\/en\/lists\/best-vpn-services\/bltac51bd1cc961a015\" target=\"_blank\" rel=\"noopener\">meilleurs VPN pour le streaming sportif<\/a>.<\/p>\n<p>Horaire et lieu du match Athletic Bilbao &#8211; Paris Saint-Germain<\/p>\n<p>La rencontre entre l&rsquo;Athletic Bilbao et le PSG se tiendra ce mercredi 10 d\u00e9cembre \u00e0 partir de 21h00, heure fran\u00e7aise, au Stade San Mames de Bilbao.<\/p>\n<p>Infos des \u00e9quipes et effectifsAthletic Bilbao vs Paris Saint-Germain \u00c9quipes probablesBlessures et joueurs suspendusInfos sur l&rsquo;\u00e9quipe de l&rsquo;Athletic Bilbao<\/p>\n<p>Bilbao doit composer avec une d\u00e9fense d\u00e9cim\u00e9e. Aitor Paredes est suspendu, tandis que Yeray \u00c1lvarez purge toujours sa longue sanction li\u00e9e \u00e0 un contr\u00f4le antidopage. L\u2019infirmerie reste bien remplie avec Robert Navarro, Be\u00f1at Prados, Unai Egiluz, Maroan Sannadi et I\u00f1aki Williams, tous indisponibles. Aymeric Laporte s\u2019ajoute \u00e0 la liste apr\u00e8s sa blessure contre l\u2019Atl\u00e9tico, un coup dur suppl\u00e9mentaire pour Ernesto Valverde. En attaque, Nico Williams sera bien pr\u00e9sent et demeure l\u2019arme la plus dangereuse des Basques avant la r\u00e9ception du PSG.<\/p>\n<p>Infos sur l&rsquo;\u00e9quipe du Paris Saint-Germain<\/p>\n<p>Le PSG se d\u00e9place \u00e0 Bilbao avec plusieurs incertitudes majeures. Lucas Hernandez est suspendu apr\u00e8s son expulsion contre Tottenham, tandis qu\u2019Achraf Hakimi demeure indisponible. Lucas Chevalier, toujours touch\u00e9 \u00e0 la cheville, risque de d\u00e9clarer forfait : Matvey Safonov devrait donc encha\u00eener une deuxi\u00e8me titularisation cons\u00e9cutive.<\/p>\n<p>Ousmane Demb\u00e9l\u00e9, victime d\u2019un syndrome grippal et absent de l\u2019entra\u00eenement lundi, demeure tr\u00e8s incertain pour ce d\u00e9placement europ\u00e9en. Nuno Mendes, Lucas Beraldo et Renato Bellucci Marin doivent encore \u00eatre \u00e9valu\u00e9s. En cas d\u2019absence de Demb\u00e9l\u00e9, Bradley Barcola pourrait d\u00e9buter en faux neuf, dans un secteur offensif o\u00f9 Luis Enrique dispose encore de plusieurs options. La seule bonne nouvelle concerne Desire Dou\u00e9, qui a pu s&rsquo;entrainement normalement et qui devrait faire le voyagen en terre basque.\u00a0<\/p>\n<p>La forme des deux \u00e9quipes<\/p>\n<dl class=\"statistics_statistics__mw2he component-statistics\">\n<dt class=\"statistics_statistic-term__q2TPr\">Buts marqu\u00e9s (encaiss\u00e9s)<\/dt>\n<dd class=\"statistics_statistic-value__t97Eh\">3\/7<\/dd>\n<dt class=\"statistics_statistic-term__q2TPr\">Match \u00e0 plus de 2,5 buts<\/dt>\n<dd class=\"statistics_statistic-value__t97Eh\">2\/5<\/dd>\n<dt class=\"statistics_statistic-term__q2TPr\">Les deux \u00e9quipes ont marqu\u00e9<\/dt>\n<dd class=\"statistics_statistic-value__t97Eh\">0\/5<\/dd>\n<\/dl>\n<dl class=\"statistics_statistics__mw2he component-statistics\">\n<dt class=\"statistics_statistic-term__q2TPr\">Buts marqu\u00e9s (encaiss\u00e9s)<\/dt>\n<dd class=\"statistics_statistic-value__t97Eh\">16\/6<\/dd>\n<dt class=\"statistics_statistic-term__q2TPr\">Match \u00e0 plus de 2,5 buts<\/dt>\n<dd class=\"statistics_statistic-value__t97Eh\">4\/5<\/dd>\n<dt class=\"statistics_statistic-term__q2TPr\">Les deux \u00e9quipes ont marqu\u00e9<\/dt>\n<dd class=\"statistics_statistic-value__t97Eh\">2\/5<\/dd>\n<\/dl>\n<p>Historique des confrontations<\/p>\n<dl class=\"statistics_statistics__mw2he component-statistics\">\n<dt class=\"statistics_statistic-term__q2TPr\">Match \u00e0 plus de 2,5 buts<\/dt>\n<dd class=\"statistics_statistic-value__t97Eh\">1\/2<\/dd>\n<dt class=\"statistics_statistic-term__q2TPr\">Les deux \u00e9quipes ont marqu\u00e9<\/dt>\n<dd class=\"statistics_statistic-value__t97Eh\">1\/2<\/dd>\n<\/dl>\n<p>Classement<\/p>\n","protected":false},"excerpt":{"rendered":"C&rsquo;est un d\u00e9placement p\u00e9rilleux qui attend le Paris Saint-Germain ce mercredi soir. Solides deuxi\u00e8mes de la phase de&hellip;\n","protected":false},"author":2,"featured_media":587814,"comment_status":"","ping_status":"","sticky":false,"template":"","format":"standard","meta":{"footnotes":""},"categories":[1888],"tags":[1111,1928,11,1927,69788,69790,448,1777,674,1011,27,447,12,1926,626,1925,91,25],"class_list":{"0":"post-587813","1":"post","2":"type-post","3":"status-publish","4":"format-standard","5":"has-post-thumbnail","7":"category-paris","8":"tag-actu","9":"tag-actu-paris","10":"tag-actualites","11":"tag-actualites-paris","12":"tag-athletic-bilbao","13":"tag-athletic-bilbao-vs-paris-saint-germain","14":"tag-champions-league","15":"tag-eu","16":"tag-europe","17":"tag-fr","18":"tag-france","19":"tag-ligue-des-champions","20":"tag-news","21":"tag-news-paris","22":"tag-paris","23":"tag-paris-news","24":"tag-paris-saint-germain","25":"tag-republique-francaise"},"share_on_mastodon":{"url":"https:\/\/pubeurope.com\/@fr\/115687887563606688","error":""},"_links":{"self":[{"href":"https:\/\/www.europesays.com\/fr\/wp-json\/wp\/v2\/posts\/587813","targetHints":{"allow":["GET"]}}],"collection":[{"href":"https:\/\/www.europesays.com\/fr\/wp-json\/wp\/v2\/posts"}],"about":[{"href":"https:\/\/www.europesays.com\/fr\/wp-json\/wp\/v2\/types\/post"}],"author":[{"embeddable":true,"href":"https:\/\/www.europesays.com\/fr\/wp-json\/wp\/v2\/users\/2"}],"replies":[{"embeddable":true,"href":"https:\/\/www.europesays.com\/fr\/wp-json\/wp\/v2\/comments?post=587813"}],"version-history":[{"count":0,"href":"https:\/\/www.europesays.com\/fr\/wp-json\/wp\/v2\/posts\/587813\/revisions"}],"wp:featuredmedia":[{"embeddable":true,"href":"https:\/\/www.europesays.com\/fr\/wp-json\/wp\/v2\/media\/587814"}],"wp:attachment":[{"href":"https:\/\/www.europesays.com\/fr\/wp-json\/wp\/v2\/media?parent=587813"}],"wp:term":[{"taxonomy":"category","embeddable":true,"href":"https:\/\/www.europesays.com\/fr\/wp-json\/wp\/v2\/categories?post=587813"},{"taxonomy":"post_tag","embeddable":true,"href":"https:\/\/www.europesays.com\/fr\/wp-json\/wp\/v2\/tags?post=587813"}],"curies":[{"name":"wp","href":"https:\/\/api.w.org\/{rel}","templated":true}]}}