{"id":587817,"date":"2025-12-09T05:12:24","date_gmt":"2025-12-09T05:12:24","guid":{"rendered":"https:\/\/www.europesays.com\/fr\/587817\/"},"modified":"2025-12-09T05:12:24","modified_gmt":"2025-12-09T05:12:24","slug":"ligne-sncf-clermont-paris-jean-castex-viendra-a-clermont-le-17-decembre","status":"publish","type":"post","link":"https:\/\/www.europesays.com\/fr\/587817\/","title":{"rendered":"Ligne SNCF Clermont &#8211; Paris: Jean Castex viendra \u00e0 Clermont le 17 d\u00e9cembre"},"content":{"rendered":"<p>Jean Castex l&rsquo;avait promis avant sa nomination \u00e0 la t\u00eate de la SNCF, Clermont-Ferrand serait l&rsquo;un de ses premiers d\u00e9placements. Parole tenue, il sera en Auvergne avant les f\u00eates. <\/p>\n<p>Jean Castex l&rsquo;avait dit le 22 octobre dernier, alors qu&rsquo;il \u00e9tait auditionn\u00e9e par la commission du d\u00e9veloppement durable de l&rsquo;Assembl\u00e9e Nationale, venir \u00e0 Clermont \u00ab\u00a0c&rsquo;est un classique\u00a0\u00bb pour un pr\u00e9sident de la SNCF. Il avait annonc\u00e9 que Clermont serait l&rsquo;un de ses premiers d\u00e9placements, promesse tenue. Un mois et demi apr\u00e8s sa nomination \u00e0 la t\u00eate de la compagnie ferroviaire, il viendra en Auvergne, trois jours apr\u00e8s la date initialement pr\u00e9vue pour la mise en service compl\u00e8te des rames Oxyg\u00e8ne.<\/p>\n<p>C&rsquo;\u00e9tait avant les d\u00e9boires enregistr\u00e9s lors des essais de ces rames et le retard de livraison de deux ans. C&rsquo;est le premier point sur lequel Jean Castex sera attendu, annoncer que le constructeur CAF tient les d\u00e9lais, qu&rsquo;il n&rsquo;y aura pas de nouveau retard et que toutes les rames auront bien remplac\u00e9 les Corail dans deux ans, le 12 d\u00e9cembre 2027.<\/p>\n<p>Jean Castex avait bien pr\u00e9venu les d\u00e9put\u00e9s le 22 octobre dernier qu&rsquo;il n&rsquo;\u00e9tait pas question de donner de faux espoirs; impossible de livrer les rames plus vite ou de terminer les travaux sur les voies plus t\u00f4t. Mais il avait aussi promis de revoir le dossier en d\u00e9tail pour v\u00e9rifier s&rsquo;il n&rsquo;\u00e9tait pas possible de \u00ab\u00a0faire un peu mieux\u00a0\u00bb en attendant les gains de temps et de robustesse pr\u00e9vus pour la fin 2027. Le patron de la SNCF viendra donc dire s&rsquo;il a trouv\u00e9 des pistes d&rsquo;am\u00e9lioration d&rsquo;ici l\u00e0. Les usagers aimeraient bien une annonce sur un gel des tarifs mais cela d\u00e9pend de l&rsquo;Etat, qui n&rsquo;a pas fait de geste pour 2025.<\/p>\n<p>En venant \u00e0 Clermont, l&rsquo;ancien premier ministre sait qu&rsquo;il devra \u00eatre diplomate. Il faut demander aux auvergnats d&rsquo;\u00eatre encore patients et de subir des possibles retards; un Paris &#8211; Clermont est encore arriv\u00e9 avec 3H40 ce dimanche, bloqu\u00e9 par un TER en panne devant lui. Il devra aussi convaincre que la r\u00e9gion n&rsquo;est pas oubli\u00e9e par la SNCF apr\u00e8s l&rsquo;\u00e9pisode du\u00a0<a class=\"IciLink ici-link IciArticleLink g-ici-body-regular-1 underline brand svelte-1chfe2s\" href=\"https:\/\/www.francebleu.fr\/infos\/transports\/la-sncf-annonce-l-ouverture-d-une-liaison-tgv-lyon-bordeaux-sans-passer-par-le-massif-central-d-ici-mi-2027-2363853\" target=\"_blank\" rel=\"noopener\">TGV Bordeaux &#8211; Lyon qui ignore le Massif Central<\/a>.\u00a0Ici Pays d&rsquo;Auvergne ose une suggestion \u00e0 Jean Castex: annoncer le retour\u00a0d&rsquo;un Bordeaux &#8211; Lyon qui dessert l&rsquo;Auvergne et le Limousin, abandonn\u00e9 en catimini il y a une dizaine d&rsquo;ann\u00e9es, ce serait un bon signal pour les voyageurs.<\/p>\n","protected":false},"excerpt":{"rendered":"Jean Castex l&rsquo;avait promis avant sa nomination \u00e0 la t\u00eate de la SNCF, Clermont-Ferrand serait l&rsquo;un de ses&hellip;\n","protected":false},"author":2,"featured_media":587818,"comment_status":"","ping_status":"","sticky":false,"template":"","format":"standard","meta":{"footnotes":""},"categories":[1888],"tags":[11,1777,674,1011,27,12,626,25],"class_list":{"0":"post-587817","1":"post","2":"type-post","3":"status-publish","4":"format-standard","5":"has-post-thumbnail","7":"category-paris","8":"tag-actualites","9":"tag-eu","10":"tag-europe","11":"tag-fr","12":"tag-france","13":"tag-news","14":"tag-paris","15":"tag-republique-francaise"},"share_on_mastodon":{"url":"https:\/\/pubeurope.com\/@fr\/115687898831928191","error":""},"_links":{"self":[{"href":"https:\/\/www.europesays.com\/fr\/wp-json\/wp\/v2\/posts\/587817","targetHints":{"allow":["GET"]}}],"collection":[{"href":"https:\/\/www.europesays.com\/fr\/wp-json\/wp\/v2\/posts"}],"about":[{"href":"https:\/\/www.europesays.com\/fr\/wp-json\/wp\/v2\/types\/post"}],"author":[{"embeddable":true,"href":"https:\/\/www.europesays.com\/fr\/wp-json\/wp\/v2\/users\/2"}],"replies":[{"embeddable":true,"href":"https:\/\/www.europesays.com\/fr\/wp-json\/wp\/v2\/comments?post=587817"}],"version-history":[{"count":0,"href":"https:\/\/www.europesays.com\/fr\/wp-json\/wp\/v2\/posts\/587817\/revisions"}],"wp:featuredmedia":[{"embeddable":true,"href":"https:\/\/www.europesays.com\/fr\/wp-json\/wp\/v2\/media\/587818"}],"wp:attachment":[{"href":"https:\/\/www.europesays.com\/fr\/wp-json\/wp\/v2\/media?parent=587817"}],"wp:term":[{"taxonomy":"category","embeddable":true,"href":"https:\/\/www.europesays.com\/fr\/wp-json\/wp\/v2\/categories?post=587817"},{"taxonomy":"post_tag","embeddable":true,"href":"https:\/\/www.europesays.com\/fr\/wp-json\/wp\/v2\/tags?post=587817"}],"curies":[{"name":"wp","href":"https:\/\/api.w.org\/{rel}","templated":true}]}}