{"id":587819,"date":"2025-12-09T05:13:21","date_gmt":"2025-12-09T05:13:21","guid":{"rendered":"https:\/\/www.europesays.com\/fr\/587819\/"},"modified":"2025-12-09T05:13:21","modified_gmt":"2025-12-09T05:13:21","slug":"guerre-en-ukraine-un-coup-decisif-porte-a-la-russie-kiev-detruit-un-systeme-de-defense-aerienne-buk-m3-a-100-millions-de-dollars","status":"publish","type":"post","link":"https:\/\/www.europesays.com\/fr\/587819\/","title":{"rendered":"Guerre en Ukraine\u00a0: \u00ab\u00a0un coup d\u00e9cisif port\u00e9 \u00e0 la Russie\u00a0\u00bb, Kiev d\u00e9truit un syst\u00e8me de d\u00e9fense a\u00e9rienne Buk-M3 \u00e0 100\u00a0millions de dollars"},"content":{"rendered":"<p class=\"paragraph text_align_left lp-f-body-02\">C\u2019est l\u2019un des armes d\u00e9fensives les plus pr\u00e9cieuses de l\u2019arm\u00e9e russe. Kiev a annonc\u00e9 avoir d\u00e9truit, ce samedi, <a href=\"https:\/\/www.leparisien.fr\/international\/ukraine\/guerre-en-ukraine-une-strategie-visant-a-affaiblir-des-drones-ukrainiens-detruisent-un-char-russe-camoufle-dans-un-abri-fortifie-08-12-2025-45ZD3TLTRRBK3MR54TR3JZ5FBU.php\" target=\"_self\" rel=\"noopener\">un syst\u00e8me de d\u00e9fense a\u00e9rienne russe<\/a> Buk-M3 dans la r\u00e9gion de <a href=\"https:\/\/www.leparisien.fr\/international\/on-se-sent-mal-a-laise-de-prendre-du-bon-temps-a-zaporijjia-en-ukraine-plage-avec-vue-sur-la-guerre-25-06-2023-JXEKK2WDNFDAJGD2EGVIQDOUPM.php\" target=\"_self\" rel=\"noopener\">Zaporijia<\/a>, selon un communiqu\u00e9 de la Direction principale du renseignement ukrainien (HUR) publi\u00e9 sur <a href=\"https:\/\/www.leparisien.fr\/high-tech\/guerre-en-ukraine-comment-lapplication-telegram-est-devenue-incontournable-20-03-2022-S4JRNMDTKRGHTGOOS7XB2W7LMY.php\" target=\"_self\" rel=\"noopener\">Telegram<\/a>.<\/p>\n<p class=\"paragraph text_align_left lp-f-body-02\">\u00ab Les ma\u00eetres de l\u2019unit\u00e9 sp\u00e9ciale Primas du GUR du minist\u00e8re de la D\u00e9fense ukrainien ont traqu\u00e9 et port\u00e9 un coup d\u00e9cisif au <a href=\"https:\/\/www.leparisien.fr\/international\/ukraine\/guerre-en-ukraine-un-avion-de-combat-a-30-millions-de-dollars-ou-un-leurre-russe-et-si-kiev-navait-pas-detruit-un-chasseur-mig-29-06-12-2025-UN6A3ZMM3VFAREKBWR7S3ZDEYE.php\" target=\"_self\" rel=\"noopener\">complexe antimissile ennemi<\/a> Buk-M3 \u00bb, explique le HUR diffusant les images exclusives de l\u2019attaque.<\/p>\n<p>\u00ab Nous poursuivons la d\u00e9militarisation de la Russie \u00bb<\/p>\n<p class=\"paragraph text_align_left lp-f-body-02\">Sur la vid\u00e9o, on voit un drone s\u2019approcher par l\u2019arri\u00e8re d\u2019un <a href=\"https:\/\/www.leparisien.fr\/international\/ukraine\/guerre-en-ukraine-kiev-detruit-un-buk-m3-un-systeme-de-missiles-antiaeriens-russe-evalue-a-40-millions-de-dollars-17-09-2025-IB7KHL43FNH6XP2JFVBTHCSU5Q.php\" target=\"_self\" rel=\"noopener\">Buk-M3<\/a>, install\u00e9 sur un camion militaire. Le syst\u00e8me de d\u00e9fense a\u00e9rienne avait \u00e9t\u00e9 localis\u00e9 auparavant pr\u00e8s du village de Sviatotroitske, en territoire ukrainien temporairement occup\u00e9.<\/p>\n<p class=\"paragraph text_align_left lp-f-body-02\">Ce n\u2019est pas la premi\u00e8re fois que l\u2019unit\u00e9 sp\u00e9ciale Primas de l\u2019arm\u00e9e ukrainienne fait parler d\u2019elle. Comme le rapporte le HUR, la brigade de drones des op\u00e9rations sp\u00e9ciales a d\u00e9truit<a href=\"https:\/\/www.leparisien.fr\/international\/ukraine\/guerre-en-ukraine-une-bombe-ou-un-missile-largue-par-erreur-une-importante-explosion-dans-une-ville-russe-causee-par-un-tir-ami-08-12-2025-ZO5ZYOTZMBE4FM6HDPVZAHSWFM.php\" target=\"_self\" rel=\"noopener\"> huit cibles russes en Crim\u00e9e<\/a> au cours des deux derni\u00e8res semaines.<\/p>\n<p class=\"paragraph text_align_left lp-f-body-02\">\u00ab Nous poursuivons la d\u00e9militarisation syst\u00e9matique de la p\u00e9ninsule temporairement occup\u00e9e \u00bb, se f\u00e9licite la Direction principale du renseignement ukrainien, citant parmi les r\u00e9ussites de ces derniers temps <a href=\"https:\/\/www.leparisien.fr\/international\/ukraine\/guerre-en-ukraine-deux-avions-bombardiers-su-24-a-7-millions-deuros-touches-mission-reussie-pour-kiev-sur-la-base-russe-de-baltimore-28-08-2025-LKHGNHI2URF2LPHLZDGJJFPLNQ.php\" target=\"_self\" rel=\"noopener\">la destruction d\u2019un bombardier Su-24<\/a>, ou encore d\u2019un v\u00e9hicule a\u00e9rien sans pilote Orion.<\/p>\n<p class=\"title-embed-dailymotion lp-color-text lp-f-subtitle-04\">Vid\u00e9oLa Russie en guerre contre l&rsquo;Europe : la menace \u00ab strat\u00e9gique \u00bb de Poutine<\/p>\n<p class=\"paragraph text_align_left lp-f-body-02\">Le Buk-M3 est peut-\u00eatre la plus grande d\u2019entre elles. \u00c9valu\u00e9 \u00e0 100 millions de dollars par le site sp\u00e9cialis\u00e9 United24. Ce syst\u00e8me de d\u00e9fense a\u00e9rienne \u00e0 moyenne port\u00e9e est l\u2019une des armes d\u00e9fensives les plus avanc\u00e9es de Moscou pour intercepter les avions, <a href=\"https:\/\/www.leparisien.fr\/international\/ukraine\/guerre-en-ukraine-interdit-a-cause-de-sa-puissance-nucleaire-cest-quoi-le-missile-novator-lance-23-fois-par-la-russie-22-11-2025-PITATJXKAVFXHIXTL2GI6B37LU.php\" target=\"_self\" rel=\"noopener\">les missiles de croisi\u00e8re<\/a> et les drones. Capable de suivre simultan\u00e9ment jusqu\u2019\u00e0 36 cibles diff\u00e9rentes dans un rayon d\u2019interception de pr\u00e8s de 70 km, le Buk-M3 est la derni\u00e8re version du syst\u00e8me Buk d\u00e9velopp\u00e9 \u00e0 partir des ann\u00e9es 1970 par l\u2019Union sovi\u00e9tique.<\/p>\n<p class=\"paragraph text_align_left lp-f-body-02\">Pr\u00e9sentes sur le front, les diff\u00e9rentes versions du Buk sont devenues une cible de choix pour l\u2019<a href=\"https:\/\/www.leparisien.fr\/international\/ukraine\/\" target=\"_self\" rel=\"noopener\">Ukraine<\/a>. Fin novembre, Kiev avait d\u00e9j\u00e0 assur\u00e9 avoir <a href=\"https:\/\/www.leparisien.fr\/international\/ukraine\/guerre-en-ukraine-kiev-dit-avoir-detruit-pour-60-millions-de-dollars-de-systemes-de-defense-aerienne-russes-en-trois-jours-30-11-2025-KIXYFV7FOVDVXCINX3MC6HMH7I.php\" target=\"_self\" rel=\"noopener\">d\u00e9truit l\u2019\u00e9quivalent de 60 millions de dollars de d\u00e9fense a\u00e9rienne<\/a>. Les forces ukrainiennes de syst\u00e8mes sans pilote avaient neutralis\u00e9 un syst\u00e8me Buk-M1, sa version modernis\u00e9e Buk-M2 et un autre syst\u00e8me Tor-M2.<\/p>\n","protected":false},"excerpt":{"rendered":"C\u2019est l\u2019un des armes d\u00e9fensives les plus pr\u00e9cieuses de l\u2019arm\u00e9e russe. Kiev a annonc\u00e9 avoir d\u00e9truit, ce samedi,&hellip;\n","protected":false},"author":2,"featured_media":399017,"comment_status":"","ping_status":"","sticky":false,"template":"","format":"standard","meta":{"footnotes":""},"categories":[1591],"tags":[11,1887,14,12,1885,1886,132,220],"class_list":{"0":"post-587819","1":"post","2":"type-post","3":"status-publish","4":"format-standard","5":"has-post-thumbnail","7":"category-russie","8":"tag-actualites","9":"tag-federation-de-russie","10":"tag-international","11":"tag-news","12":"tag-russia","13":"tag-russian-federation","14":"tag-russie","15":"tag-ukraine"},"share_on_mastodon":{"url":"https:\/\/pubeurope.com\/@fr\/115687902870893436","error":""},"_links":{"self":[{"href":"https:\/\/www.europesays.com\/fr\/wp-json\/wp\/v2\/posts\/587819","targetHints":{"allow":["GET"]}}],"collection":[{"href":"https:\/\/www.europesays.com\/fr\/wp-json\/wp\/v2\/posts"}],"about":[{"href":"https:\/\/www.europesays.com\/fr\/wp-json\/wp\/v2\/types\/post"}],"author":[{"embeddable":true,"href":"https:\/\/www.europesays.com\/fr\/wp-json\/wp\/v2\/users\/2"}],"replies":[{"embeddable":true,"href":"https:\/\/www.europesays.com\/fr\/wp-json\/wp\/v2\/comments?post=587819"}],"version-history":[{"count":0,"href":"https:\/\/www.europesays.com\/fr\/wp-json\/wp\/v2\/posts\/587819\/revisions"}],"wp:featuredmedia":[{"embeddable":true,"href":"https:\/\/www.europesays.com\/fr\/wp-json\/wp\/v2\/media\/399017"}],"wp:attachment":[{"href":"https:\/\/www.europesays.com\/fr\/wp-json\/wp\/v2\/media?parent=587819"}],"wp:term":[{"taxonomy":"category","embeddable":true,"href":"https:\/\/www.europesays.com\/fr\/wp-json\/wp\/v2\/categories?post=587819"},{"taxonomy":"post_tag","embeddable":true,"href":"https:\/\/www.europesays.com\/fr\/wp-json\/wp\/v2\/tags?post=587819"}],"curies":[{"name":"wp","href":"https:\/\/api.w.org\/{rel}","templated":true}]}}