{"id":58782,"date":"2025-04-28T08:18:07","date_gmt":"2025-04-28T08:18:07","guid":{"rendered":"https:\/\/www.europesays.com\/fr\/58782\/"},"modified":"2025-04-28T08:18:07","modified_gmt":"2025-04-28T08:18:07","slug":"marseille-le-trafic-des-trains-arrete-durgence-a-la-gare-saint-charles-ce-quil-se-passe-2","status":"publish","type":"post","link":"https:\/\/www.europesays.com\/fr\/58782\/","title":{"rendered":"Marseille. Le trafic des trains arr\u00eat\u00e9 d&rsquo;urgence \u00e0 la gare Saint-Charles, ce qu&rsquo;il se passe"},"content":{"rendered":"<p>            Par<br \/>\n        <strong><br \/>\n            <a href=\"https:\/\/actu.fr\/auteur\/fabien-binacchi\" title=\"Consulter tous les articles de Fabien Binacchi\" target=\"_blank\" rel=\"noopener\">Fabien Binacchi<\/a><br \/>\n        <\/strong><\/p>\n<p>        Publi\u00e9 le<\/p>\n<p>            28 avr. 2025 \u00e0 10h00        <\/p>\n<p>Depuis 9h30, ce lundi 28\u00a0avril 2025, \u00e0 la gare de <a href=\"https:\/\/actu.fr\/marseille\/\" target=\"_blank\" rel=\"noopener\">Marseille<\/a> <a href=\"https:\/\/actu.fr\/tag\/gare-saint-charles\" target=\"_blank\" rel=\"noopener\">Saint-Charles<\/a>, une op\u00e9ration de d\u00e9minage est en cours apr\u00e8s <strong>la d\u00e9couverte d\u2019un bagage abandonn\u00e9<\/strong> dans le b\u00e2timent.<\/p>\n<p class=\" wall-content\">Le site a \u00e9t\u00e9 <strong>\u00e9vacu\u00e9.<\/strong><\/p>\n<p class=\" wall-content\">Le trafic est totalement \u00e0 l\u2019arr\u00eat.<\/p>\n<p>L\u2019alerte signal\u00e9e \u00e0 9\u2009h\u200929<\/p>\n<p class=\" wall-content\">Un \u00ab\u2009bagage abandonn\u00e9 en gare de Marseille Saint Charles\u2009\u00bb a \u00e9t\u00e9 signal\u00e9 \u00e0 9\u2009h\u200929, rapporte la SNCF, sur son compte X en r\u00e9gion Paca.<\/p>\n<p class=\" wall-content\">\n<p class=\" wall-content\">La gare a \u00e9t\u00e9 vid\u00e9e et la circulation des trains a \u00e9t\u00e9 imm\u00e9diatement stopp\u00e9e pour permettre <strong>l\u2019intervention des services de secours et de d\u00e9minage.<\/strong><\/p>\n<p>Vid\u00e9os : en ce moment sur ActuJusqu\u2019\u00e0 deux heures d\u2019interruption de trafic<\/p>\n<p class=\" wall-content\">Sur le r\u00e9seau social, la SNCF pr\u00e9vient en effet que \u00ab\u2009la circulation est interrompue au d\u00e9part et \u00e0 l\u2019arriv\u00e9e de cette gare\u2009\u00bb.<\/p>\n<p class=\" wall-content\">Elle annonce une \u00ab\u2009heure de reprise estim\u00e9e\u2009\u00bb de la circulation \u00e0 11h30.<\/p>\n<p class=\" wall-content\">Des <strong>retards importants<\/strong> et des <strong>suppressions<\/strong> sont donc \u00e0 pr\u00e9voir.<\/p>\n<p class=\" wall-content\">Plus d\u2019informations \u00e0 venir\u2026<\/p>\n<p class=\" wall-content\">Suivez toute l\u2019actualit\u00e9 de vos villes et m\u00e9dias favoris en vous inscrivant \u00e0 <a href=\"https:\/\/moncompte.actu.fr\" title=\"D\u00e9couvez Mon Actu\" rel=\"nofollow noopener\" data-trk=\"{&quot;cta&quot;:{&quot;action&quot;:&quot;https:\\\/\\\/moncompte.actu.fr&quot;,&quot;category&quot;:&quot;mon compte&quot;,&quot;from&quot;:&quot;article footer&quot;,&quot;name&quot;:&quot;Mon actu&quot;,&quot;type&quot;:&quot;cta&quot;}}\" target=\"_blank\">Mon Actu<\/a>.<\/p>\n","protected":false},"excerpt":{"rendered":"Par Fabien Binacchi Publi\u00e9 le 28 avr. 2025 \u00e0 10h00 Depuis 9h30, ce lundi 28\u00a0avril 2025, \u00e0 la&hellip;\n","protected":false},"author":2,"featured_media":58783,"comment_status":"","ping_status":"","sticky":false,"template":"","format":"standard","meta":{"footnotes":""},"categories":[2814],"tags":[1111,11,1777,674,118,1011,27,6305,884,12,882,25,2215,2803],"class_list":{"0":"post-58782","1":"post","2":"type-post","3":"status-publish","4":"format-standard","5":"has-post-thumbnail","7":"category-marseille","8":"tag-actu","9":"tag-actualites","10":"tag-eu","11":"tag-europe","12":"tag-faits-divers","13":"tag-fr","14":"tag-france","15":"tag-gare-saint-charles","16":"tag-marseille","17":"tag-news","18":"tag-provence-alpes-cote-dazur","19":"tag-republique-francaise","20":"tag-sncf","21":"tag-transport"},"share_on_mastodon":{"url":"https:\/\/pubeurope.com\/@fr\/114414610320859159","error":""},"_links":{"self":[{"href":"https:\/\/www.europesays.com\/fr\/wp-json\/wp\/v2\/posts\/58782","targetHints":{"allow":["GET"]}}],"collection":[{"href":"https:\/\/www.europesays.com\/fr\/wp-json\/wp\/v2\/posts"}],"about":[{"href":"https:\/\/www.europesays.com\/fr\/wp-json\/wp\/v2\/types\/post"}],"author":[{"embeddable":true,"href":"https:\/\/www.europesays.com\/fr\/wp-json\/wp\/v2\/users\/2"}],"replies":[{"embeddable":true,"href":"https:\/\/www.europesays.com\/fr\/wp-json\/wp\/v2\/comments?post=58782"}],"version-history":[{"count":0,"href":"https:\/\/www.europesays.com\/fr\/wp-json\/wp\/v2\/posts\/58782\/revisions"}],"wp:featuredmedia":[{"embeddable":true,"href":"https:\/\/www.europesays.com\/fr\/wp-json\/wp\/v2\/media\/58783"}],"wp:attachment":[{"href":"https:\/\/www.europesays.com\/fr\/wp-json\/wp\/v2\/media?parent=58782"}],"wp:term":[{"taxonomy":"category","embeddable":true,"href":"https:\/\/www.europesays.com\/fr\/wp-json\/wp\/v2\/categories?post=58782"},{"taxonomy":"post_tag","embeddable":true,"href":"https:\/\/www.europesays.com\/fr\/wp-json\/wp\/v2\/tags?post=58782"}],"curies":[{"name":"wp","href":"https:\/\/api.w.org\/{rel}","templated":true}]}}