{"id":587820,"date":"2025-12-09T05:14:15","date_gmt":"2025-12-09T05:14:15","guid":{"rendered":"https:\/\/www.europesays.com\/fr\/587820\/"},"modified":"2025-12-09T05:14:15","modified_gmt":"2025-12-09T05:14:15","slug":"refugiees-en-lituanie-maria-et-sa-famille-ont-vu-leur-optimisme-suser-au-fil-des-mois","status":"publish","type":"post","link":"https:\/\/www.europesays.com\/fr\/587820\/","title":{"rendered":"R\u00e9fugi\u00e9es en Lituanie, Maria et sa famille ont vu leur \u00ab\u00a0optimisme s\u2019user au fil des mois\u00a0\u00bb"},"content":{"rendered":"<p>De notre envoy\u00e9e sp\u00e9ciale \u00e0 Vilnius (Lituanie),<\/p>\n<p>Mariia Mazhuha se racle doucement la gorge et laisse ses yeux verts errer au loin, comme pour mieux plonger dans ses souvenirs. Cette ancienne professeure d\u2019anglais de 44 ans a d\u00e9j\u00e0 \u00e9t\u00e9 la voix de ces r\u00e9fugi\u00e9es ukrainiennes qui avaient \u00ab\u00a0surv\u00e9cu\u00a0\u00bb et voulaient raconter \u00ab\u00a0les atrocit\u00e9s\u00a0\u00bb de la guerre, explique-t-elle pudiquement. Mais c\u2019est la premi\u00e8re fois que la m\u00e8re de trois enfants raconte son histoire et celle de sa famille,<a href=\"https:\/\/www.20minutes.fr\/monde\/ukraine\/4189763-20251207-guerre-ukraine-cookies-rechauffer-soldats-lituanie-saint-nicolas-tourne-vers-front\" class=\"c-link c-link--is-underlined\" target=\"_blank\" rel=\"noopener\"> dans l\u2019enceinte feutr\u00e9e du Centre ukrainien de Vilnius<\/a>, en <a href=\"https:\/\/www.20minutes.fr\/dossier\/lituanie\" class=\"c-link c-link--is-underlined\" target=\"_blank\" rel=\"noopener\">Lituanie<\/a>. Assise sur un si\u00e8ge d\u2019amphith\u00e9\u00e2tre, face \u00e0 un piano silencieux, elle parle en caressant le dos de sa cadette, Nina, \u00e2g\u00e9e de 9 ans. Et d\u00e9roule le r\u00e9cit de sa fuite d\u2019<a href=\"https:\/\/www.20minutes.fr\/monde\/ukraine\/\" class=\"c-link c-link--is-underlined\" target=\"_blank\" rel=\"noopener\">Ukraine<\/a>, ce pays qu\u2019elle continue \u00e0 consid\u00e9rer comme son foyer, brutalement arrach\u00e9 par l\u2019invasion russe.<\/p>\n<p>Mariia, son mari et ses enfants alors \u00e2g\u00e9s de 13, 7 et 5 ans habitaient \u00e0 Sofiivska Borshchahivka, en banlieue de <a href=\"https:\/\/www.20minutes.fr\/dossier\/kiev\" class=\"c-link c-link--is-underlined\" target=\"_blank\" rel=\"noopener\">Kiev<\/a>, lorsque la guerre a \u00e9clat\u00e9. \u00ab\u00a0Nous avons f\u00eat\u00e9 l\u2019anniversaire de notre a\u00een\u00e9, Anatolii, et deux jours apr\u00e8s, les <a href=\"https:\/\/www.20minutes.fr\/monde\/russie\/\" class=\"c-link c-link--is-underlined\" target=\"_blank\" rel=\"noopener\">Russes <\/a>\u00e9taient l\u00e0, se souvient-elle en secouant son carr\u00e9 auburn. Nous avons vu le feu et entendu les fusillades et les explosions, c\u2019\u00e9tait terrifiant. Nous nous sommes rapidement r\u00e9fugi\u00e9s au sous-sol lors des salves de bombardements. Nous dormions tout habill\u00e9s pour descendre le plus vite possible. Mais le sous-sol \u00e9tait comme nous\u00a0: il n\u2019\u00e9tait pas pr\u00e9par\u00e9 pour la guerre.\u00a0\u00bb<\/p>\n<\/p>\n<p>Les habitants de l\u2019immeuble d\u00e9poussi\u00e8rent et installent des tapis \u00e0 la cave. \u00ab\u00a0C\u2019\u00e9tait si exigu que seuls les enfants pouvaient s\u2019allonger\u00a0\u00bb, se rappelle Mariia en enroulant une m\u00e8che blonde derri\u00e8re l\u2019oreille de sa fille qui l\u2019\u00e9coute attentivement. Et d\u2019ajouter d\u2019une voix \u00e9mue\u00a0: \u00ab\u00a0Mais nous avons essay\u00e9 de rendre l\u2019exp\u00e9rience la plus\u2026 amusante possible pour les enfants. Tu te souviens Nina\u00a0?\u00a0\u00bb Avec un sourire d\u00e9sarmant, la petite fille s\u2019exclame\u00a0: \u00ab\u00a0On avait des pop-corn\u00a0!\u00a0\u00bb L\u2019exp\u00e9rience se r\u00e9v\u00e8le bien plus traumatisante pour l\u2019a\u00een\u00e9 de la fratrie, Anatolii. Atteint d\u2019autisme, l\u2019adolescent souffre de la promiscuit\u00e9, du bruit et du bouleversement de ses habitudes.<\/p>\n<p>La fuite apr\u00e8s la sid\u00e9ration<\/p>\n<p>Apr\u00e8s quelques jours de confusion, la famille d\u00e9cide de quitter Kiev pour un village situ\u00e9 pr\u00e8s de Tchernivtsi, \u00e0 l\u2019ouest de l\u2019Ukraine, \u00e0 proximit\u00e9 des fronti\u00e8res roumaine et moldave. Ils sont accueillis avec une autre famille en fuite. Interrog\u00e9e sur le manque de place, la voix de Mariia se brise\u00a0: \u00ab\u00a0Nous \u00e9tions en s\u00e9curit\u00e9.\u00a0\u00bb Puis, serrant sa fille contre elle\u00a0: \u00ab\u00a0Mes enfants \u00e9taient en s\u00e9curit\u00e9.\u00a0\u00bb D\u00e8s les premiers jours de la guerre, un ami lituanien les supplie pourtant de quitter le pays et de se r\u00e9fugier chez lui, \u00e0 quelques dizaines de kilom\u00e8tres de Vilnius.<\/p>\n<p>\u00ab\u00a0Mais nous pensions que la guerre ne durerait pas. Nous n\u2019arrivions pas \u00e0 y croire. Quand l\u2019argent est venu \u00e0 manquer apr\u00e8s deux semaines \u00e0 Tchernivtsi, on a compris que \u00e7a ne s\u2019arr\u00eatait pas, on a d\u00e9cid\u00e9 de l\u2019\u00e9couter m\u00eame si on avait peur\u00a0\u00bb, se rem\u00e9more-t-elle. Son mari Leonid b\u00e9n\u00e9ficie de la d\u00e9rogation propre aux p\u00e8res de trois enfants, ce <a href=\"https:\/\/www.radiofrance.fr\/franceinter\/guerre-en-ukraine-ces-jeunes-hommes-qui-ne-veulent-pas-combattre-2184721\" target=\"_blank\" class=\"c-link c-link--is-underlined\" rel=\"noopener\">qui lui permet de quitter le pays malgr\u00e9 la mobilisation<\/a>. \u00ab\u00a0On a fait 24 heures de voiture pour rejoindre la Lituanie. Mon mari ne voulait pas s\u2019arr\u00eater une seule seconde, il \u00e9tait tellement inquiet\u00a0\u00bb, se souvient-elle en caressant son alliance. A l\u2019arri\u00e8re, Anatolii s\u2019agite, incapable de fermer l\u2019\u0153il dans ce contexte anxiog\u00e8ne. Mais apr\u00e8s ce p\u00e9riple, la famille arrive enfin en Lituanie.<\/p>\n<p><img decoding=\"async\" alt=\"La famille Mazhuha, r\u00e9fugi\u00e9e d'Ukraine, au complet avec de gauche \u00e0 droite : Nina, Anatolii, Mariia, Leonid et, devant, Matvii. \" class=\"c-img\" loading=\"lazy\" fetchpriority=\"auto\" width=\"718\"  src=\"https:\/\/img.20mn.fr\/HCIikEPpTzCNG9705kfK3Ck\/718x0-4.035186068216948x42.277026269584894-95.96481393178306\" \/>La famille Mazhuha, r\u00e9fugi\u00e9e d&rsquo;Ukraine, au complet avec de gauche \u00e0 droite : Nina, Anatolii, Mariia, Leonid et, devant, Matvii. \u2002-\u00a0DRNina poursuit son lobbying pour avoir un chien<\/p>\n<p>Les Mazhuha posent leurs maigres valises dans l\u2019immense ferme d\u2019Eugenius, situ\u00e9e \u00e0 une cinquantaine de kilom\u00e8tres de Vilnius. Ici, le bruit des missiles et des sir\u00e8nes d\u2019alerte est remplac\u00e9 par le chant des oiseaux et le bruissement des feuilles. \u00ab\u00a0Nous y sommes rest\u00e9s trois mois, c\u2019\u00e9tait une v\u00e9ritable th\u00e9rapie\u00a0\u00bb, souffle Mariia qui se souvient des vaches, chevaux et moutons qui peuplaient cette ferme. \u00ab\u00a0Moi, je pr\u00e9f\u00e8re les chiens\u00a0\u00bb, intervient Nina d\u2019un air mutin. \u00ab\u00a0Non, Nina, on n\u2019a pas les moyens d\u2019avoir un chien\u00a0\u00bb, rit sa m\u00e8re. Apr\u00e8s quelques allers-retours vantant les m\u00e9rites des chiens, mais aussi la beaut\u00e9 des perroquets de sa maternelle en Ukraine ou la mignonnerie des cochons d\u2019Inde, Nina obtient le \u00ab\u00a0peut-\u00eatre\u00a0\u00bb tant r\u00eav\u00e9\u2026 Pour le cochon d\u2019Inde, plus raisonnable qu\u2019un Saint-Bernard.<\/p>\n<p>Si la famille ne vit que gr\u00e2ce au salaire de Leonid, chauffeur VTC, elle est toutefois riche de la g\u00e9n\u00e9rosit\u00e9 des Lituaniens, sur laquelle Mariia insiste. \u00ab\u00a0Nous avons \u00e9t\u00e9 t\u00e9moins de tellement de belles choses en Lituanie. Les voisins d\u2019Eugenius nous ont spontan\u00e9ment offert des v\u00eatements, des jouets pour les enfants, de la nourriture\u2026 Nous avions d\u00e9j\u00e0 tout ce qu\u2019il nous fallait mais\u2026 Les Lituaniens sont tellement g\u00e9n\u00e9reux\u00a0\u00bb, souffle-t-elle en \u00e9crasant une larme derri\u00e8re ses lunettes noires. Apr\u00e8s une premi\u00e8re ann\u00e9e pleine d\u2019espoir d\u2019un retour en Ukraine rapide, Mariia s\u2019est r\u00e9sign\u00e9e \u00e0 mettre ses enfants dans des \u00e9coles lituaniennes. \u00ab\u00a0Nous ne voulions pas nous int\u00e9grer. Nous esp\u00e9rions rentrer d\u00e8s que possible, mais notre optimisme s\u2019est us\u00e9 au fil des mois\u00a0\u00bb, t\u00e9moigne-t-elle. Interrog\u00e9e sur l\u2019avenir, la m\u00e8re refuse de \u00ab\u00a0faire des plans\u00a0\u00bb.<\/p>\n<p>Mais lorsqu\u2019elle \u00e9voque son ancien appartement, Mariia s\u2019effondre. Elle essuie ses larmes d\u2019un geste \u00e9l\u00e9gant. \u00ab\u00a0Je crois que, quel que soit l\u2019\u00e2ge de mes enfants<a href=\"https:\/\/www.20minutes.fr\/monde\/ukraine\/4190168-20251208-guerre-ukraine-trump-frustre-attitude-zelensky-vis-vis-plan-paix-americain\" class=\"c-link c-link--is-underlined\" target=\"_blank\" rel=\"noopener\"> lorsqu\u2019ils pourront enfin rentrer chez eux,<\/a> ils chercheront leurs jouets d\u2019enfants. Nina me parle souvent de sa dinette qui l\u2019attend de l\u00e0-bas. C\u2019est comme si notre pass\u00e9 \u00e9tait fig\u00e9 dans le temps. Comme s\u2019il y avait l\u00e0-bas une r\u00e9alit\u00e9 et, ici, une autre.\u00a0\u00bb Comme si cette premi\u00e8re vie avait \u00e9t\u00e9 engloutie par le fracas des bombes.<\/p>\n","protected":false},"excerpt":{"rendered":"De notre envoy\u00e9e sp\u00e9ciale \u00e0 Vilnius (Lituanie), Mariia Mazhuha se racle doucement la gorge et laisse ses yeux&hellip;\n","protected":false},"author":2,"featured_media":587821,"comment_status":"","ping_status":"","sticky":false,"template":"","format":"standard","meta":{"footnotes":""},"categories":[1590],"tags":[47,11,1777,674,131,2050,74,12,2495,132,220],"class_list":{"0":"post-587820","1":"post","2":"type-post","3":"status-publish","4":"format-standard","5":"has-post-thumbnail","7":"category-ukraine","8":"tag-actualite","9":"tag-actualites","10":"tag-eu","11":"tag-europe","12":"tag-guerre-en-ukraine","13":"tag-lituanie","14":"tag-monde","15":"tag-news","16":"tag-refugies","17":"tag-russie","18":"tag-ukraine"},"share_on_mastodon":{"url":"https:\/\/pubeurope.com\/@fr\/115687907461197925","error":""},"_links":{"self":[{"href":"https:\/\/www.europesays.com\/fr\/wp-json\/wp\/v2\/posts\/587820","targetHints":{"allow":["GET"]}}],"collection":[{"href":"https:\/\/www.europesays.com\/fr\/wp-json\/wp\/v2\/posts"}],"about":[{"href":"https:\/\/www.europesays.com\/fr\/wp-json\/wp\/v2\/types\/post"}],"author":[{"embeddable":true,"href":"https:\/\/www.europesays.com\/fr\/wp-json\/wp\/v2\/users\/2"}],"replies":[{"embeddable":true,"href":"https:\/\/www.europesays.com\/fr\/wp-json\/wp\/v2\/comments?post=587820"}],"version-history":[{"count":0,"href":"https:\/\/www.europesays.com\/fr\/wp-json\/wp\/v2\/posts\/587820\/revisions"}],"wp:featuredmedia":[{"embeddable":true,"href":"https:\/\/www.europesays.com\/fr\/wp-json\/wp\/v2\/media\/587821"}],"wp:attachment":[{"href":"https:\/\/www.europesays.com\/fr\/wp-json\/wp\/v2\/media?parent=587820"}],"wp:term":[{"taxonomy":"category","embeddable":true,"href":"https:\/\/www.europesays.com\/fr\/wp-json\/wp\/v2\/categories?post=587820"},{"taxonomy":"post_tag","embeddable":true,"href":"https:\/\/www.europesays.com\/fr\/wp-json\/wp\/v2\/tags?post=587820"}],"curies":[{"name":"wp","href":"https:\/\/api.w.org\/{rel}","templated":true}]}}