{"id":587822,"date":"2025-12-09T05:15:20","date_gmt":"2025-12-09T05:15:20","guid":{"rendered":"https:\/\/www.europesays.com\/fr\/587822\/"},"modified":"2025-12-09T05:15:20","modified_gmt":"2025-12-09T05:15:20","slug":"les-usa-inquiets-pour-leurs-investissements-en-afrique-de-louest-a-cause-de-linsecurite-dans-les-pays-de-la-region","status":"publish","type":"post","link":"https:\/\/www.europesays.com\/fr\/587822\/","title":{"rendered":"Les USA inquiets pour leurs investissements en Afrique de l\u2019ouest \u00e0 cause de l\u2019ins\u00e9curit\u00e9 dans les pays de la r\u00e9gion"},"content":{"rendered":"\n<p>Le sous-secr\u00e9taire d\u2019\u00c9tat am\u00e9ricain \u00e0 la croissance \u00e9conomique, Jacob Helberg, a affirm\u00e9 que la situation s\u00e9curitaire instable en Afrique de l\u2019Ouest \u00e9tait \u00ab tr\u00e8s pr\u00e9occupante \u00bb pour Washington, qui privil\u00e9gie d\u00e9sormais le commerce plut\u00f4t que l\u2019aide au d\u00e9veloppement.<\/p>\n<p>Depuis Abidjan, o\u00f9 il se rend pour repr\u00e9senter le pr\u00e9sident Donald Trump lors de la c\u00e9r\u00e9monie d\u2019investiture du pr\u00e9sident Alassane Ouattara lundi, Helberg a soulign\u00e9 que les d\u00e9fis s\u00e9curitaires dans la r\u00e9gion du Sahel figuraient parmi les principales pr\u00e9occupations de l\u2019administration am\u00e9ricaine.<\/p>\n<p>Il a d\u00e9clar\u00e9 que \u00ab les besoins en mati\u00e8re de s\u00e9curit\u00e9 dans la r\u00e9gion constituent une source de pr\u00e9occupation majeure \u00bb, soulignant que ces questions ont des r\u00e9percussions directes sur la s\u00e9curit\u00e9 \u00e9conomique et la stabilit\u00e9 des investissements dans la r\u00e9gion.<\/p>\n<p>Dans le contexte du renforcement par Washington de ses partenariats \u00e9conomiques sur le continent, en particulier avec la C\u00f4te d\u2019Ivoire, le responsable am\u00e9ricain a soulign\u00e9 que la stabilit\u00e9 \u00e9tait une condition pr\u00e9alable \u00e0 tout investissement am\u00e9ricain.<\/p>\n<p>\u00ab Si les Am\u00e9ricains ont l\u2019intention de prendre le risque d\u2019investir, cet investissement doit \u00eatre fiable et s\u00fbr \u00bb, a-t-il ajout\u00e9.<\/p>\n<p>Depuis le d\u00e9but de son deuxi\u00e8me mandat, Trump a annonc\u00e9 que son administration se concentrerait sur le commerce plut\u00f4t que sur l\u2019aide en Afrique.<\/p>\n<p>Ces derni\u00e8res semaines, plusieurs hauts responsables am\u00e9ricains se sont rendus \u00e0 Bamako, Ouagadougou et Niamey, gouvern\u00e9es par des r\u00e9gimes militaires, pour pr\u00e9senter la \u00ab solution am\u00e9ricaine \u00bb \u00e0 la lutte contre le \u00ab terrorisme \u00bb et \u00e0 la promotion des investissements priv\u00e9s am\u00e9ricains.<\/p>\n<p>Le sous-secr\u00e9taire d\u2019\u00c9tat am\u00e9ricain \u00e0 la croissance \u00e9conomique a confirm\u00e9 que les discussions diplomatiques entre Washington, le Mali, le Niger et le Burkina Faso \u00ab se poursuivaient \u00bb, pr\u00e9cisant qu\u2019il serait \u00ab pr\u00e9matur\u00e9 \u00bb de commenter leurs r\u00e9sultats.<\/p>\n<p>Helberg a ajout\u00e9 que \u00ab les probl\u00e8mes de s\u00e9curit\u00e9 dans la r\u00e9gion sont davantage une question r\u00e9gionale qu\u2019une question nationale \u00bb.<\/p>\n<p>\u00a0<\/p>\n","protected":false},"excerpt":{"rendered":"Le sous-secr\u00e9taire d\u2019\u00c9tat am\u00e9ricain \u00e0 la croissance \u00e9conomique, Jacob Helberg, a affirm\u00e9 que la situation s\u00e9curitaire instable en&hellip;\n","protected":false},"author":2,"featured_media":587823,"comment_status":"","ping_status":"","sticky":false,"template":"","format":"standard","meta":{"footnotes":""},"categories":[1589],"tags":[11,73,1866,12,1864,1865,1863,308],"class_list":{"0":"post-587822","1":"post","2":"type-post","3":"status-publish","4":"format-standard","5":"has-post-thumbnail","7":"category-etats-unis","8":"tag-actualites","9":"tag-etats-unis","10":"tag-etats-unis-damerique","11":"tag-news","12":"tag-united-states","13":"tag-united-states-of-america","14":"tag-us","15":"tag-usa"},"share_on_mastodon":{"url":"https:\/\/pubeurope.com\/@fr\/115687910551852007","error":""},"_links":{"self":[{"href":"https:\/\/www.europesays.com\/fr\/wp-json\/wp\/v2\/posts\/587822","targetHints":{"allow":["GET"]}}],"collection":[{"href":"https:\/\/www.europesays.com\/fr\/wp-json\/wp\/v2\/posts"}],"about":[{"href":"https:\/\/www.europesays.com\/fr\/wp-json\/wp\/v2\/types\/post"}],"author":[{"embeddable":true,"href":"https:\/\/www.europesays.com\/fr\/wp-json\/wp\/v2\/users\/2"}],"replies":[{"embeddable":true,"href":"https:\/\/www.europesays.com\/fr\/wp-json\/wp\/v2\/comments?post=587822"}],"version-history":[{"count":0,"href":"https:\/\/www.europesays.com\/fr\/wp-json\/wp\/v2\/posts\/587822\/revisions"}],"wp:featuredmedia":[{"embeddable":true,"href":"https:\/\/www.europesays.com\/fr\/wp-json\/wp\/v2\/media\/587823"}],"wp:attachment":[{"href":"https:\/\/www.europesays.com\/fr\/wp-json\/wp\/v2\/media?parent=587822"}],"wp:term":[{"taxonomy":"category","embeddable":true,"href":"https:\/\/www.europesays.com\/fr\/wp-json\/wp\/v2\/categories?post=587822"},{"taxonomy":"post_tag","embeddable":true,"href":"https:\/\/www.europesays.com\/fr\/wp-json\/wp\/v2\/tags?post=587822"}],"curies":[{"name":"wp","href":"https:\/\/api.w.org\/{rel}","templated":true}]}}