{"id":587825,"date":"2025-12-09T05:17:13","date_gmt":"2025-12-09T05:17:13","guid":{"rendered":"https:\/\/www.europesays.com\/fr\/587825\/"},"modified":"2025-12-09T05:17:13","modified_gmt":"2025-12-09T05:17:13","slug":"pour-une-perspective-socialiste-contre-la-reintroduction-de-la-conscription-en-allemagne-2","status":"publish","type":"post","link":"https:\/\/www.europesays.com\/fr\/587825\/","title":{"rendered":"Pour une perspective socialiste contre la r\u00e9introduction de la conscription en Allemagne"},"content":{"rendered":"<p>Cette d\u00e9claration a \u00e9t\u00e9 diffus\u00e9e lors de manifestations et de rassemblements tenus \u00e0 travers l&rsquo;Allemagne le 5 d\u00e9cembre contre la r\u00e9introduction de la conscription.<\/p>\n<p><img decoding=\"async\" class=\"db relative center\" loading=\"lazy\" src=\"https:\/\/www.europesays.com\/fr\/wp-content\/uploads\/2025\/12\/d0c3c437-6489-4139-aaa8-287bddef4ce8\" style=\"max-height:100%\"\/>\u00ab Pas de chair \u00e0 canon pour le profit des riches ! \u00bb [AP Photo\/Daniel Cole]<\/p>\n<p>La gr\u00e8ve scolaire d&rsquo;aujourd&rsquo;hui contre le r\u00e9tablissement du service militaire obligatoire, \u00e0 laquelle participent des milliers d&rsquo;\u00e9l\u00e8ves et d&rsquo;\u00e9tudiants \u00e0 travers l&rsquo;Allemagne, constitue une \u00e9tape importante dans la construction d&rsquo;un mouvement contre la militarisation et la guerre. Cependant, les organisateurs mettent tout en \u0153uvre pour exclure du d\u00e9bat public la question centrale \u2013 le r\u00e9armement massif et les pr\u00e9paratifs de guerre du gouvernement f\u00e9d\u00e9ral \u2013 et pour limiter les manifestations aux revendications les plus \u00e9troites et les plus imm\u00e9diates. Ils sont m\u00eame pr\u00eats \u00e0 collaborer avec les forces militaristes au sein de l&rsquo;\u00c9tat et de l&rsquo;arm\u00e9e si celles-ci font des d\u00e9clarations verbales contre le r\u00e9tablissement du service militaire obligatoire.<\/p>\n<p>Rien ne peut \u00eatre gagn\u00e9 sur cette base. Si la classe dirigeante allemande se r\u00e9arme \u00e0 une \u00e9chelle jamais vue depuis Hitler, soutient le g\u00e9nocide horrifiant de Gaza et se pr\u00e9pare \u00e0 nouveau ouvertement \u00e0 la guerre contre la Russie, la conscription sera r\u00e9tablie. La coalition au pouvoir des D\u00e9mocrates-chr\u00e9tiens (CDU\/CSU) et du Parti social-d\u00e9mocrate (SPD) le pr\u00e9cise clairement dans son projet de loi sur le \u00abNouveau Service militaire\u00bb. Elle pr\u00e9voit explicitement l&rsquo;enregistrement obligatoire, la visite m\u00e9dicale obligatoire et, d\u00e8s que le nombre de \u00abvolontaires\u00bb sera insuffisant, la mobilisation obligatoire pour atteindre les objectifs d\u2019effectifs de l&rsquo;arm\u00e9e.<\/p>\n<p>La lutte contre la conscription exige donc une lutte contre la guerre et le militarisme et contre leur cause profonde: le capitalisme. Nous appelons tous les participants \u00e0 la gr\u00e8ve \u00e0 lire et diffuser cet appel et \u00e0 prendre une part active \u00e0 la construction d&rsquo;un mouvement international socialiste contre la guerre.<\/p>\n<p>Nous disons non \u00e0 la conscription, sous quelle forme et \u00e0 quel moment qu&rsquo;elle soit pr\u00e9vue. Nous refusons de servir de chair \u00e0 canon pour les profits des riches !<\/p>\n<p>Le retour de la conscription fait partie de la militarisation de la soci\u00e9t\u00e9 dans son ensemble. Quatre-vingts ans apr\u00e8s la Seconde Guerre mondiale, le gouvernement allemand se pr\u00e9pare \u00e0 nouveau \u00e0 faire marcher toute une g\u00e9n\u00e9ration vers les casernes et les tranch\u00e9es pour sacrifier de jeunes vies au profit des int\u00e9r\u00eats \u00e9conomiques de la classe dirigeante. La coalition CDU\/SPD fait avancer le r\u00e9armement de la Bundeswehr \u00e0 une vitesse fulgurante.<\/p>\n<p>La Bundeswehr va devenir la plus grande arm\u00e9e de terre conventionnelle d&rsquo;Europe. Le gouvernement pr\u00e9voit d&rsquo;augmenter ses effectifs d&rsquo;environ 80\u00a0000 soldats et de constituer une r\u00e9serve de plusieurs centaines de milliers d&rsquo;hommes suppl\u00e9mentaires. La nouvelle loi sur le service militaire \u00e9tablit le cadre juridique de ce renforcement massif, par le biais de la conscription obligatoire et des appels sous les drapeaux. Les d\u00e9penses militaires allemandes ont d\u00e9j\u00e0 atteint des niveaux records et seront encore plus \u00e9lev\u00e9es avec la r\u00e9forme du service militaire afin de financer l&rsquo;extension pr\u00e9vue des effectifs et de l&rsquo;armement.<\/p>\n<p>Cela n&rsquo;a rien \u00e0 voir avec la \u00abl\u00e9gitime d\u00e9fense\u00bb. L&rsquo;invasion r\u00e9actionnaire de l&rsquo;Ukraine par la Russie ne change rien au fait que les puissances imp\u00e9rialistes ont syst\u00e9matiquement pr\u00e9par\u00e9 cette guerre pendant des ann\u00e9es. Depuis la dissolution de l&rsquo;Union sovi\u00e9tique en 1991, l&rsquo;OTAN, au m\u00e9pris de toutes les assurances donn\u00e9es \u00e0 Moscou, n&rsquo;a cess\u00e9 de repousser ses fronti\u00e8res vers l&rsquo;est et d&rsquo;encercler militairement la Russie. Berlin a jou\u00e9 un r\u00f4le central dans cette offensive.<\/p>\n<p>Avec son programme de r\u00e9armement actuel, le gouvernement allemand renoue avec ses objectifs de guerre historiques de la Premi\u00e8re et de la Seconde Guerre mondiale. Son but d\u00e9clar\u00e9 est que l&rsquo;Allemagne, 80 ans apr\u00e8s la d\u00e9faite catastrophique de la Wehrmacht hitl\u00e9rienne, soit de nouveau capable de remporter une guerre contre la Russie, puissance nucl\u00e9aire. Pour nous, cela signifierait le m\u00eame sort que celui subi par les jeunes d&rsquo;alors, et que subissent aujourd&rsquo;hui les jeunes d&rsquo;Ukraine et de Russie: l\u2019enr\u00f4lement forc\u00e9, les tranch\u00e9es et la mort.<\/p>\n<p>La barbarie \u00e0 laquelle se pr\u00e9pare la classe dirigeante, et le fait que sa politique n&rsquo;a rien \u00e0 voir avec la \u00abd\u00e9mocratie\u00bb ou les \u00abdroits de l&rsquo;homme\u00bb, ont d\u00e9j\u00e0 \u00e9t\u00e9 d\u00e9montr\u00e9s \u00e0 Gaza. Depuis pr\u00e8s de deux ans, le gouvernement allemand participe au g\u00e9nocide qui s&rsquo;y d\u00e9roule, au massacre de dizaines de milliers d&rsquo;enfants et de jeunes. Tout gouvernement qui soutient de tels crimes est \u00e9galement pr\u00eat \u00e0 sacrifier notre g\u00e9n\u00e9ration dans une nouvelle guerre mondiale.<\/p>\n<p>En pr\u00e9vision de cela, les \u00e9coles et les universit\u00e9s sont d\u00e9j\u00e0 en cours de militarisation. Des officiers charg\u00e9s de la jeunesse interviennent dans les salles de classe pour pr\u00e9senter le meurtre pour la patrie comme un \u00abservice rendu \u00e0 la d\u00e9mocratie\u00bb. Les universit\u00e9s et sont transform\u00e9es en centres de recherche et de formation militaristes, tandis que les manifestations contre la guerre et le g\u00e9nocide sur les campus sont brutalement r\u00e9prim\u00e9es par des forces de police lourdement arm\u00e9es.<\/p>\n<p>M\u00eame cela n&rsquo;a pas suffi \u00e0 inoculer aux jeunes le poison du militarisme. Malgr\u00e9 des ann\u00e9es de propagande guerri\u00e8re incessante dans les \u00e9coles et les universit\u00e9s, les sondages d&rsquo;opinion montrent que seuls quelque 16 % des jeunes seraient pr\u00eats \u00e0 prendre les armes pour l&rsquo;Allemagne en cas de guerre. C&rsquo;est pourquoi le service militaire obligatoire doit \u00eatre r\u00e9introduit. Les jeunes doivent \u00eatre soumis \u00e0 la discipline militaire et contraints \u00e0 l&rsquo;ob\u00e9issance afin de briser cette opposition.<\/p>\n<p>Nous ne devons laisser cela se produire. Il faut stopper la guerre et emp\u00eacher la conscription. Nous ne permettrons pas que notre g\u00e9n\u00e9ration soit \u00e0 nouveau sacrifi\u00e9e sur les champs de bataille des riches.<\/p>\n<p>Contre le faux pacifisme<\/p>\n<p>Nous rejetons la conscription non seulement parce que nous ne voulons pas mourir dans les tranch\u00e9es, mais aussi parce que nous ne voulons pas que quiconque meure dans les tranch\u00e9es. Nous nous opposons \u00e0 la conscription parce qu&rsquo;elle s&rsquo;inscrit dans une spirale guerri\u00e8re qui d\u00e9truit toujours plus de vies humaines.<\/p>\n<p>Rien n&rsquo;est plus r\u00e9voltant que la politique des Jeunes Verts et des Jeunes Socialistes (Jusos), l&rsquo;organisation de jeunesse du SPD, qui soutiennent l&rsquo;escalade du conflit et ne s&rsquo;y opposent que lorsque leurs propres vies sont en jeu. Les organisations de jeunesse de tous les partis parlementaires soutiennent le g\u00e9nocide \u00e0 Gaza et militent quotidiennement pour une escalade de la guerre contre la Russie. Elles acceptent que de jeunes Russes et Ukrainiens, ainsi que des enfants palestiniens, soient sacrifi\u00e9s sur l&rsquo;autel du profit, pourvu qu&rsquo;elles ne soient pas elles-m\u00eames envoy\u00e9es \u00e0 l&rsquo;abattoir.<\/p>\n<p>Si la jeunesse allemande doit \u00eatre sacrifi\u00e9e, ces groupes insistent pour que ce ne soient pas eux mais les enfants des classes laborieuses qui aillent \u00abvolontairement\u00bb dans la Bundeswehr, faute d&rsquo;autre voie pour se former ou se construire un avenir. Chaque r\u00e9duction des d\u00e9penses d&rsquo;\u00e9ducation et des d\u00e9penses sociales impos\u00e9e par les partis au pouvoir accro\u00eet la pression sur ces jeunes pour qu&rsquo;ils s&rsquo;engagent \u00abvolontairement\u00bb, tandis que les responsables des Jusos et des Jeunes Verts sont \u00e9pargn\u00e9s.<\/p>\n<p>Nous condamnons ce faux pacifisme des classes moyennes privil\u00e9gi\u00e9es, favorables \u00e0 la guerre tant qu&rsquo;elle ne les touche pas personnellement. Pour nous, abolir la conscription, c&rsquo;est mettre fin \u00e0 l&rsquo;escalade de la guerre.<\/p>\n<p>Nous rejetons \u00e9galement la position d&rsquo;organisations telles que le Parti de gauche, qui s&rsquo;opposent nominalement \u00e0 la conscription mais soutiennent le r\u00e9armement de la Bundeswehr en tant qu pr\u00e9tendue \u00abarm\u00e9e de d\u00e9fense\u00bb. Ce n&rsquo;est pas un hasard si le Parti de gauche a vot\u00e9 au Bundesrat, la chambre haute du parlement, pour les cr\u00e9dits de guerre d&rsquo;un billion d&rsquo;euros, puis a contribu\u00e9 \u00e0 Merz \u00e0 devenir chancelier \u00e0 la t\u00eate du gouvernement allemand le plus \u00e0 droite d&rsquo;apr\u00e8s-guerre.<\/p>\n<p>L&rsquo;escalade de la guerre contre la Russie, le soutien du gouvernement allemand au g\u00e9nocide \u00e0 Gaza et les attaques contre l&rsquo;Iran montrent que le renforcement de la Bundeswehr n&rsquo;a rien \u00e0 voir avec la \u00abd\u00e9fense\u00bb mais qu\u2019elle sert des int\u00e9r\u00eats imp\u00e9rialistes pr\u00e9dateurs.<\/p>\n<p>Cela soul\u00e8ve des questions politiques fondamentales. Quiconque pr\u00e9tend que la Bundeswehr peut \u00eatre r\u00e9arm\u00e9e comme une force purement d\u00e9fensive pr\u00e9tend qu&rsquo;il peut y avoir un capitalisme pacifique. Deux guerres mondiales et le danger imminent d&rsquo;une troisi\u00e8me d\u00e9montrent qu&rsquo;il ne peut y avoir de capitalisme pacifique.<\/p>\n<p>La guerre ne r\u00e9sulte pas de la malveillance de quelques politiciens au sommet de la soci\u00e9t\u00e9, mais des contradictions objectives du capitalisme. La contradiction entre un march\u00e9 mondial et sa division en \u00c9tats-nations rivaux conduit in\u00e9vitablement \u00e0 la lutte pour les march\u00e9s et les mati\u00e8res premi\u00e8res, qui prend la forme de la guerre.<\/p>\n<p>Tant que le capitalisme existera, il y aura la guerre. Une \u00abBundeswehr pacifique\u00bb est donc impossible et une dangereuse illusion.<\/p>\n<p>Une perspective socialiste contre la guerre<\/p>\n<p>De l\u00e0, il faut tirer des conclusions d\u00e9cisives. Une lutte contre la conscription signifie une lutte contre la guerre et contre sa racine \u2014 le syst\u00e8me capitaliste. Nous nous battons par cons\u00e9quent pour la construction d&rsquo;un mouvement ind\u00e9pendant de la classe ouvri\u00e8re, fond\u00e9 sur les principes politiques \u00e9labor\u00e9s par le Comit\u00e9 international de la Quatri\u00e8me Internationale (CIQI) dans sa <a href=\"https:\/\/www.wsws.org\/fr\/articles\/2025\/12\/09\/file:\/\/\/fr\/articles\/2016\/03\/ciqi-m01.html\" target=\"_blank\" rel=\"noopener\">d\u00e9claration<\/a> de 2016 \u00abLe socialisme et la lutte contre la guerre\u00bb :<\/p>\n<ul>\n<li>La lutte contre la guerre doit se baser sur la classe ouvri\u00e8re, la grande force r\u00e9volutionnaire de la soci\u00e9t\u00e9, ralliant \u00e0 elle tous les \u00e9l\u00e9ments progressistes de la population. <\/li>\n<li>Le nouveau mouvement antiguerre doit \u00eatre anticapitaliste et socialiste, car il ne peut y avoir de v\u00e9ritable lutte contre la guerre sans une lutte qui vise \u00e0 mettre fin \u00e0 la dictature du capital financier et au syst\u00e8me \u00e9conomique qui est la cause fondamentale du militarisme et de la guerre. <\/li>\n<\/ul>\n<ul>\n<li>Le nouveau mouvement antiguerre doit donc n\u00e9cessairement garder une pleine et enti\u00e8re ind\u00e9pendance et hostilit\u00e9 envers tous les partis et organisations politiques de la classe capitaliste. <\/li>\n<li>Le nouveau mouvement antiguerre doit surtout \u00eatre international et mobiliser toute la puissance de la classe ouvri\u00e8re dans une lutte mondiale unifi\u00e9e contre l&rsquo;imp\u00e9rialisme. \u00c0 la guerre permanente de la bourgeoisie, il faut opposer la perspective d\u2019une r\u00e9volution permanente par la classe ouvri\u00e8re, dont le but strat\u00e9gique est d&rsquo;abolir le syst\u00e8me des \u00c9tats-nations et d&rsquo;\u00e9tablir une f\u00e9d\u00e9ration socialiste mondiale. Cela permettra le d\u00e9veloppement rationnel et planifi\u00e9 des ressources mondiales et, sur cette base, l&rsquo;\u00e9radication de la pauvret\u00e9 et l\u2019essor de la culture humaine vers de nouveaux sommets.<\/li>\n<\/ul>\n<p>Nous appelons tous les jeunes \u00e0 s&rsquo;organiser dans les \u00e9coles, les universit\u00e9s et les centres de formation contre le r\u00e9tablissement du service militaire obligatoire. Discutez de cette d\u00e9claration avec vos camarades de classe, vos camarades d&rsquo;\u00e9tudes et vos coll\u00e8gues. Contactez-nous et\u00a0\u00a0<a href=\"https:\/\/www.wsws.org\/en\/special\/pages\/iysse\/about.html\" target=\"_blank\" rel=\"noopener\">rejoignez l&rsquo;IYSSE<\/a>\u00a0(Internationale des Jeunes et Etudiants pour l\u2019\u00e9galit\u00e9 sociale).<\/p>\n","protected":false},"excerpt":{"rendered":"Cette d\u00e9claration a \u00e9t\u00e9 diffus\u00e9e lors de manifestations et de rassemblements tenus \u00e0 travers l&rsquo;Allemagne le 5 d\u00e9cembre&hellip;\n","protected":false},"author":2,"featured_media":587826,"comment_status":"","ping_status":"","sticky":false,"template":"","format":"standard","meta":{"footnotes":""},"categories":[1587],"tags":[11,672,1804,1805,1803,1777,674,1801,12,1802],"class_list":{"0":"post-587825","1":"post","2":"type-post","3":"status-publish","4":"format-standard","5":"has-post-thumbnail","7":"category-allemagne","8":"tag-actualites","9":"tag-allemagne","10":"tag-bundesrepublik-deutschland","11":"tag-de","12":"tag-deutschland","13":"tag-eu","14":"tag-europe","15":"tag-germany","16":"tag-news","17":"tag-republique-federale-dallemagne"},"share_on_mastodon":{"url":"https:\/\/pubeurope.com\/@fr\/115687919044865421","error":""},"_links":{"self":[{"href":"https:\/\/www.europesays.com\/fr\/wp-json\/wp\/v2\/posts\/587825","targetHints":{"allow":["GET"]}}],"collection":[{"href":"https:\/\/www.europesays.com\/fr\/wp-json\/wp\/v2\/posts"}],"about":[{"href":"https:\/\/www.europesays.com\/fr\/wp-json\/wp\/v2\/types\/post"}],"author":[{"embeddable":true,"href":"https:\/\/www.europesays.com\/fr\/wp-json\/wp\/v2\/users\/2"}],"replies":[{"embeddable":true,"href":"https:\/\/www.europesays.com\/fr\/wp-json\/wp\/v2\/comments?post=587825"}],"version-history":[{"count":0,"href":"https:\/\/www.europesays.com\/fr\/wp-json\/wp\/v2\/posts\/587825\/revisions"}],"wp:featuredmedia":[{"embeddable":true,"href":"https:\/\/www.europesays.com\/fr\/wp-json\/wp\/v2\/media\/587826"}],"wp:attachment":[{"href":"https:\/\/www.europesays.com\/fr\/wp-json\/wp\/v2\/media?parent=587825"}],"wp:term":[{"taxonomy":"category","embeddable":true,"href":"https:\/\/www.europesays.com\/fr\/wp-json\/wp\/v2\/categories?post=587825"},{"taxonomy":"post_tag","embeddable":true,"href":"https:\/\/www.europesays.com\/fr\/wp-json\/wp\/v2\/tags?post=587825"}],"curies":[{"name":"wp","href":"https:\/\/api.w.org\/{rel}","templated":true}]}}